{"id":3813541,"date":"2014-05-12T06:30:13","date_gmt":"2014-05-12T06:30:13","guid":{"rendered":"https:\/\/www.upo.es\/diario\/?p=3813541"},"modified":"2014-05-12T11:42:33","modified_gmt":"2014-05-12T11:42:33","slug":"la-universidad-pablo-de-olavide-participa-la-proxima-semana-en-la-12a-feria-de-la-ciencia","status":"publish","type":"post","link":"https:\/\/www.upo.es\/diario\/institucional\/2014\/05\/la-universidad-pablo-de-olavide-participa-la-proxima-semana-en-la-12a-feria-de-la-ciencia\/","title":{"rendered":"La Universidad Pablo de Olavide participa esta semana en la 12\u00aa Feria de la Ciencia"},"content":{"rendered":"<p><a href=\"https:\/\/www.upo.es\/diario\/wp-content\/uploads\/2014\/05\/feria-ciencia-upo.png\"><img loading=\"lazy\" decoding=\"async\" class=\"alignright size-medium wp-image-3813544\" alt=\"La UPO en la 12\u00aa Feria de la Ciencia\" src=\"https:\/\/www.upo.es\/diario\/wp-content\/uploads\/2014\/05\/feria-ciencia-upo-320x240.png\" width=\"320\" height=\"240\" srcset=\"https:\/\/www.upo.es\/diario\/wp-content\/uploads\/2014\/05\/feria-ciencia-upo-320x240.png 320w, https:\/\/www.upo.es\/diario\/wp-content\/uploads\/2014\/05\/feria-ciencia-upo-600x450.png 600w, https:\/\/www.upo.es\/diario\/wp-content\/uploads\/2014\/05\/feria-ciencia-upo.png 634w\" sizes=\"auto, (max-width: 320px) 100vw, 320px\" \/><\/a>La Universidad Pablo de Olavide estar\u00e1 presente en la <a href=\"http:\/\/feriadelaciencia.wordpress.com\/\">12\u00aa Feria de la Ciencia<\/a> que se celebrar\u00e1 <strong>en el Palacio de Exposiciones y Congresos de Sevilla (FIBES) los d\u00edas 15, 16 y 17 de mayo<\/strong>. Con el lema \u2018M\u00e1s ciencia, m\u00e1s educaci\u00f3n, m\u00e1s futuro\u2019, este evento ha sido organizado por la Sociedad Andaluza para la Divulgaci\u00f3n de la Ciencia y la Fundaci\u00f3n Descubre.<\/p>\n<p>La Feria de la Ciencia es un espacio concebido para que los divulgadores de los conocimientos y m\u00e9todos cient\u00edficos sean sus propios actores. As\u00ed, por parte de la UPO acudir\u00e1n investigadores, profesores y estudiantes de la <strong>Facultad de Ciencias Experimentales<\/strong>, de la <strong>Facultad del Deporte<\/strong>, del\u00a0 <strong>Centro Andaluz de Biolog\u00eda del Desarrollo (CABD)<\/strong> y miembros de la <strong>Asociaci\u00f3n de Biotecn\u00f3logos de Andaluc\u00eda (ASBAN)<\/strong>, quienes dar\u00e1n a conocer sus investigaciones y mostrar\u00e1n c\u00f3mo la ciencia est\u00e1 presente en muchos \u00e1mbitos de nuestra vida a trav\u00e9s de talleres, experimentos, demostraciones cient\u00edficas, exposici\u00f3n de p\u00f3steres, etc. Tambi\u00e9n los asistentes tendr\u00e1n la oportunidad de recibir de primera mano informaci\u00f3n sobre c\u00f3mo acceder a una carrera cient\u00edfica.<\/p>\n<p>Est\u00e1 previsto que participen en esta 12\u00aa edici\u00f3n m\u00e1s de 120 entidades entre empresas, centros educativos, centros de investigaci\u00f3n, universidades, asociaciones e instituciones que expondr\u00e1n sus proyectos de divulgaci\u00f3n cient\u00edfica y tecnol\u00f3gica a los visitantes de la Feria.<\/p>\n<p>&gt;\u00a0<a href=\"http:\/\/www.upo.es\/upo_opencms\/export\/sites\/upo\/Galerias\/Descargas\/InfoEstudiantes\/UPO_FERIA-DE-LA-CIENCIA_Programa.pdf\">La UPO en la 12\u00aa Feria de la Ciencia \u2013 Programaci\u00f3n (pdf)<\/a><\/p>\n<p>&nbsp;<\/p>\n<p><b>HORARIO DE LA FERIA: <\/b><\/p>\n<p>10 a 19 horas (jueves 15 y viernes 16). Entrada hasta las 18:30 horas.<br \/>\n11 a 20 horas (s\u00e1bado 17). Entrada hasta las 19:30 horas.<\/p>\n<p>Lugar de Celebraci\u00f3n: Palacio de Exposiciones y Congresos de Sevilla (FIBES).<br \/>\nAlcalde Luis Uru\u00f1uela, 1. \u00a041020 Sevilla.<\/p>\n<p>&nbsp;<\/p>\n<p>Fuente: <a href=\"http:\/\/www.upo.es\/otri\">Oficina de Transferencia de Resultados de Investigaci\u00f3n &#8211; OTRI<\/a><\/p>\n","protected":false},"excerpt":{"rendered":"<p>La Universidad Pablo de Olavide estar\u00e1 presente en la 12\u00aa Feria de la Ciencia que se celebrar\u00e1 en el Palacio de Exposiciones y Congresos de Sevilla (FIBES) los d\u00edas 15, 16 y 17 de mayo. Bajo el lema \u2018M\u00e1s ciencia, m\u00e1s educaci\u00f3n, m\u00e1s futuro\u2019,  acudir\u00e1n investigadores, profesores y estudiantes de la Facultad de Ciencias Experimentales, de la Facultad del Deporte, del  Centro Andaluz de Biolog\u00eda del Desarrollo (CABD) y miembros de la Asociaci\u00f3n de Biotecn\u00f3logos de Andaluc\u00eda (ASBAN).<\/p>\n","protected":false},"author":6,"featured_media":0,"comment_status":"closed","ping_status":"open","sticky":false,"template":"","format":"standard","meta":{"_monsterinsights_skip_tracking":false,"_monsterinsights_sitenote_active":false,"_monsterinsights_sitenote_note":"","_monsterinsights_sitenote_category":0,"footnotes":""},"categories":[6],"tags":[123,43,5833,970,122,379,1042,47,734,83],"class_list":["post-3813541","post","type-post","status-publish","format-standard","hentry","category-institucional","tag-asban","tag-cabd","tag-ciencia","tag-divulgacion","tag-facultad-ciencias-experimentales","tag-facultad-del-deporte","tag-feria","tag-fundaciones","tag-investigadores","tag-otri"],"_links":{"self":[{"href":"https:\/\/www.upo.es\/diario\/wp-json\/wp\/v2\/posts\/3813541","targetHints":{"allow":["GET"]}}],"collection":[{"href":"https:\/\/www.upo.es\/diario\/wp-json\/wp\/v2\/posts"}],"about":[{"href":"https:\/\/www.upo.es\/diario\/wp-json\/wp\/v2\/types\/post"}],"author":[{"embeddable":true,"href":"https:\/\/www.upo.es\/diario\/wp-json\/wp\/v2\/users\/6"}],"replies":[{"embeddable":true,"href":"https:\/\/www.upo.es\/diario\/wp-json\/wp\/v2\/comments?post=3813541"}],"version-history":[{"count":6,"href":"https:\/\/www.upo.es\/diario\/wp-json\/wp\/v2\/posts\/3813541\/revisions"}],"predecessor-version":[{"id":3813545,"href":"https:\/\/www.upo.es\/diario\/wp-json\/wp\/v2\/posts\/3813541\/revisions\/3813545"}],"wp:attachment":[{"href":"https:\/\/www.upo.es\/diario\/wp-json\/wp\/v2\/media?parent=3813541"}],"wp:term":[{"taxonomy":"category","embeddable":true,"href":"https:\/\/www.upo.es\/diario\/wp-json\/wp\/v2\/categories?post=3813541"},{"taxonomy":"post_tag","embeddable":true,"href":"https:\/\/www.upo.es\/diario\/wp-json\/wp\/v2\/tags?post=3813541"}],"curies":[{"name":"wp","href":"https:\/\/api.w.org\/{rel}","templated":true}]}}