{"id":3826983,"date":"2014-05-09T12:00:46","date_gmt":"2014-05-09T12:00:46","guid":{"rendered":"https:\/\/www.upo.es\/diario\/?p=3826983"},"modified":"2014-05-12T06:34:43","modified_gmt":"2014-05-12T06:34:43","slug":"la-biblioteca-de-la-upo-amplia-su-horario-de-apertura-para-facilitar-a-los-estudiantes-la-preparacion-de-los-examenes-3","status":"publish","type":"post","link":"https:\/\/www.upo.es\/diario\/institucional\/2014\/05\/la-biblioteca-de-la-upo-amplia-su-horario-de-apertura-para-facilitar-a-los-estudiantes-la-preparacion-de-los-examenes-3\/","title":{"rendered":"La Biblioteca de la UPO ampl\u00eda su horario de apertura para facilitar a los estudiantes la preparaci\u00f3n de los ex\u00e1menes"},"content":{"rendered":"<figure id=\"attachment_3826984\" aria-describedby=\"caption-attachment-3826984\" style=\"width: 320px\" class=\"wp-caption alignright\"><a href=\"https:\/\/www.upo.es\/diario\/wp-content\/uploads\/2014\/05\/biblioteca3.jpg\"><img loading=\"lazy\" decoding=\"async\" class=\"size-medium wp-image-3826984\" alt=\"estudiantes en la Biblioteca de la UPO\" src=\"https:\/\/www.upo.es\/diario\/wp-content\/uploads\/2014\/05\/biblioteca3-320x195.jpg\" width=\"320\" height=\"195\" srcset=\"https:\/\/www.upo.es\/diario\/wp-content\/uploads\/2014\/05\/biblioteca3-320x195.jpg 320w, https:\/\/www.upo.es\/diario\/wp-content\/uploads\/2014\/05\/biblioteca3-1024x625.jpg 1024w, https:\/\/www.upo.es\/diario\/wp-content\/uploads\/2014\/05\/biblioteca3-600x366.jpg 600w, https:\/\/www.upo.es\/diario\/wp-content\/uploads\/2014\/05\/biblioteca3.jpg 1952w\" sizes=\"auto, (max-width: 320px) 100vw, 320px\" \/><\/a><figcaption id=\"caption-attachment-3826984\" class=\"wp-caption-text\">La Biblioteca ampl\u00eda su horario de cara a los ex\u00e1menes<\/figcaption><\/figure>\n<p>Desde este lunes, 12 de mayo, <strong>hasta el 7 de julio<\/strong>,la Biblioteca de la Universidad Pablo de Olavide ampliar\u00e1 su horario de apertura para facilitar a los estudiantes la preparaci\u00f3n de los ex\u00e1menes. As\u00ed, el nuevo periodo de apertura extraordinaria tendr\u00e1 horario de 8.30 a 24 horas, incluidos fines de semana y festivos. Las aulas de inform\u00e1tica y salas de trabajo en grupo permanecer\u00e1n cerradas a partir de las 21 horas los d\u00edas laborales as\u00ed como los fines de semana y festivos.<\/p>\n<p><b>SALA NOCTURNA<\/b><\/p>\n<p>La UPO tambi\u00e9n ha habilitado el <strong>aula 3 del edificio 16<\/strong> como sala nocturna, que podr\u00e1 utilizarse durante todo el curso de lunes a viernes desde las 10 de la noche a las 8 de la ma\u00f1ana. Esta misma sala permanecer\u00e1 abierta durante todo el d\u00eda los s\u00e1bados, domingos y festivos. Si esta sala est\u00e1 cerrada, el interesado podr\u00e1 solicitar su apertura en el Centro de Control, situado junto a la estaci\u00f3n de metro. El solicitante deber\u00e1 identificarse como miembro de la comunidad universitaria.<\/p>\n<p>Con la apertura de estos espacios, la Universidad Pablo de Olavide facilita a sus estudiantes la preparaci\u00f3n de los ex\u00e1menes, que se celebrar\u00e1n durante el mes de junio de 2014.<\/p>\n","protected":false},"excerpt":{"rendered":"<p>Hasta el 7 de julio, la Biblioteca de la Universidad Pablo de Olavide ampliar\u00e1 su horario de apertura para facilitar a los estudiantes la preparaci\u00f3n de los ex\u00e1menes. La UPO tambi\u00e9n ha habilitado el aula 3 del edificio 16 como sala nocturna.<\/p>\n","protected":false},"author":6,"featured_media":0,"comment_status":"closed","ping_status":"open","sticky":false,"template":"","format":"standard","meta":{"_monsterinsights_skip_tracking":false,"_monsterinsights_sitenote_active":false,"_monsterinsights_sitenote_note":"","_monsterinsights_sitenote_category":0,"footnotes":""},"categories":[6],"tags":[125,21,127],"class_list":["post-3826983","post","type-post","status-publish","format-standard","hentry","category-institucional","tag-biblioteca","tag-estudiantes","tag-examenes"],"_links":{"self":[{"href":"https:\/\/www.upo.es\/diario\/wp-json\/wp\/v2\/posts\/3826983","targetHints":{"allow":["GET"]}}],"collection":[{"href":"https:\/\/www.upo.es\/diario\/wp-json\/wp\/v2\/posts"}],"about":[{"href":"https:\/\/www.upo.es\/diario\/wp-json\/wp\/v2\/types\/post"}],"author":[{"embeddable":true,"href":"https:\/\/www.upo.es\/diario\/wp-json\/wp\/v2\/users\/6"}],"replies":[{"embeddable":true,"href":"https:\/\/www.upo.es\/diario\/wp-json\/wp\/v2\/comments?post=3826983"}],"version-history":[{"count":3,"href":"https:\/\/www.upo.es\/diario\/wp-json\/wp\/v2\/posts\/3826983\/revisions"}],"predecessor-version":[{"id":3862913,"href":"https:\/\/www.upo.es\/diario\/wp-json\/wp\/v2\/posts\/3826983\/revisions\/3862913"}],"wp:attachment":[{"href":"https:\/\/www.upo.es\/diario\/wp-json\/wp\/v2\/media?parent=3826983"}],"wp:term":[{"taxonomy":"category","embeddable":true,"href":"https:\/\/www.upo.es\/diario\/wp-json\/wp\/v2\/categories?post=3826983"},{"taxonomy":"post_tag","embeddable":true,"href":"https:\/\/www.upo.es\/diario\/wp-json\/wp\/v2\/tags?post=3826983"}],"curies":[{"name":"wp","href":"https:\/\/api.w.org\/{rel}","templated":true}]}}