{"id":3879090,"date":"2014-05-13T00:05:40","date_gmt":"2014-05-13T00:05:40","guid":{"rendered":"https:\/\/www.upo.es\/diario\/?p=3879090"},"modified":"2014-05-14T14:02:12","modified_gmt":"2014-05-14T14:02:12","slug":"manana-sesion-del-club-de-lectura-arturo-barea-de-la-upo-para-comentar-la-obra-del-autor-petros-markaris","status":"publish","type":"post","link":"https:\/\/www.upo.es\/diario\/institucional\/2014\/05\/manana-sesion-del-club-de-lectura-arturo-barea-de-la-upo-para-comentar-la-obra-del-autor-petros-markaris\/","title":{"rendered":"Ma\u00f1ana, sesi\u00f3n del Club de Lectura \u201cArturo Barea\u201d de la UPO para comentar la obra del autor Petros Markaris"},"content":{"rendered":"<figure id=\"attachment_3879092\" aria-describedby=\"caption-attachment-3879092\" style=\"width: 320px\" class=\"wp-caption alignright\"><a href=\"https:\/\/www.upo.es\/diario\/wp-content\/uploads\/2014\/05\/132_1251763-W1.jpg\"><img loading=\"lazy\" decoding=\"async\" class=\"size-medium wp-image-3879092\" alt=\"El Club de Lectura \u201cArturo Barea\u201d de la Universidad Pablo de Olavide se dar\u00e1 cita ma\u00f1ana, 14 de mayo, a las 18.10 horas, y en una segunda sesi\u00f3n el 28 de marzo a las 13 horas\" src=\"https:\/\/www.upo.es\/diario\/wp-content\/uploads\/2014\/05\/132_1251763-W1-320x242.jpg\" width=\"320\" height=\"242\" srcset=\"https:\/\/www.upo.es\/diario\/wp-content\/uploads\/2014\/05\/132_1251763-W1-320x242.jpg 320w, https:\/\/www.upo.es\/diario\/wp-content\/uploads\/2014\/05\/132_1251763-W1-600x454.jpg 600w, https:\/\/www.upo.es\/diario\/wp-content\/uploads\/2014\/05\/132_1251763-W1.jpg 800w\" sizes=\"auto, (max-width: 320px) 100vw, 320px\" \/><\/a><figcaption id=\"caption-attachment-3879092\" class=\"wp-caption-text\">El Club de Lectura \u201cArturo Barea\u201d de la Universidad Pablo de Olavide se dar\u00e1 cita ma\u00f1ana, 14 de mayo, a las 18.10 horas, y en una segunda sesi\u00f3n el 28 de marzo a las 13 horas<\/figcaption><\/figure>\n<p style=\"text-align: justify;\">El Club de Lectura \u201cArturo Barea\u201d de la Universidad Pablo de Olavide se dar\u00e1 cita ma\u00f1ana, 14 de mayo, a las 18.10 horas, y en una segunda sesi\u00f3n el 28 de marzo a las 13 horas, ambas en el sal\u00f3n del LIPPO (edificio 44), para comentar los tres \u00faltimos libros del escritor griego Petros Markaris.<\/p>\n<p style=\"text-align: justify;\">Ma\u00f1ana el di\u00e1logo versar\u00e1 en torno a los libros \u201cCon el agua al cuello\u201d y \u201cLiquidaci\u00f3n final\u201d, mientras que el 28 de mayo este club de lectura dedicar\u00e1 la sesi\u00f3n a \u201cPan, educaci\u00f3n y libertad\u201d, la \u00faltima novela de Markaris. Esta propuesta nace de la sugerencia de una de los miembros del club durante el curso pasado. El autor griego Petros Markaris escribe novela polic\u00edaca con elementos de cr\u00edtica social.<\/p>\n<p style=\"text-align: justify;\">\n","protected":false},"excerpt":{"rendered":"<p>El Club de Lectura \u201cArturo Barea\u201d de la Universidad Pablo de Olavide se dar\u00e1 cita ma\u00f1ana, 14 de mayo, a las 18.10 horas, y en una segunda sesi\u00f3n el 28 de marzo a las 13 horas, ambas en el sal\u00f3n del LIPPO (edificio 44), para comentar los tres \u00faltimos libros del escritor griego Petros Markaris.<\/p>\n","protected":false},"author":4,"featured_media":0,"comment_status":"closed","ping_status":"open","sticky":false,"template":"","format":"standard","meta":{"_monsterinsights_skip_tracking":false,"_monsterinsights_sitenote_active":false,"_monsterinsights_sitenote_note":"","_monsterinsights_sitenote_category":0,"footnotes":""},"categories":[6],"tags":[1355,1112,256,401],"class_list":["post-3879090","post","type-post","status-publish","format-standard","hentry","category-institucional","tag-club-de-lectura","tag-grecia","tag-lippo","tag-literatura"],"_links":{"self":[{"href":"https:\/\/www.upo.es\/diario\/wp-json\/wp\/v2\/posts\/3879090","targetHints":{"allow":["GET"]}}],"collection":[{"href":"https:\/\/www.upo.es\/diario\/wp-json\/wp\/v2\/posts"}],"about":[{"href":"https:\/\/www.upo.es\/diario\/wp-json\/wp\/v2\/types\/post"}],"author":[{"embeddable":true,"href":"https:\/\/www.upo.es\/diario\/wp-json\/wp\/v2\/users\/4"}],"replies":[{"embeddable":true,"href":"https:\/\/www.upo.es\/diario\/wp-json\/wp\/v2\/comments?post=3879090"}],"version-history":[{"count":6,"href":"https:\/\/www.upo.es\/diario\/wp-json\/wp\/v2\/posts\/3879090\/revisions"}],"predecessor-version":[{"id":3893794,"href":"https:\/\/www.upo.es\/diario\/wp-json\/wp\/v2\/posts\/3879090\/revisions\/3893794"}],"wp:attachment":[{"href":"https:\/\/www.upo.es\/diario\/wp-json\/wp\/v2\/media?parent=3879090"}],"wp:term":[{"taxonomy":"category","embeddable":true,"href":"https:\/\/www.upo.es\/diario\/wp-json\/wp\/v2\/categories?post=3879090"},{"taxonomy":"post_tag","embeddable":true,"href":"https:\/\/www.upo.es\/diario\/wp-json\/wp\/v2\/tags?post=3879090"}],"curies":[{"name":"wp","href":"https:\/\/api.w.org\/{rel}","templated":true}]}}