{"id":3880207,"date":"2014-05-13T13:02:40","date_gmt":"2014-05-13T13:02:40","guid":{"rendered":"https:\/\/www.upo.es\/diario\/?p=3880207"},"modified":"2014-05-13T13:07:03","modified_gmt":"2014-05-13T13:07:03","slug":"la-upo-impartira-talleres-de-busqueda-de-empleo-y-emprendimiento-para-estudiantes-de-grado-y-postgrado","status":"publish","type":"post","link":"https:\/\/www.upo.es\/diario\/institucional\/2014\/05\/la-upo-impartira-talleres-de-busqueda-de-empleo-y-emprendimiento-para-estudiantes-de-grado-y-postgrado\/","title":{"rendered":"La UPO impartir\u00e1 talleres de b\u00fasqueda de empleo y emprendimiento para estudiantes de grado y postgrado"},"content":{"rendered":"<p>La Universidad Pablo de Olavide, a trav\u00e9s del <strong>\u00c1rea de Orientaci\u00f3n Profesional e Inserci\u00f3n Laboral de la Fundaci\u00f3n Universidad-Sociedad<\/strong>, impartir\u00e1 <strong>talleres grupales sobre empleabilidad y emprendimiento para sus estudiantes de grado y postgrad<\/strong>o, con el objetivo de asesorarlos, tanto en la b\u00fasqueda de empleo como en la creaci\u00f3n de empresas y favorecer su futura inserci\u00f3n laboral.<\/p>\n<p>Esta oferta, que se viene desarrollando desde hace meses, tiene programados diez talleres para las pr\u00f3ximas semanas sobre diferentes tem\u00e1ticas de inter\u00e9s para los estudiantes y titulados universitarios. En concreto, ma\u00f1ana mi\u00e9rcoles se celebrar\u00e1 un taller sobre la \u201cIniciativa emprendedora y ayudas a la financiaci\u00f3n\u201d, mientras que el jueves se abordar\u00e1n las \u201cSalidas profesionales en el \u00e1mbito social\u201d.<\/p>\n<p>Por otro lado, el pr\u00f3ximo 22 de mayo se impartir\u00e1 un taller grupal sobre \u201cMovilidad internacional: Becas y pr\u00e1cticas\u201d, mientras que unos d\u00edas m\u00e1s tarde, el jueves 29, se impartir\u00e1 otro sobre \u201cC\u00f3mo afrontar las entrevistas de selecci\u00f3n\u201d. Todos los talleres se imparten en el edificio 45 de la Universidad Pablo de Olavide, con un m\u00e1ximo de 30 plazas.<\/p>\n<p>Durante el mes de junio, se abordar\u00e1 la elaboraci\u00f3n de un plan de empresa, se tratar\u00e1 la b\u00fasqueda activa de empleo y la marca personal, as\u00ed como el emprendimiento con competencias. Asimismo, se impartir\u00e1n talleres sobre redes sociales profesionales, recursos para mejorar el nivel de ingl\u00e9s y se celebrar\u00e1 un seminario sobre planes de desarrollo universitario.<\/p>\n<p>Todos los interesados en participar en estos talleres deben inscribirse enviando un correo electr\u00f3nico a la direcci\u00f3n <a href=\"mailto:orientacionprofesional@fundacion.upo.es\">orientacionprofesional@fundacion.upo.es<\/a> indicando su nombre, apellidos, estudios, tel\u00e9fono y la actividad a la que quieren asistir, o bien, llamando por tel\u00e9fono al 954 34 98 15.<\/p>\n<p>&nbsp;<\/p>\n<p align=\"center\"><strong>Listado de talleres grupales para los meses de mayo y junio<\/strong><\/p>\n<table width=\"95%\" border=\"0\" cellspacing=\"0\" cellpadding=\"0\">\n<tbody>\n<tr>\n<th valign=\"top\" width=\"92\">\n<p align=\"center\"><b>FECHA<\/b><\/p>\n<\/th>\n<th valign=\"top\" width=\"432\">\n<p align=\"center\"><b>NOMBRE DEL TALLER<\/b><\/p>\n<\/th>\n<th valign=\"top\" width=\"118\">\n<p align=\"center\"><b>HORARIO<\/b><\/p>\n<\/th>\n<\/tr>\n<tr>\n<td valign=\"top\" width=\"92\">\n<p align=\"center\">14\/05\/2014<\/p>\n<\/td>\n<td valign=\"top\" width=\"432\">Iniciativa emprendedora y ayudas a la financiaci\u00f3n<\/td>\n<td valign=\"top\" width=\"118\">\n<p align=\"center\">9.30 H \u2013 13.30 H<\/p>\n<\/td>\n<\/tr>\n<tr>\n<td valign=\"top\" width=\"92\">\n<p align=\"center\">15\/05\/2014<\/p>\n<\/td>\n<td valign=\"top\" width=\"432\">Salidas profesionales en el \u00e1mbito social<\/td>\n<td valign=\"top\" width=\"118\">\n<p align=\"center\">9.30 H &#8211; 13.30 H<\/p>\n<\/td>\n<\/tr>\n<tr>\n<td valign=\"top\" width=\"92\">\n<p align=\"center\">22\/05\/2014<\/p>\n<\/td>\n<td valign=\"top\" width=\"432\">Movilidad internacional: Becas y pr\u00e1cticas<\/td>\n<td valign=\"top\" width=\"118\">\n<p align=\"center\">9.30H &#8211; 13.30 H<\/p>\n<\/td>\n<\/tr>\n<tr>\n<td valign=\"top\" width=\"92\">\n<p align=\"center\">29\/05\/2014<\/p>\n<\/td>\n<td valign=\"top\" width=\"432\">C\u00f3mo afrontar entrevistas de selecci\u00f3n<\/td>\n<td valign=\"top\" width=\"118\">\n<p align=\"center\">9.00H &#8211;\u00a0 14.00 H<\/p>\n<\/td>\n<\/tr>\n<tr>\n<td valign=\"top\" width=\"92\">\n<p align=\"center\">04\/06\/2014<\/p>\n<\/td>\n<td valign=\"top\" width=\"432\">C\u00f3mo elaborar un plan de empresa. CADE Alcal\u00e1<\/td>\n<td valign=\"top\" width=\"118\">\n<p align=\"center\">11.00H &#8211; 14.00 H<\/p>\n<\/td>\n<\/tr>\n<tr>\n<td valign=\"top\" width=\"92\">\n<p align=\"center\">10\/06\/2014<\/p>\n<\/td>\n<td valign=\"top\" width=\"432\">B\u00fasqueda activa de empleo y marca personal<\/td>\n<td valign=\"top\" width=\"118\">\n<p align=\"center\">9.30H &#8211; 13.30 H<\/p>\n<\/td>\n<\/tr>\n<tr>\n<td valign=\"top\" width=\"92\">\n<p align=\"center\">17\/06\/2014<\/p>\n<\/td>\n<td valign=\"top\" width=\"432\">Emprender con competencias y marca personal<\/td>\n<td valign=\"top\" width=\"118\">\n<p align=\"center\">09.30 H -13.30 H<\/p>\n<\/td>\n<\/tr>\n<tr>\n<td valign=\"top\" width=\"92\">\n<p align=\"center\">19\/06\/2014<\/p>\n<\/td>\n<td valign=\"top\" width=\"432\">Planes de desarrollo universitario<\/td>\n<td valign=\"top\" width=\"118\">\n<p align=\"center\">9.00H &#8211; 11.00 H<\/p>\n<\/td>\n<\/tr>\n<tr>\n<td valign=\"top\" width=\"92\">\n<p align=\"center\">24\/06\/2014<\/p>\n<\/td>\n<td valign=\"top\" width=\"432\">Redes sociales profesionales para el empleo<\/td>\n<td valign=\"top\" width=\"118\">\n<p align=\"center\">9.30H &#8211; 13.30 H<\/p>\n<\/td>\n<\/tr>\n<tr>\n<td valign=\"top\" width=\"92\">\n<p align=\"center\">26\/06\/2014<\/p>\n<\/td>\n<td valign=\"top\" width=\"432\">Recursos para mejorar tu nivel de ingl\u00e9s<\/td>\n<td valign=\"top\" width=\"118\">\n<p align=\"center\">9.30H &#8211;\u00a0 13.30 H<\/p>\n<\/td>\n<\/tr>\n<\/tbody>\n<\/table>\n","protected":false},"excerpt":{"rendered":"<p>La Universidad Pablo de Olavide, a trav\u00e9s del \u00c1rea de Orientaci\u00f3n Profesional e Inserci\u00f3n Laboral de la Fundaci\u00f3n Universidad-Sociedad, impartir\u00e1 talleres grupales sobre empleabilidad y emprendimiento para sus estudiantes de grado y postgrado, con el objetivo de asesorarlos, tanto en la b\u00fasqueda de empleo como en la creaci\u00f3n de empresas y favorecer su futura inserci\u00f3n laboral.<\/p>\n","protected":false},"author":6,"featured_media":0,"comment_status":"closed","ping_status":"open","sticky":false,"template":"","format":"standard","meta":{"_monsterinsights_skip_tracking":false,"_monsterinsights_sitenote_active":false,"_monsterinsights_sitenote_note":"","_monsterinsights_sitenote_category":0,"footnotes":""},"categories":[6],"tags":[688,438,80,1107,47,549],"class_list":["post-3880207","post","type-post","status-publish","format-standard","hentry","category-institucional","tag-creacion-de-empleo","tag-empleo","tag-emprendedores","tag-fundacion-universidad-sociedad","tag-fundaciones","tag-talleres"],"_links":{"self":[{"href":"https:\/\/www.upo.es\/diario\/wp-json\/wp\/v2\/posts\/3880207","targetHints":{"allow":["GET"]}}],"collection":[{"href":"https:\/\/www.upo.es\/diario\/wp-json\/wp\/v2\/posts"}],"about":[{"href":"https:\/\/www.upo.es\/diario\/wp-json\/wp\/v2\/types\/post"}],"author":[{"embeddable":true,"href":"https:\/\/www.upo.es\/diario\/wp-json\/wp\/v2\/users\/6"}],"replies":[{"embeddable":true,"href":"https:\/\/www.upo.es\/diario\/wp-json\/wp\/v2\/comments?post=3880207"}],"version-history":[{"count":3,"href":"https:\/\/www.upo.es\/diario\/wp-json\/wp\/v2\/posts\/3880207\/revisions"}],"predecessor-version":[{"id":3880209,"href":"https:\/\/www.upo.es\/diario\/wp-json\/wp\/v2\/posts\/3880207\/revisions\/3880209"}],"wp:attachment":[{"href":"https:\/\/www.upo.es\/diario\/wp-json\/wp\/v2\/media?parent=3880207"}],"wp:term":[{"taxonomy":"category","embeddable":true,"href":"https:\/\/www.upo.es\/diario\/wp-json\/wp\/v2\/categories?post=3880207"},{"taxonomy":"post_tag","embeddable":true,"href":"https:\/\/www.upo.es\/diario\/wp-json\/wp\/v2\/tags?post=3880207"}],"curies":[{"name":"wp","href":"https:\/\/api.w.org\/{rel}","templated":true}]}}