{"id":3891571,"date":"2014-05-15T06:37:59","date_gmt":"2014-05-15T06:37:59","guid":{"rendered":"https:\/\/www.upo.es\/diario\/?p=3891571"},"modified":"2014-05-15T07:19:25","modified_gmt":"2014-05-15T07:19:25","slug":"manana-se-celebra-el-i-seminario-de-derecho-privado-comparado-en-la-upo","status":"publish","type":"post","link":"https:\/\/www.upo.es\/diario\/institucional\/2014\/05\/manana-se-celebra-el-i-seminario-de-derecho-privado-comparado-en-la-upo\/","title":{"rendered":"Hoy se celebra el I Seminario de Derecho Privado Comparado en la UPO"},"content":{"rendered":"<p style=\"text-align: justify;\">Hoy jueves <strong>a las 10 horas, en el Sal\u00f3n de Grados del Edificio 7<\/strong> de la Universidad Pablo de Olavide, tendr\u00e1 lugar el <strong>I Seminario de Derecho Privado Comparado<\/strong>, que contar\u00e1 con varias ponencias y est\u00e1 organizado por el \u00c1rea de Derecho Civil del Departamento de Derecho Privado de la UPO.<\/p>\n<p style=\"text-align: justify;\">En este seminario, con intenci\u00f3n de permanencia y continuidad en posteriores ediciones, se pretende realizar una actividad acad\u00e9mica relativa al derecho privado comparado, una disciplina que desde el \u00c1rea de Derecho Civil del Departamento de Derecho Privado de la UPO se pretende, como ya sucede en los estudios de Grado y Postgrado, que esta universidad sea identificada con dicha disciplina y su implantaci\u00f3n en Espa\u00f1a. Y para abordar esta materia, el seminario se desarrollar\u00e1 en \u00fanica jornada mediante tres ponencias: En la primera se abordar\u00e1 la comparaci\u00f3n jur\u00eddica como m\u00e9todo de estudio y de aplicaci\u00f3n del derecho privado, con la ponencia de \u00c1ngel M. L\u00f3pez y L\u00f3pez, Catedr\u00e1tico de Derecho civil en la Universidad de Sevilla; en la segunda intervenci\u00f3n se tratar\u00e1 el derecho de familia en el Common Law, a cargo de Francisco Capilla Roncero, catedr\u00e1tico de Derecho Civil en la US y en la tercera y \u00faltima se realizar\u00e1 una aproximaci\u00f3n comparatista a una materia concreta del Derecho privado como es el contrato, con la ponencia de Sixto S\u00e1nchez Lorenzo, Catedr\u00e1tico de Derecho internacional privado de la Universidad de Granada. As\u00ed mismo, la direcci\u00f3n y coordinaci\u00f3n del seminario est\u00e1 a cargo de Francisco Oliva Bl\u00e1zquez y C\u00e9sar Hornero M\u00e9ndez, ambos del \u00c1rea de Derecho civil de la Universidad Pablo de Olavide.<\/p>\n<p style=\"text-align: center;\">\u00a0<b><span style=\"text-decoration: underline;\">PROGRAMA<\/span><\/b><\/p>\n<p align=\"center\"><b>Jueves 15 de mayo. 10.00 horas<\/b><\/p>\n<p align=\"center\"><b>Sala de Grados del Edificio 7, Universidad Pablo de Olavide (Sevilla)<\/b><\/p>\n<p align=\"center\"><b>&#8211;<\/b><\/p>\n<p style=\"text-align: left;\" align=\"center\"><b>10:15 <\/b>\u2013Inauguraci\u00f3n y ponencia de \u00c1ngel M. L\u00f3pez y L\u00f3pez (Universidad de Sevilla) acerca dela comparaci\u00f3n jur\u00eddica como m\u00e9todo de estudio y de aplicaci\u00f3n del derecho privado<\/p>\n<p style=\"text-align: left;\" align=\"center\"><b>11:15 <\/b>\u2013 Ponencia de Francisco Capilla Roncero (Universidad de Sevilla) sobreel derecho de familia en el Common Law<\/p>\n<p style=\"text-align: left;\" align=\"center\"><b>12:15 <\/b>\u2013 Pausa<\/p>\n<p style=\"text-align: left;\" align=\"center\"><b>12:30 <\/b>\u2013 Ponencia deSixto S\u00e1nchez Lorenzo (Universidad de Granada) para realizar\u00a0 una aproximaci\u00f3n comparatista a una materia concreta del Derecho privado como es el contrato<\/p>\n","protected":false},"excerpt":{"rendered":"<p>Hoy jueves a las 10 horas, en el Sal\u00f3n de Grados del Edificio 7 de la Universidad Pablo de Olavide, tendr\u00e1 lugar el I Seminario de Derecho Privado Comparado, que contar\u00e1 con varias ponencias y est\u00e1 organizado por el \u00c1rea de Derecho Civil del Departamento de Derecho Privado de la UPO.<\/p>\n","protected":false},"author":4,"featured_media":0,"comment_status":"closed","ping_status":"open","sticky":false,"template":"","format":"standard","meta":{"_monsterinsights_skip_tracking":false,"_monsterinsights_sitenote_active":false,"_monsterinsights_sitenote_note":"","_monsterinsights_sitenote_category":0,"footnotes":""},"categories":[6],"tags":[1358,714,78],"class_list":["post-3891571","post","type-post","status-publish","format-standard","hentry","category-institucional","tag-area-de-derecho-civil","tag-derecho-privado","tag-seminario"],"_links":{"self":[{"href":"https:\/\/www.upo.es\/diario\/wp-json\/wp\/v2\/posts\/3891571","targetHints":{"allow":["GET"]}}],"collection":[{"href":"https:\/\/www.upo.es\/diario\/wp-json\/wp\/v2\/posts"}],"about":[{"href":"https:\/\/www.upo.es\/diario\/wp-json\/wp\/v2\/types\/post"}],"author":[{"embeddable":true,"href":"https:\/\/www.upo.es\/diario\/wp-json\/wp\/v2\/users\/4"}],"replies":[{"embeddable":true,"href":"https:\/\/www.upo.es\/diario\/wp-json\/wp\/v2\/comments?post=3891571"}],"version-history":[{"count":3,"href":"https:\/\/www.upo.es\/diario\/wp-json\/wp\/v2\/posts\/3891571\/revisions"}],"predecessor-version":[{"id":3891573,"href":"https:\/\/www.upo.es\/diario\/wp-json\/wp\/v2\/posts\/3891571\/revisions\/3891573"}],"wp:attachment":[{"href":"https:\/\/www.upo.es\/diario\/wp-json\/wp\/v2\/media?parent=3891571"}],"wp:term":[{"taxonomy":"category","embeddable":true,"href":"https:\/\/www.upo.es\/diario\/wp-json\/wp\/v2\/categories?post=3891571"},{"taxonomy":"post_tag","embeddable":true,"href":"https:\/\/www.upo.es\/diario\/wp-json\/wp\/v2\/tags?post=3891571"}],"curies":[{"name":"wp","href":"https:\/\/api.w.org\/{rel}","templated":true}]}}