{"id":3893228,"date":"2014-05-14T13:30:02","date_gmt":"2014-05-14T13:30:02","guid":{"rendered":"https:\/\/www.upo.es\/diario\/?p=3893228"},"modified":"2014-05-15T13:16:39","modified_gmt":"2014-05-15T13:16:39","slug":"toma-de-posesion-del-vicerrector-primero-y-de-la-vicerrectora-de-estudiantes-cultura-y-participacion-social","status":"publish","type":"post","link":"https:\/\/www.upo.es\/diario\/institucional\/2014\/05\/toma-de-posesion-del-vicerrector-primero-y-de-la-vicerrectora-de-estudiantes-cultura-y-participacion-social\/","title":{"rendered":"Toma de posesi\u00f3n del vicerrector primero y de la vicerrectora de Estudiantes, Cultura y Participaci\u00f3n Social"},"content":{"rendered":"<figure id=\"attachment_3893236\" aria-describedby=\"caption-attachment-3893236\" style=\"width: 320px\" class=\"wp-caption alignright\"><a href=\"https:\/\/www.upo.es\/diario\/wp-content\/uploads\/2014\/05\/TP_14052014_2.jpg\"><img loading=\"lazy\" decoding=\"async\" class=\"size-medium wp-image-3893236\" alt=\"Desde la izquierda: Jos\u00e9 Mar\u00eda Seco, Bruno Mart\u00ednez Haya, el rector Vicente Guzm\u00e1n, Elodia Hern\u00e1ndez Le\u00f3n, Antonio Herrera Gonz\u00e1lez de Molina y Juan Antonio Le\u00f3n Prados\" src=\"https:\/\/www.upo.es\/diario\/wp-content\/uploads\/2014\/05\/TP_14052014_2-320x213.jpg\" width=\"320\" height=\"213\" srcset=\"https:\/\/www.upo.es\/diario\/wp-content\/uploads\/2014\/05\/TP_14052014_2-320x213.jpg 320w, https:\/\/www.upo.es\/diario\/wp-content\/uploads\/2014\/05\/TP_14052014_2-1024x682.jpg 1024w, https:\/\/www.upo.es\/diario\/wp-content\/uploads\/2014\/05\/TP_14052014_2-600x400.jpg 600w\" sizes=\"auto, (max-width: 320px) 100vw, 320px\" \/><\/a><figcaption id=\"caption-attachment-3893236\" class=\"wp-caption-text\">Desde la izquierda: Jos\u00e9 M\u00aa Seco, Bruno Mart\u00ednez Haya, el rector Vicente Guzm\u00e1n, Elodia Hern\u00e1ndez Le\u00f3n, Antonio Herrera Gonz\u00e1lez de Molina y Juan Antonio Le\u00f3n Prados<\/figcaption><\/figure>\n<p>Este mediod\u00eda ha tenido lugar en la Universidad Pablo de Olavide el acto de toma de posesi\u00f3n de de <strong>Bruno Mart\u00ednez Haya como vicerrector de Investigaci\u00f3n y Transferencia de Tecnolog\u00eda y vicerrector primero<\/strong> de la UPO, y de <strong>Elodia Hern\u00e1ndez Le\u00f3n como nueva vicerrectora de Estudiantes, Cultura y Participaci\u00f3n Social<\/strong> de esta universidad. Bruno Mart\u00ednez Haya suma as\u00ed al vicerrectorado del que ya era responsable desde la llegada del nuevo equipo de gobierno de la UPO en junio de 2012 el vicerrectorado Primero y Elodia Hern\u00e1ndez asume junto a las competencias de Cultura y Participaci\u00f3n Social las competencias de Estudiantes, que hasta ahora hab\u00edan correspondido a Modesto Luce\u00f1o Garc\u00e9s. De esta forma, la UPO \u00a0pasa de 7 a 6 vicerrectorados, en una reordenaci\u00f3n basada en criterios de optimizaci\u00f3n de recursos y en correspondencia con los esfuerzos de la comunidad universitaria.<\/p>\n<p>En este acto, que ha estado presidido por el rector Vicente Guzm\u00e1n, quien ha agradecido el\u00a0 trabajo llevado a cabo por el profesor Luce\u00f1o as\u00ed como su implicaci\u00f3n personal y acad\u00e9mica, han tomado tambi\u00e9n posesi\u00f3n Antonio Herrera Gonz\u00e1lez de Molina y Juan Antonio Le\u00f3n Prados, respectivamente, como director general de Estudiantes y como director general de Deporte.<\/p>\n<figure id=\"attachment_3893232\" aria-describedby=\"caption-attachment-3893232\" style=\"width: 320px\" class=\"wp-caption alignright\"><a href=\"https:\/\/www.upo.es\/diario\/wp-content\/uploads\/2014\/05\/TP_14052014.jpg\"><img loading=\"lazy\" decoding=\"async\" class=\"size-medium wp-image-3893232 \" alt=\"Han tomado tambi\u00e9n posesi\u00f3n cargos de las fucultades de Humanidades, Derecho, Deporte y Empresariales\" src=\"https:\/\/www.upo.es\/diario\/wp-content\/uploads\/2014\/05\/TP_14052014-320x213.jpg\" width=\"320\" height=\"213\" srcset=\"https:\/\/www.upo.es\/diario\/wp-content\/uploads\/2014\/05\/TP_14052014-320x213.jpg 320w, https:\/\/www.upo.es\/diario\/wp-content\/uploads\/2014\/05\/TP_14052014-1024x682.jpg 1024w, https:\/\/www.upo.es\/diario\/wp-content\/uploads\/2014\/05\/TP_14052014-600x400.jpg 600w\" sizes=\"auto, (max-width: 320px) 100vw, 320px\" \/><\/a><figcaption id=\"caption-attachment-3893232\" class=\"wp-caption-text\">Han tomado tambi\u00e9n posesi\u00f3n cargos de las fucultades de Humanidades, Derecho, Deporte y Empresariales<\/figcaption><\/figure>\n<p>Finalmente, han tomado posesi\u00f3n Francisco Molina D\u00edaz, como vicedecano de Gesti\u00f3n Acad\u00e9mica de la Facultad de Humanidades, Javier G\u00e1lvez Gonz\u00e1lez, como vicedecano de Ordenaci\u00f3n Acad\u00e9mica e Innovaci\u00f3n Docente de la Facultad del Deporte, Mar\u00eda del Carmen Melgar Hiraldo, como secretaria de la Facultad de Ciencias Empresariales, Enrique Ramos G\u00f3mez, como secretario de la Facultad de Ciencias Experimentales, Mar\u00eda Macarena Guerrero Lebr\u00f3n, como secretaria de la Facultad de Derecho, y Amalia Vahi Serrano, como secretaria de la Facultad de Humanidades.<\/p>\n<p>&nbsp;<\/p>\n<p><b>Bruno MART\u00cdNEZ HAYA<\/b><\/p>\n<p><b>Vicerrector Primero y Vicerrector de Investigaci\u00f3n y Transferencia de Tecnolog\u00eda<br \/>\n<\/b>Catedr\u00e1tico de Qu\u00edmica F\u00edsica, se incorpor\u00f3 a la Pablo de Olavide en 1999. Ha sido Vicedecano de Ordenaci\u00f3n Acad\u00e9mica de la Facultad de Ciencias Experimentales (2002-2003) y Vicerrector de Estudiantes (2003-2007), as\u00ed como\u00a0 director de diversos Programas de Doctorado del \u00e1mbito de la Biotecnolog\u00eda y la Tecnolog\u00eda Qu\u00edmica. Su campo de investigaci\u00f3n est\u00e1 centrado en la Qu\u00edmica molecular y la espectroscop\u00eda l\u00e1ser, y es responsable de un servicio tecnol\u00f3gico homologado de espectrometr\u00eda de masas de la UPO. Es autor de m\u00e1s de 80 art\u00edculos en revistas cient\u00edficas de impacto internacional y ha dirigido cuatro tesis doctorales. En la actualidad es investigador principal de diversos proyectos de I+D+i competitivos, entre ellos un subgrupo de una red de investigaci\u00f3n CONSOLIDER-INGENIO sobre Astrof\u00edsica Molecular. En el terreno internacional, realiz\u00f3 su tesis doctoral en el Instituto Max-Planck de Gotinga (Alemania) y ha sido investigador visitante en las universidades de M\u00fcnster, Oxford y Or\u00e1n en los \u00faltimos a\u00f1os. Es vicerrector de Investigaci\u00f3n y Transferencia de Tecnolog\u00eda desde junio de 2012.<\/p>\n<p>&nbsp;<\/p>\n<p><b>Elodia HERN\u00c1NDEZ LE\u00d3N<\/b><\/p>\n<p><b>Vicerrectora de Estudiantes, Cultura y Participaci\u00f3n Social<br \/>\n<\/b>Profesora titular de Antropolog\u00eda Social de la Universidad Pablo de Olavide y Doctora por la Universidad de Sevilla. Ha sido profesora de la Universidad de C\u00f3rdoba antes de su incorporaci\u00f3n en la Universidad Pablo de Olavide en el a\u00f1o 2000. Cursando sus estudios de doctorado, inicia su andadura en la investigaci\u00f3n cualitativa con diversos proyectos a su cargo. La trayectoria investigadora aborda las tem\u00e1ticas de fronteras, identidades socioculturales, patrimonios\u00a0 culturales, territorios y paisajes y sus resultados se recogen en varias monograf\u00edas, cap\u00edtulos de libro y art\u00edculos en revistas de los que es autora. En cuanto a su experiencia profesional se inicia prematuramente con la realizaci\u00f3n de distintos programas de animaci\u00f3n sociocultural para entidades y administraciones p\u00fablicas. M\u00e1s tarde, avanzada su formaci\u00f3n en investigaci\u00f3n, desarrolla\u00a0 la labor de coordinaci\u00f3n del Sistema de Informaci\u00f3n del Patrimonio Etnol\u00f3gico en el Instituto Andaluz de Patrimonio Hist\u00f3rico (Junta de Andaluc\u00eda). As\u00ed mismo su estancia de investigaci\u00f3n postdoctoral en la Benem\u00e9rita Universidad de Puebla (M\u00e9xico) se centra en la profundizaci\u00f3n de las tem\u00e1ticas del Patrimonio Cultural.\u00a0 Desde su incorporaci\u00f3n a la Universidad Pablo de Olavide ha estado implicada en la gesti\u00f3n universitaria formando parte de los distintos claustros y colaborando en distintas comisiones. Ha sido vicedecana de Calidad y Alumnado de la Facultad de Ciencias Sociales entre los a\u00f1os 2008 y 2010, directora de Formaci\u00f3n del Personal Docente e Investigador de la Universidad Pablo de Olavide desde julio del 2011 hasta mayo de 2012, y vicerrectora de Cultura, Participaci\u00f3n y Compromiso Social desde junio de 2012 hasta la actualidad.<\/p>\n<p>&nbsp;<\/p>\n<p><b>Antonio HERRERA GONZ\u00c1LEZ DE MOLINA<\/b><\/p>\n<p><b>Director general de Estudiantes<br \/>\n<\/b>Profesor contratado doctor del Departamento de Geograf\u00eda, Historia y Filosof\u00eda de la Universidad Pablo de Olavide. Desde el a\u00f1o 2004 trabaja de forma permanente en el \u00c1rea de Historia Contempor\u00e1nea. Ha impartido docencia de m\u00e1ster y doctorado en varias universidades y ha sido coordinador de varios programas de M\u00e1ster. Ha sido investigador visitante en London School of Economics and Political Science (2003), en el RCC-Harvard (2011) y en la Universidad de Pittsburgh (2009 y 2013), en el Departamento de Sociolog\u00eda\u00a0 y en el University Center for Internacional Studies de dicha universidad. Ha sido director general de Relaciones Internacionales en la Universidad Internacional de Andaluc\u00eda (2011-2013). Las l\u00edneas de investigaci\u00f3n que han guiado su trabajo giran en torno a la Historia de la Democracia, con especial atenci\u00f3n a las transiciones democr\u00e1ticas y a la construcci\u00f3n de la ciudadan\u00eda en el mundo rural, estudios que aparecen reflejados en diversas monograf\u00edas y en revistas cient\u00edficas de impacto internacional. Del mismo modo ha estudiado los movimientos sociales y los conflictos en el campo en perspectiva hist\u00f3rica y desde el punto de vista ambiental. En la actualidad dirige un proyecto de investigaci\u00f3n sobre la construcci\u00f3n de la democracia en la Espa\u00f1a contempor\u00e1nea.<\/p>\n<p>&nbsp;<\/p>\n<p><b>Juan Antonio LE\u00d3N PRADOS<\/b><\/p>\n<p><b>Director general de Deporte<br \/>\n<\/b>Profesor contratado doctor de la Universidad Pablo de Olavide y profesor de la Facultad del Deporte desde 2005. Ha impartido docencia en Educaci\u00f3n Secundaria Obligatoria (1999-2002), en la Facultad de Ciencias de la Educaci\u00f3n de la Universidad de Sevilla (2002-2005) y ha colaborado como asesor t\u00e9cnico y preparador f\u00edsico en la Federaci\u00f3n Andaluza de Gimnasia (1999-2003). Su labor investigadora contempla contenidos relacionados con la estimaci\u00f3n\u00a0hol\u00edstica del estado de rendimiento f\u00edsico y\/o deportivo, as\u00ed como de su prescripci\u00f3n, control y evaluaci\u00f3n. Su actual l\u00ednea de investigaci\u00f3n versa sobre el control del entrenamiento y su evaluaci\u00f3n en general y en deportes gimn\u00e1sticos en particular. Ha realizado estancias de investigaci\u00f3n en la Universidad Metropolitana de Ciencias de la Educaci\u00f3n (Santiago de Chile, Chile), en la Facultad de Ciencias del Deporte en la Universidad Jules Verne (Amiens, Francia) y en el Centro para el Deporte y Ciencias del Ejercicio de la Universidad de Greenwich (Londres, Reino Unido). Comprometido con la gesti\u00f3n universitaria como vicedecano segundo (2007-2009), vicedecano de Pr\u00e1cticas (2009-2011) y vicedecano de Ordenaci\u00f3n Acad\u00e9mica e Innovaci\u00f3n Docente (2012-2014) en la Facultad del Deporte. Miembro de la Real Federaci\u00f3n Espa\u00f1ola de Gimnasia como presidente del Comit\u00e9 Nacional de Jueces, componente del Comit\u00e9 T\u00e9cnico y juez internacional de Gimnasia Acrob\u00e1tica en numerosas competiciones internacionales y asesor de Preparaci\u00f3n F\u00edsica en diferentes especialidades deportivas.<\/p>\n","protected":false},"excerpt":{"rendered":"<p>Bruno Mart\u00ednez Haya ha tomado posesi\u00f3n como vicerrector de Investigaci\u00f3n y Transferencia de Tecnolog\u00eda y vicerrector primero de la UPO, y Elodia Hern\u00e1ndez Le\u00f3n como nueva vicerrectora de Estudiantes, Cultura y Participaci\u00f3n Social de esta universidad. Han tomado tambi\u00e9n posesi\u00f3n Antonio Herrera Gonz\u00e1lez de Molina y Juan Antonio Le\u00f3n Prados, respectivamente, como director general de Estudiantes y como director general de Deporte.<\/p>\n","protected":false},"author":6,"featured_media":0,"comment_status":"closed","ping_status":"open","sticky":false,"template":"","format":"standard","meta":{"_monsterinsights_skip_tracking":false,"_monsterinsights_sitenote_active":false,"_monsterinsights_sitenote_note":"","_monsterinsights_sitenote_category":0,"footnotes":""},"categories":[6],"tags":[199,38,685,106,442],"class_list":["post-3893228","post","type-post","status-publish","format-standard","hentry","category-institucional","tag-profesorado","tag-rector","tag-toma-de-posesion","tag-vicente-c-guzman","tag-vicerrectorado"],"_links":{"self":[{"href":"https:\/\/www.upo.es\/diario\/wp-json\/wp\/v2\/posts\/3893228","targetHints":{"allow":["GET"]}}],"collection":[{"href":"https:\/\/www.upo.es\/diario\/wp-json\/wp\/v2\/posts"}],"about":[{"href":"https:\/\/www.upo.es\/diario\/wp-json\/wp\/v2\/types\/post"}],"author":[{"embeddable":true,"href":"https:\/\/www.upo.es\/diario\/wp-json\/wp\/v2\/users\/6"}],"replies":[{"embeddable":true,"href":"https:\/\/www.upo.es\/diario\/wp-json\/wp\/v2\/comments?post=3893228"}],"version-history":[{"count":5,"href":"https:\/\/www.upo.es\/diario\/wp-json\/wp\/v2\/posts\/3893228\/revisions"}],"predecessor-version":[{"id":3906411,"href":"https:\/\/www.upo.es\/diario\/wp-json\/wp\/v2\/posts\/3893228\/revisions\/3906411"}],"wp:attachment":[{"href":"https:\/\/www.upo.es\/diario\/wp-json\/wp\/v2\/media?parent=3893228"}],"wp:term":[{"taxonomy":"category","embeddable":true,"href":"https:\/\/www.upo.es\/diario\/wp-json\/wp\/v2\/categories?post=3893228"},{"taxonomy":"post_tag","embeddable":true,"href":"https:\/\/www.upo.es\/diario\/wp-json\/wp\/v2\/tags?post=3893228"}],"curies":[{"name":"wp","href":"https:\/\/api.w.org\/{rel}","templated":true}]}}