{"id":3893230,"date":"2014-05-15T06:24:48","date_gmt":"2014-05-15T06:24:48","guid":{"rendered":"https:\/\/www.upo.es\/diario\/?p=3893230"},"modified":"2014-05-15T12:15:26","modified_gmt":"2014-05-15T12:15:26","slug":"la-eurodiputada-del-pp-teresa-jimenez-becerril-participa-manana-en-la-upo-en-las-jornadas-sobre-elecciones-europeas","status":"publish","type":"post","link":"https:\/\/www.upo.es\/diario\/institucional\/2014\/05\/la-eurodiputada-del-pp-teresa-jimenez-becerril-participa-manana-en-la-upo-en-las-jornadas-sobre-elecciones-europeas\/","title":{"rendered":"La eurodiputada del PP Teresa Jim\u00e9nez-Becerril participa en las jornadas sobre elecciones europeas"},"content":{"rendered":"<figure id=\"attachment_3905843\" aria-describedby=\"caption-attachment-3905843\" style=\"width: 320px\" class=\"wp-caption alignright\"><a href=\"https:\/\/www.upo.es\/diario\/wp-content\/uploads\/2014\/05\/teresajimenezbecerril.jpg\"><img loading=\"lazy\" decoding=\"async\" class=\"size-medium wp-image-3905843\" alt=\"La eurodiputada por el Partido Popular, Teresa Jim\u00e9nez-Becerril ha intervenido hoy en la segunda ronda de las jornadas participativas sobre las elecciones europeas\" src=\"https:\/\/www.upo.es\/diario\/wp-content\/uploads\/2014\/05\/teresajimenezbecerril-320x213.jpg\" width=\"320\" height=\"213\" srcset=\"https:\/\/www.upo.es\/diario\/wp-content\/uploads\/2014\/05\/teresajimenezbecerril-320x213.jpg 320w, https:\/\/www.upo.es\/diario\/wp-content\/uploads\/2014\/05\/teresajimenezbecerril-1024x682.jpg 1024w, https:\/\/www.upo.es\/diario\/wp-content\/uploads\/2014\/05\/teresajimenezbecerril-600x400.jpg 600w\" sizes=\"auto, (max-width: 320px) 100vw, 320px\" \/><\/a><figcaption id=\"caption-attachment-3905843\" class=\"wp-caption-text\">La eurodiputada por el Partido Popular, Teresa Jim\u00e9nez-Becerril, ha intervenido hoy en la segunda ronda de las jornadas participativas sobre las elecciones europeas<\/figcaption><\/figure>\n<p style=\"text-align: justify;\">Esta ma\u00f1ana en la Universidad Pablo de Olavide se ha celebrado la segunda ronda de las Jornadas Participativas con Pol\u00edticos Andaluces sobre las Elecciones Europeas con la intervenci\u00f3n de la eurodiputada por el Partido Popular, Teresa Jim\u00e9nez-Becerril Barrio. Este acto ha sido presentado por el vicedecano de Calidad, Estrategia y Nuevas Tecnolog\u00edas de la Facultad de Derecho de la UPO, Manuel R. Torres Soriano, y el presidente de SICE Asociaci\u00f3n, Pablo Fern\u00e1ndez.<\/p>\n<p style=\"text-align: justify;\">Estas jornadas, organizadas por la <a href=\"http:\/\/siceupo.com\/\">SICE Asociaci\u00f3n<\/a>, constar\u00e1n de diferentes rondas de presentaciones con partidos pol\u00edticos que se desarrollar\u00e1n hasta el 23 de mayo,\u00a0 con la finalidad de crear un nuevo espacio de encuentro pol\u00edtico hecho por y para j\u00f3venes.<\/p>\n<p style=\"text-align: justify;\">Asimismo, las jornadas se enmarcan como actividad previa a la VI Simulaci\u00f3n del Congreso de los Diputados (SICE) que se celebrar\u00e1 en septiembre, y cuyo objetivo es consolidar este evento en el plano auton\u00f3mico y nacional, y situarse como referente a nivel estudiantil y juvenil en materia de participaci\u00f3n pol\u00edtica y ciudadana, agrupando a estudiantes universitarios de todo el territorio nacional y haci\u00e9ndolos comprobar, de primera mano, c\u00f3mo se realiza la pol\u00edtica y se adoptan las decisiones en la C\u00e1mara de representaci\u00f3n de la ciudadan\u00eda.<\/p>\n","protected":false},"excerpt":{"rendered":"<p>Esta ma\u00f1ana en la Universidad Pablo de Olavide se ha celebrado la segunda ronda de las Jornadas Participativas con Pol\u00edticos Andaluces sobre las Elecciones Europeas con la intervenci\u00f3n de la eurodiputada por el Partido Popular, Teresa Jim\u00e9nez-Becerril Barrio. Este acto ha sido presentado por el vicedecano de Calidad, Estrategia y Nuevas Tecnolog\u00edas de la Facultad de Derecho de la UPO, Manuel R. Torres Soriano, y el presidente de SICE Asociaci\u00f3n, Pablo Fern\u00e1ndez.<\/p>\n","protected":false},"author":4,"featured_media":0,"comment_status":"closed","ping_status":"open","sticky":false,"template":"","format":"standard","meta":{"_monsterinsights_skip_tracking":false,"_monsterinsights_sitenote_active":false,"_monsterinsights_sitenote_note":"","_monsterinsights_sitenote_category":0,"footnotes":""},"categories":[6],"tags":[1329,84,1328,276,1362],"class_list":["post-3893230","post","type-post","status-publish","format-standard","hentry","category-institucional","tag-elecciones-europeas","tag-jornadas","tag-politicos","tag-sice","tag-teresa-jimenez-becerril"],"_links":{"self":[{"href":"https:\/\/www.upo.es\/diario\/wp-json\/wp\/v2\/posts\/3893230","targetHints":{"allow":["GET"]}}],"collection":[{"href":"https:\/\/www.upo.es\/diario\/wp-json\/wp\/v2\/posts"}],"about":[{"href":"https:\/\/www.upo.es\/diario\/wp-json\/wp\/v2\/types\/post"}],"author":[{"embeddable":true,"href":"https:\/\/www.upo.es\/diario\/wp-json\/wp\/v2\/users\/4"}],"replies":[{"embeddable":true,"href":"https:\/\/www.upo.es\/diario\/wp-json\/wp\/v2\/comments?post=3893230"}],"version-history":[{"count":5,"href":"https:\/\/www.upo.es\/diario\/wp-json\/wp\/v2\/posts\/3893230\/revisions"}],"predecessor-version":[{"id":3903086,"href":"https:\/\/www.upo.es\/diario\/wp-json\/wp\/v2\/posts\/3893230\/revisions\/3903086"}],"wp:attachment":[{"href":"https:\/\/www.upo.es\/diario\/wp-json\/wp\/v2\/media?parent=3893230"}],"wp:term":[{"taxonomy":"category","embeddable":true,"href":"https:\/\/www.upo.es\/diario\/wp-json\/wp\/v2\/categories?post=3893230"},{"taxonomy":"post_tag","embeddable":true,"href":"https:\/\/www.upo.es\/diario\/wp-json\/wp\/v2\/tags?post=3893230"}],"curies":[{"name":"wp","href":"https:\/\/api.w.org\/{rel}","templated":true}]}}