{"id":3905853,"date":"2014-05-15T08:40:04","date_gmt":"2014-05-15T08:40:04","guid":{"rendered":"https:\/\/www.upo.es\/diario\/?p=3905853"},"modified":"2014-05-15T12:43:21","modified_gmt":"2014-05-15T12:43:21","slug":"este-sabado-actuacion-del-coro-de-la-upo-en-la-iglesia-de-la-anunciacion","status":"publish","type":"post","link":"https:\/\/www.upo.es\/diario\/cultura\/2014\/05\/este-sabado-actuacion-del-coro-de-la-upo-en-la-iglesia-de-la-anunciacion\/","title":{"rendered":"Este s\u00e1bado, actuaci\u00f3n del Coro de la UPO en la iglesia de la Anunciaci\u00f3n"},"content":{"rendered":"<p><a href=\"https:\/\/www.upo.es\/diario\/wp-content\/uploads\/2014\/05\/cartel_coro_mayo14.jpg\"><img loading=\"lazy\" decoding=\"async\" class=\"alignright size-medium wp-image-3906230\" alt=\"Concierto de Intercambio de Coros Universitarios\" src=\"https:\/\/www.upo.es\/diario\/wp-content\/uploads\/2014\/05\/cartel_coro_mayo14-218x320.jpg\" width=\"218\" height=\"320\" srcset=\"https:\/\/www.upo.es\/diario\/wp-content\/uploads\/2014\/05\/cartel_coro_mayo14-218x320.jpg 218w, https:\/\/www.upo.es\/diario\/wp-content\/uploads\/2014\/05\/cartel_coro_mayo14.jpg 563w\" sizes=\"auto, (max-width: 218px) 100vw, 218px\" \/><\/a>El <strong>Coro de la Universidad Pablo de Olavide<\/strong> volver\u00e1 a actuar este<strong> s\u00e1bado 17 de mayo, a las 20:30 horas en la Iglesia de la Anunciaci\u00f3n en Sevilla<\/strong> (calle Lara\u00f1a), ofreciendo su Concierto de Intercambio de Coros Universitarios junto con la Coral Polif\u00f3nica de la Facultad de Ciencias de la Universidad de Granada.<\/p>\n<p>La Coral Polif\u00f3nica saldr\u00e1 en primer lugar interpretando espirituales y piezas de Kvoshchinsky, entre otros autores, y bajo la direcci\u00f3n de Paco \u00c1lvarez D\u00edaz. En segundo lugar actuar\u00e1 el Coro de la Universidad Pablo de Olavide interpretando c\u00e1ntigas de Santa Mar\u00eda y la ensalada \u201cLa negrina\u201d, con la direcci\u00f3n musical de Jorge Rodr\u00edguez Morata y Miguel Rodr\u00edguez Rodr\u00edguez como director art\u00edstico. La entrada es libre hasta completar el aforo.<\/p>\n<p>&nbsp;<\/p>\n<p align=\"center\"><b>PROGRAMA<\/b><\/p>\n<p align=\"center\"><b>S\u00e1bado 17 de mayo. 20.30 horas<br \/>\n<\/b><b>Iglesia de Anunciaci\u00f3n de Sevilla<\/b><\/p>\n<p align=\"center\"><b>&#8211;<\/b><\/p>\n<p><b>Primera parte: <\/b>Coral Polif\u00f3nica de la Facultad de Ciencias de la Universidad de Granada<\/p>\n<p>1.\u00a0 Bogoroditze Devo, raduysia* (S. Kvoshchinsky)<\/p>\n<p>2.\u00a0 Eli! Eli!&#8230; (G. D. Bardos)<\/p>\n<p>3.\u00a0 Ride The Chariot* (espiritual negro)<\/p>\n<p>4.\u00a0 Anoj Pus\u00e8j Dunoj\u00e8ilo* (V. Augustinas)<\/p>\n<p>5.\u00a0 Soon Ah Will Be Done (espiritual negro)<\/p>\n<p>6. Tangueando (O. Escalada)<\/p>\n<p>7. Chili con carne (A. Edenroth)<\/p>\n<p>8. Didn\u2019t My Lord Deliver Daniel (espiritual negro)<\/p>\n<p>*Solistas: Isabel Alarc\u00f3n, Laura Crespo.<\/p>\n<p><b>Segunda parte: <\/b>Coro de la Universidad Pablo de Olavide<\/p>\n<p>1.\u00a0 C\u00e1ntigas de Santa Mar\u00eda<\/p>\n<ul>\n<li>Cantiga n\u00ba 2, Muito debemos, var\u00f3es.<\/li>\n<li>Cantiga n\u00ba 12, O que a Santa Maria mais despraz.<\/li>\n<li>Cantiga n\u00ba 273, A madre de Deus que \u00e9ste.<\/li>\n<li>Cantiga n\u00ba 257, Ben guarda Santa Mariz pola sa vertude.<\/li>\n<li>Cantiga n\u00ba 323, Ontre toda las virtudes que a Virgen.<\/li>\n<\/ul>\n<p>2.\u00a0 Ensalada La Negrina (Mateo Flecha, El Viejo, 1481-1553)*. Para coro, instrumentos y solistas**<\/p>\n<p>*Instrumentos: Juan Manuel Rubio<\/p>\n<p>**Solistas: Pilar Morillo (supra), Pablo Mill\u00e1n (altus), Jorge Rodr\u00edguez (tenor) y Miguel Rodr\u00edguez (bajo)<\/p>\n","protected":false},"excerpt":{"rendered":"<p>El Coro de la Universidad Pablo de Olavide volver\u00e1 a actuar este s\u00e1bado 17 de mayo, a las 20:30 horas en la Iglesia de la Anunciaci\u00f3n en Sevilla (calle Lara\u00f1a), ofreciendo su Concierto de Intercambio de Coros Universitarios junto con la Coral Polif\u00f3nica de la Facultad de Ciencias de la Universidad de Granada.<\/p>\n","protected":false},"author":6,"featured_media":0,"comment_status":"closed","ping_status":"open","sticky":false,"template":"","format":"standard","meta":{"_monsterinsights_skip_tracking":false,"_monsterinsights_sitenote_active":false,"_monsterinsights_sitenote_note":"","_monsterinsights_sitenote_category":0,"footnotes":""},"categories":[7],"tags":[71,402,1157],"class_list":["post-3905853","post","type-post","status-publish","format-standard","hentry","category-cultura","tag-coro","tag-musica","tag-universidad-de-granada"],"_links":{"self":[{"href":"https:\/\/www.upo.es\/diario\/wp-json\/wp\/v2\/posts\/3905853","targetHints":{"allow":["GET"]}}],"collection":[{"href":"https:\/\/www.upo.es\/diario\/wp-json\/wp\/v2\/posts"}],"about":[{"href":"https:\/\/www.upo.es\/diario\/wp-json\/wp\/v2\/types\/post"}],"author":[{"embeddable":true,"href":"https:\/\/www.upo.es\/diario\/wp-json\/wp\/v2\/users\/6"}],"replies":[{"embeddable":true,"href":"https:\/\/www.upo.es\/diario\/wp-json\/wp\/v2\/comments?post=3905853"}],"version-history":[{"count":1,"href":"https:\/\/www.upo.es\/diario\/wp-json\/wp\/v2\/posts\/3905853\/revisions"}],"predecessor-version":[{"id":3906403,"href":"https:\/\/www.upo.es\/diario\/wp-json\/wp\/v2\/posts\/3905853\/revisions\/3906403"}],"wp:attachment":[{"href":"https:\/\/www.upo.es\/diario\/wp-json\/wp\/v2\/media?parent=3905853"}],"wp:term":[{"taxonomy":"category","embeddable":true,"href":"https:\/\/www.upo.es\/diario\/wp-json\/wp\/v2\/categories?post=3905853"},{"taxonomy":"post_tag","embeddable":true,"href":"https:\/\/www.upo.es\/diario\/wp-json\/wp\/v2\/tags?post=3905853"}],"curies":[{"name":"wp","href":"https:\/\/api.w.org\/{rel}","templated":true}]}}