{"id":3906404,"date":"2014-05-15T06:45:05","date_gmt":"2014-05-15T06:45:05","guid":{"rendered":"https:\/\/www.upo.es\/diario\/?p=3906404"},"modified":"2014-05-19T11:53:56","modified_gmt":"2014-05-19T11:53:56","slug":"el-lunes-se-presenta-en-la-upo-el-programa-talentum-startups-para-practicas-en-empresas-tecnologicas-de-nueva-creacion","status":"publish","type":"post","link":"https:\/\/www.upo.es\/diario\/institucional\/2014\/05\/el-lunes-se-presenta-en-la-upo-el-programa-talentum-startups-para-practicas-en-empresas-tecnologicas-de-nueva-creacion\/","title":{"rendered":"El lunes se presenta en la UPO el programa Talentum Startups para pr\u00e1cticas en empresas tecnol\u00f3gicas de nueva creaci\u00f3n"},"content":{"rendered":"<p>&nbsp;<\/p>\n<figure id=\"attachment_3906408\" aria-describedby=\"caption-attachment-3906408\" style=\"width: 320px\" class=\"wp-caption alignright\"><a href=\"https:\/\/www.upo.es\/diario\/wp-content\/uploads\/2014\/05\/Sin-t\u00edtulo.png\"><img loading=\"lazy\" decoding=\"async\" class=\"size-medium wp-image-3906408\" alt=\"Los organizadores realizar\u00e1n la primera prueba de selecci\u00f3n in situ al alumnado que desee optar a las becas\" src=\"https:\/\/www.upo.es\/diario\/wp-content\/uploads\/2014\/05\/Sin-t\u00edtulo-320x125.png\" width=\"320\" height=\"125\" srcset=\"https:\/\/www.upo.es\/diario\/wp-content\/uploads\/2014\/05\/Sin-t\u00edtulo-320x125.png 320w, https:\/\/www.upo.es\/diario\/wp-content\/uploads\/2014\/05\/Sin-t\u00edtulo-1024x401.png 1024w, https:\/\/www.upo.es\/diario\/wp-content\/uploads\/2014\/05\/Sin-t\u00edtulo-600x235.png 600w, https:\/\/www.upo.es\/diario\/wp-content\/uploads\/2014\/05\/Sin-t\u00edtulo.png 1106w\" sizes=\"auto, (max-width: 320px) 100vw, 320px\" \/><\/a><figcaption id=\"caption-attachment-3906408\" class=\"wp-caption-text\">Los organizadores realizar\u00e1n la primera prueba de selecci\u00f3n in situ al alumnado que desee optar a las becas<\/figcaption><\/figure>\n<p><span style=\"text-decoration: underline;\">El pr\u00f3ximo lunes 19 de mayo, a las 10 horas en el sal\u00f3n de grados del edificio 7 de la Universidad Pablo de Olavide<\/span>, se presentar\u00e1 el programa Talentum Startups y Talentum Universities, iniciativa lanzada conjuntamente por la Junta de Andaluc\u00eda y Telef\u00f3nica, enmarcada en el proyecto Andaluc\u00eda Open Future. El acto ser\u00e1 inaugurado por el rector de la UPO, Vicente Guzm\u00e1n Fluja, y el programa ser\u00e1 presentado por Vicente Fern\u00e1ndez, secretario general de Innovaci\u00f3n, Industria y Energ\u00eda de la Junta de Andaluc\u00eda, y Mar\u00eda Jes\u00fas Almazor, directora de Territorio Sur de Telef\u00f3nica Espa\u00f1a.<\/p>\n<p>Esta iniciativa consiste en un programa de becas dirigido a estudiantes universitarios de Andaluc\u00eda para la realizaci\u00f3n de pr\u00e1cticas en empresas tecnol\u00f3gicas de nueva creaci\u00f3n. Los estudiantes seleccionados colaborar\u00e1n durante 3 \u00f3 6 meses en desarrollos innovadores de startups que se encuentren en centros andaluces de aceleraci\u00f3n de empresas, principalmente en Sevilla. A trav\u00e9s de esta iniciativa, cada estudiante recibir\u00e1 una dotaci\u00f3n econ\u00f3mica en forma de beca y una experiencia profesional en entornos din\u00e1micos e innovadores, con el fin de favorecer su inserci\u00f3n laboral. M\u00e1s del 90% de los estudiantes participantes se incorporan a la plantilla laboral de Telef\u00f3nica.<\/p>\n<p>Para finalizar el acto de presentaci\u00f3n, a las 11 horas, los organizadores realizar\u00e1n la primera prueba de selecci\u00f3n in situ al alumnado que desee optar a las becas.<\/p>\n<p>El proyecto Andaluc\u00eda Open Future, en el que se enmarca esta nueva convocatoria, supondr\u00e1 la puesta en marcha de hasta 1.000 becas en los pr\u00f3ximos dos a\u00f1os para estudiantes de la comunidad aut\u00f3noma, entre grado y postgrado. El objetivo de este acuerdo, impulsado por la Junta de Andaluc\u00eda y Telef\u00f3nica, es dar apoyo y ayudar a desarrollar el emprendimiento basado en la innovaci\u00f3n.<\/p>\n<p>M\u00e1s informaci\u00f3n en: <a href=\"https:\/\/andalucia.openfuture.org\/talentum\">https:\/\/andalucia.openfuture.org\/talentum<\/a><\/p>\n<p align=\"center\"><b>PROGRAMA<\/b><\/p>\n<p align=\"center\"><b>Presentaci\u00f3n del programa Talentum Startups<\/b><\/p>\n<p align=\"center\"><b>19 de mayo de 2014<\/b><\/p>\n<p align=\"center\"><b>Sal\u00f3n de grados del edificio 7 \u2013 Universidad Pablo de Olavide<\/b><\/p>\n<p><b>\u00a0<\/b><\/p>\n<p><b>10 horas. Bienvenida<\/b><\/p>\n<p>Vicente Carlos Guzm\u00e1n Fluja, rector de la Universidad Pablo de Olavide.<\/p>\n<p><b>10:15 horas. Presentaci\u00f3n del programa.<\/b><\/p>\n<p>Mar\u00eda Jes\u00fas Almazor, directora de Territorio Sur de Telef\u00f3nica Espa\u00f1a.<\/p>\n<p>Vicente Fern\u00e1ndez, secretario general de Innovaci\u00f3n, Industria y Energ\u00eda de la Junta de Andaluc\u00eda.<\/p>\n<p><b>11:00 horas. Prueba.<\/b><\/p>\n","protected":false},"excerpt":{"rendered":"<p>El pr\u00f3ximo lunes 19 de mayo, a las 10 horas en el sal\u00f3n de grados del edificio 7 de la Universidad Pablo de Olavide, se presentar\u00e1 el programa Talentum Startups y Talentum Universities, iniciativa lanzada conjuntamente por la Junta de Andaluc\u00eda y Telef\u00f3nica, enmarcada en el proyecto Andaluc\u00eda Open Future. El acto ser\u00e1 inaugurado por el rector de la UPO, Vicente Guzm\u00e1n Fluja, y el programa ser\u00e1 presentado por Vicente Fern\u00e1ndez, secretario general de Innovaci\u00f3n, Industria y Energ\u00eda de la Junta de Andaluc\u00eda, y Mar\u00eda Jes\u00fas Almazor, directora de Territorio Sur de Telef\u00f3nica Espa\u00f1a.<\/p>\n","protected":false},"author":4,"featured_media":0,"comment_status":"closed","ping_status":"open","sticky":false,"template":"","format":"standard","meta":{"_monsterinsights_skip_tracking":false,"_monsterinsights_sitenote_active":false,"_monsterinsights_sitenote_note":"","_monsterinsights_sitenote_category":0,"footnotes":""},"categories":[6],"tags":[203,334,1367,38,928,1340],"class_list":["post-3906404","post","type-post","status-publish","format-standard","hentry","category-institucional","tag-junta-de-andalucia","tag-presentacion","tag-programa-talentum-startups","tag-rector","tag-telefonica","tag-vicente-guzman"],"_links":{"self":[{"href":"https:\/\/www.upo.es\/diario\/wp-json\/wp\/v2\/posts\/3906404","targetHints":{"allow":["GET"]}}],"collection":[{"href":"https:\/\/www.upo.es\/diario\/wp-json\/wp\/v2\/posts"}],"about":[{"href":"https:\/\/www.upo.es\/diario\/wp-json\/wp\/v2\/types\/post"}],"author":[{"embeddable":true,"href":"https:\/\/www.upo.es\/diario\/wp-json\/wp\/v2\/users\/4"}],"replies":[{"embeddable":true,"href":"https:\/\/www.upo.es\/diario\/wp-json\/wp\/v2\/comments?post=3906404"}],"version-history":[{"count":7,"href":"https:\/\/www.upo.es\/diario\/wp-json\/wp\/v2\/posts\/3906404\/revisions"}],"predecessor-version":[{"id":3960862,"href":"https:\/\/www.upo.es\/diario\/wp-json\/wp\/v2\/posts\/3906404\/revisions\/3960862"}],"wp:attachment":[{"href":"https:\/\/www.upo.es\/diario\/wp-json\/wp\/v2\/media?parent=3906404"}],"wp:term":[{"taxonomy":"category","embeddable":true,"href":"https:\/\/www.upo.es\/diario\/wp-json\/wp\/v2\/categories?post=3906404"},{"taxonomy":"post_tag","embeddable":true,"href":"https:\/\/www.upo.es\/diario\/wp-json\/wp\/v2\/tags?post=3906404"}],"curies":[{"name":"wp","href":"https:\/\/api.w.org\/{rel}","templated":true}]}}