{"id":3960877,"date":"2014-05-19T07:07:19","date_gmt":"2014-05-19T07:07:19","guid":{"rendered":"https:\/\/www.upo.es\/diario\/?p=3960877"},"modified":"2014-05-20T13:00:54","modified_gmt":"2014-05-20T13:00:54","slug":"manana-se-presenta-en-la-upo-el-programa-emplejoven-promovido-por-la-junta-de-andalucia","status":"publish","type":"post","link":"https:\/\/www.upo.es\/diario\/institucional\/2014\/05\/manana-se-presenta-en-la-upo-el-programa-emplejoven-promovido-por-la-junta-de-andalucia\/","title":{"rendered":"Ma\u00f1ana se presenta en la UPO el programa Emple@Joven promovido por la junta de Andaluc\u00eda"},"content":{"rendered":"<p><a href=\"https:\/\/www.upo.es\/diario\/wp-content\/uploads\/2014\/05\/cabecera-empleojoven.png\"><img loading=\"lazy\" decoding=\"async\" class=\"alignright size-medium wp-image-3960878\" alt=\"programa Emple@Joven \" src=\"https:\/\/www.upo.es\/diario\/wp-content\/uploads\/2014\/05\/cabecera-empleojoven-320x106.png\" width=\"320\" height=\"106\" srcset=\"https:\/\/www.upo.es\/diario\/wp-content\/uploads\/2014\/05\/cabecera-empleojoven-320x106.png 320w, https:\/\/www.upo.es\/diario\/wp-content\/uploads\/2014\/05\/cabecera-empleojoven-600x200.png 600w, https:\/\/www.upo.es\/diario\/wp-content\/uploads\/2014\/05\/cabecera-empleojoven.png 960w\" sizes=\"auto, (max-width: 320px) 100vw, 320px\" \/><\/a>Ma\u00f1ana <strong>a las 10 horas en el aula A1 del edificio 14<\/strong> de la Universidad Pablo de Olavide, se presentar\u00e1 el <strong>Programa Emple@Joven<\/strong> de la Delegaci\u00f3n Territorial de Econom\u00eda, Innovaci\u00f3n, Ciencia y Empleo de la Junta de Andaluc\u00eda, iniciativa lanzada conjuntamente por la<strong> Facultad del Deporte<\/strong> de la UPO, en colaboraci\u00f3n con la <strong>Fundaci\u00f3n Universidad-Sociedad<\/strong>.<\/p>\n<p>Para ello se contar\u00e1 con la presencia de Aurora Cosano Prieto, delegada territorial de Econom\u00eda, Innovaci\u00f3n, Ciencia y Empleo en Sevilla. A dicho acto asistir\u00e1 tambi\u00e9n Antonio Fern\u00e1ndez Mart\u00ednez, decano de la Facultad del Deporte de la UPO y Laura L\u00f3pez de la Cruz, vicepresidenta ejecutiva de Fundaciones.<\/p>\n<p>Dicho programa est\u00e1 <strong>orientado a la activaci\u00f3n del empleo entre la poblaci\u00f3n con edades comprendidas entre los 18 y 29 a\u00f1os<\/strong>, residente en Andaluc\u00eda y en \u00e9l se incluyen hasta cinco iniciativas que se pondr\u00e1n en marcha bajo la coordinaci\u00f3n del Servicio Andaluz de Empleo.<\/p>\n<p>El Programa Emple@Joven tiene previsto <strong>cinco \u00e1reas de actuaci\u00f3n<\/strong>: Activa empleo joven; cooperaci\u00f3n social y comunitaria para el impulso del empleo joven; pr\u00e1cticas profesionales en empresas; bono de empleo joven y becas para el desarrollo de proyectos I+D+i.<\/p>\n<p>M\u00e1s informaci\u00f3n en: <a title=\"Programa Emple@Joven\" href=\"http:\/\/www.juntadeandalucia.es\/servicioandaluzdeempleo\/web\/websae\/portal\/es\/informacion\/planesEspeciales\/EmpleaJoven\/?ticket=nocas\" target=\"_blank\">Programa Emple@Joven<\/a><\/p>\n","protected":false},"excerpt":{"rendered":"<p>Ma\u00f1ana a las 10 horas en el aula A1 del edificio 14 de la Universidad Pablo de Olavide, se presentar\u00e1 el Programa Emple@Joven de la Delegaci\u00f3n Territorial de Econom\u00eda, Innovaci\u00f3n, Ciencia y Empleo de la Junta de Andaluc\u00eda, iniciativa lanzada conjuntamente por la Facultad del Deporte de la UPO, en colaboraci\u00f3n con la Fundaci\u00f3n Universidad-Sociedad. <\/p>\n","protected":false},"author":6,"featured_media":0,"comment_status":"closed","ping_status":"open","sticky":false,"template":"","format":"standard","meta":{"_monsterinsights_skip_tracking":false,"_monsterinsights_sitenote_active":false,"_monsterinsights_sitenote_note":"","_monsterinsights_sitenote_category":0,"footnotes":""},"categories":[6],"tags":[688,438,379,1107,47,203,334],"class_list":["post-3960877","post","type-post","status-publish","format-standard","hentry","category-institucional","tag-creacion-de-empleo","tag-empleo","tag-facultad-del-deporte","tag-fundacion-universidad-sociedad","tag-fundaciones","tag-junta-de-andalucia","tag-presentacion"],"_links":{"self":[{"href":"https:\/\/www.upo.es\/diario\/wp-json\/wp\/v2\/posts\/3960877","targetHints":{"allow":["GET"]}}],"collection":[{"href":"https:\/\/www.upo.es\/diario\/wp-json\/wp\/v2\/posts"}],"about":[{"href":"https:\/\/www.upo.es\/diario\/wp-json\/wp\/v2\/types\/post"}],"author":[{"embeddable":true,"href":"https:\/\/www.upo.es\/diario\/wp-json\/wp\/v2\/users\/6"}],"replies":[{"embeddable":true,"href":"https:\/\/www.upo.es\/diario\/wp-json\/wp\/v2\/comments?post=3960877"}],"version-history":[{"count":5,"href":"https:\/\/www.upo.es\/diario\/wp-json\/wp\/v2\/posts\/3960877\/revisions"}],"predecessor-version":[{"id":3975268,"href":"https:\/\/www.upo.es\/diario\/wp-json\/wp\/v2\/posts\/3960877\/revisions\/3975268"}],"wp:attachment":[{"href":"https:\/\/www.upo.es\/diario\/wp-json\/wp\/v2\/media?parent=3960877"}],"wp:term":[{"taxonomy":"category","embeddable":true,"href":"https:\/\/www.upo.es\/diario\/wp-json\/wp\/v2\/categories?post=3960877"},{"taxonomy":"post_tag","embeddable":true,"href":"https:\/\/www.upo.es\/diario\/wp-json\/wp\/v2\/tags?post=3960877"}],"curies":[{"name":"wp","href":"https:\/\/api.w.org\/{rel}","templated":true}]}}