{"id":3975269,"date":"2014-05-20T06:45:21","date_gmt":"2014-05-20T06:45:21","guid":{"rendered":"https:\/\/www.upo.es\/diario\/?p=3975269"},"modified":"2014-05-21T15:09:54","modified_gmt":"2014-05-21T15:09:54","slug":"manana-conferencia-dialogo-en-la-upo-con-la-historiadora-y-feminista-estadounidense-silvia-federici","status":"publish","type":"post","link":"https:\/\/www.upo.es\/diario\/institucional\/2014\/05\/manana-conferencia-dialogo-en-la-upo-con-la-historiadora-y-feminista-estadounidense-silvia-federici\/","title":{"rendered":"Ma\u00f1ana, conferencia-di\u00e1logo en la UPO con la historiadora y feminista estadounidense Silvia Federici"},"content":{"rendered":"<figure id=\"attachment_3975270\" aria-describedby=\"caption-attachment-3975270\" style=\"width: 320px\" class=\"wp-caption alignright\"><a href=\"https:\/\/www.upo.es\/diario\/wp-content\/uploads\/2014\/05\/FEDERICI.png\"><img loading=\"lazy\" decoding=\"async\" class=\"size-medium wp-image-3975270\" alt=\"Silvia Federici es historiadora y feminista estadounidense\" src=\"https:\/\/www.upo.es\/diario\/wp-content\/uploads\/2014\/05\/FEDERICI-320x226.png\" width=\"320\" height=\"226\" srcset=\"https:\/\/www.upo.es\/diario\/wp-content\/uploads\/2014\/05\/FEDERICI-320x226.png 320w, https:\/\/www.upo.es\/diario\/wp-content\/uploads\/2014\/05\/FEDERICI-1024x724.png 1024w, https:\/\/www.upo.es\/diario\/wp-content\/uploads\/2014\/05\/FEDERICI-600x424.png 600w, https:\/\/www.upo.es\/diario\/wp-content\/uploads\/2014\/05\/FEDERICI.png 1414w\" sizes=\"auto, (max-width: 320px) 100vw, 320px\" \/><\/a><figcaption id=\"caption-attachment-3975270\" class=\"wp-caption-text\">Silvia Federici es historiadora y feminista estadounidense<\/figcaption><\/figure>\n<p>Ma\u00f1ana mi\u00e9rcoles 21 de mayo, a las 12 horas en la sala de grados del edificio de la Biblioteca de la Universidad Pablo de Olavide, el grupo de investigaci\u00f3n <i>EcoEcoFem<\/i> (Econom\u00eda Ecol\u00f3gica, Feminista y Desarrollo) ha organizado la <b>conferencia-di\u00e1logo con Silvia Federici <\/b>\u00a0\u201c<i>Crisis and eco-social transformations. Historical and feminist perspectives\u201d, di\u00e1logo que mantendr\u00e1 con la profesora de la UPO <\/i><a href=\"http:\/\/linagalvez.com\/?page_id=73\" target=\"_blank\"><i>Lina G\u00e1lvez<\/i><\/a><i>.<\/i><\/p>\n<p><b>Silvia Federici<\/b> es historiadora y feminista estadounidense. Su libro<i>\u00a0<b>Calib\u00e1n y la bruja. Mujeres, cuerpo y acumulaci\u00f3n originari<\/b>a<\/i>\u00a0(Traficantes de Sue\u00f1os, 2010) ha sido aclamado por cr\u00edtica y p\u00fablico como uno de los libros claves de los \u00faltimos a\u00f1os. Con cuatro ediciones y m\u00e1s de 10.000 descargas, este texto ha desvelado una imagen del feudalismo y del inicio del capitalismo muy distinta a las lecturas tradicionales. Federici demuestra que la caza de brujas form\u00f3 parte del disciplinamiento de las mujeres a su \u201cnueva\u201d posici\u00f3n en la sociedad tras la destrucci\u00f3n de las comunidades campesinas: una posici\u00f3n subalterna al salario del hombre y reducida al \u00e1mbito reproductivo-dom\u00e9stico.\u00a0<b><i>Revoluci\u00f3n en punto cero<\/i><\/b><i>\u00a0<\/i>re\u00fane trece art\u00edculos de la autora fechados entre 1975 y nuestros d\u00edas. Incluye algunos de los textos fundamentales de la campa\u00f1a Salarios para el Trabajo Dom\u00e9stico as\u00ed como importantes an\u00e1lisis sobre el impacto de los Programas de Ajuste Estructural en los pa\u00edses del Sur, de los que fue testigo en Nigeria. Recoge tambi\u00e9n sus recientes propuestas sobre los comunes. Todas sus contribuciones reflejan tanto la fuerza de su pasi\u00f3n pol\u00edtica como la potencia intelectual de su concepci\u00f3n acerca del capitalismo, en general, y del trabajo reproductivo, en particular.<\/p>\n","protected":false},"excerpt":{"rendered":"<p>Ma\u00f1ana mi\u00e9rcoles 21 de mayo, a las 12 horas en la sala de grados del edificio de la Biblioteca de la Universidad Pablo de Olavide, el grupo de investigaci\u00f3n EcoEcoFem (Econom\u00eda Ecol\u00f3gica, Feminista y Desarrollo) ha organizado la conferencia-di\u00e1logo con Silvia Federici  \u201cCrisis and eco-social transformations. Historical and feminist perspectives\u201d, di\u00e1logo que mantendr\u00e1 con la profesora de la UPO Lina G\u00e1lvez.<\/p>\n","protected":false},"author":6,"featured_media":0,"comment_status":"closed","ping_status":"open","sticky":false,"template":"","format":"standard","meta":{"_monsterinsights_skip_tracking":false,"_monsterinsights_sitenote_active":false,"_monsterinsights_sitenote_note":"","_monsterinsights_sitenote_category":0,"footnotes":""},"categories":[6],"tags":[603,227,890,150,898],"class_list":["post-3975269","post","type-post","status-publish","format-standard","hentry","category-institucional","tag-coloquio","tag-conferencia","tag-feminismo","tag-historia","tag-lina-galvez"],"_links":{"self":[{"href":"https:\/\/www.upo.es\/diario\/wp-json\/wp\/v2\/posts\/3975269","targetHints":{"allow":["GET"]}}],"collection":[{"href":"https:\/\/www.upo.es\/diario\/wp-json\/wp\/v2\/posts"}],"about":[{"href":"https:\/\/www.upo.es\/diario\/wp-json\/wp\/v2\/types\/post"}],"author":[{"embeddable":true,"href":"https:\/\/www.upo.es\/diario\/wp-json\/wp\/v2\/users\/6"}],"replies":[{"embeddable":true,"href":"https:\/\/www.upo.es\/diario\/wp-json\/wp\/v2\/comments?post=3975269"}],"version-history":[{"count":7,"href":"https:\/\/www.upo.es\/diario\/wp-json\/wp\/v2\/posts\/3975269\/revisions"}],"predecessor-version":[{"id":3989875,"href":"https:\/\/www.upo.es\/diario\/wp-json\/wp\/v2\/posts\/3975269\/revisions\/3989875"}],"wp:attachment":[{"href":"https:\/\/www.upo.es\/diario\/wp-json\/wp\/v2\/media?parent=3975269"}],"wp:term":[{"taxonomy":"category","embeddable":true,"href":"https:\/\/www.upo.es\/diario\/wp-json\/wp\/v2\/categories?post=3975269"},{"taxonomy":"post_tag","embeddable":true,"href":"https:\/\/www.upo.es\/diario\/wp-json\/wp\/v2\/tags?post=3975269"}],"curies":[{"name":"wp","href":"https:\/\/api.w.org\/{rel}","templated":true}]}}