{"id":3987571,"date":"2014-05-22T06:40:50","date_gmt":"2014-05-22T06:40:50","guid":{"rendered":"https:\/\/www.upo.es\/diario\/?p=3987571"},"modified":"2014-05-23T07:16:45","modified_gmt":"2014-05-23T07:16:45","slug":"la-upo-acoge-manana-autoemprende-jornadas-para-emprendedores-organizadas-por-uatae-andalucia","status":"publish","type":"post","link":"https:\/\/www.upo.es\/diario\/institucional\/2014\/05\/la-upo-acoge-manana-autoemprende-jornadas-para-emprendedores-organizadas-por-uatae-andalucia\/","title":{"rendered":"La UPO acoge \u00abAutoemprende: Jornadas para Emprendedores\u00bb, organizadas por UATAE Andaluc\u00eda"},"content":{"rendered":"<figure id=\"attachment_4000132\" aria-describedby=\"caption-attachment-4000132\" style=\"width: 320px\" class=\"wp-caption alignright\"><a href=\"https:\/\/www.upo.es\/diario\/institucional\/2014\/05\/la-upo-acoge-manana-autoemprende-jornadas-para-emprendedores-organizadas-por-uatae-andalucia\/attachment\/img1\/\" rel=\"attachment wp-att-4000132\"><img loading=\"lazy\" decoding=\"async\" class=\"size-medium wp-image-4000132 \" alt=\"De izq. a dcha: Jos\u00e9 Mar\u00eda O'Kean, catedr\u00e1tico de Econom\u00eda aplicada; Jes\u00fas Valencia, secretario general de UATAE Andaluc\u00eda; Vicente Guzm\u00e1n; Francisco Carrasco, decano de la Facultad de CC. Empresariales, y Francisco Ortiz, presidente de la empresa Xtrace.\" src=\"https:\/\/www.upo.es\/diario\/wp-content\/uploads\/2014\/05\/IMG1-320x213.jpg\" width=\"320\" height=\"213\" srcset=\"https:\/\/www.upo.es\/diario\/wp-content\/uploads\/2014\/05\/IMG1-320x213.jpg 320w, https:\/\/www.upo.es\/diario\/wp-content\/uploads\/2014\/05\/IMG1-1024x682.jpg 1024w, https:\/\/www.upo.es\/diario\/wp-content\/uploads\/2014\/05\/IMG1-600x400.jpg 600w\" sizes=\"auto, (max-width: 320px) 100vw, 320px\" \/><\/a><figcaption id=\"caption-attachment-4000132\" class=\"wp-caption-text\">De izq. a dcha: Jos\u00e9 Mar\u00eda O&#8217;Kean, catedr\u00e1tico de Econom\u00eda aplicada; Jes\u00fas Valencia, secretario general de UATAE Andaluc\u00eda; Vicente Guzm\u00e1n; Francisco Carrasco, decano de la Facultad de CC. Empresariales, y Francisco Ortiz, presidente de la empresa Xtrace.<\/figcaption><\/figure>\n<p style=\"text-align: justify;\">Esta ma\u00f1ana en la Universidad Pablo de Olavide ha tenido lugar\u00a0 \u201cAutoemprende: Jornadas para Emprendedores\u201d organizadas por la Uni\u00f3n de Asociaci\u00f3n de Trabajadores Aut\u00f3nomos y Emprendedores de Andaluc\u00eda (<a href=\"http:\/\/www.uataeandalucia.org\/\">UATAE Andaluc\u00eda<\/a>). Las jornadas, que han sido inauguradas por el rector de la UPO, Vicente Guzm\u00e1n Fluja, y por el decano de la Facultad de Ciencias Empresariales de la UPO, Francisco Carrasco Fenech, han sido presentadas por Jes\u00fas Valencia Matos, secretario general de UATAE Andaluc\u00eda.<\/p>\n<p style=\"text-align: justify;\">Estas jornadas tienen como objetivo promover el conocimiento del trabajo aut\u00f3nomo como elemento de valor a\u00f1adido para la generaci\u00f3n de empleo, as\u00ed como sensibilizar en materia de emprendimiento y autoempleo. En este sentido, se han celebrado dos conferencias: la primera impartida por el catedr\u00e1tico de Econom\u00eda Aplicada de la UPO, Jos\u00e9 Mar\u00eda O\u00b4Kean, que ha abordado el entorno socioecon\u00f3mico del emprendimiento, y el presidente de la empresa Xtrace, Francisco Ortiz, ha impartido la segunda conferencia, en la que ha hablado sobre su experiencia empresarial como modelo de emprendimiento, as\u00ed como del paso de una pyme local a una empresa global. Tras finalizar las conferencias, se ha abierto un debate-coloquio con los asistentes.<\/p>\n<p style=\"text-align: justify;\">Las jornadas est\u00e1n dirigidas a personas con un negocio activo y que deseen diversificarlo, micropymes y aut\u00f3nomos; para emprendedores que tengan en mente la creaci\u00f3n de su propio negocio, y para personas con inter\u00e9s en poner en marcha alg\u00fan d\u00eda su propio negocio, pero no se atreven a dar el paso.<\/p>\n<p style=\"text-align: justify;\">\u00a0\u201cAutoemprende: Jornadas para Emprendedores\u201d, organizadas por UATAE Andaluc\u00eda, se enmarcan en el Programa de Apoyo y Fomento al Trabajo Aut\u00f3nomo, financiadas por la Junta de Andaluc\u00eda y el Fondo Social Europeo.<\/p>\n","protected":false},"excerpt":{"rendered":"<p>Esta ma\u00f1ana en la Universidad Pablo de Olavide ha tenido lugar  \u201cAutoemprende: Jornadas para Emprendedores\u201d organizadas por la Uni\u00f3n de Asociaci\u00f3n de Trabajadores Aut\u00f3nomos y Emprendedores de Andaluc\u00eda (UATAE Andaluc\u00eda). Las jornadas, que han sido inauguradas por el rector de la UPO, Vicente Guzm\u00e1n Fluja, y por el decano de la Facultad de Ciencias Empresariales de la UPO, Francisco Carrasco Fenech, han sido presentadas por Jes\u00fas Valencia Matos, secretario general de UATAE Andaluc\u00eda.<\/p>\n","protected":false},"author":4,"featured_media":0,"comment_status":"closed","ping_status":"open","sticky":false,"template":"","format":"standard","meta":{"_monsterinsights_skip_tracking":false,"_monsterinsights_sitenote_active":false,"_monsterinsights_sitenote_note":"","_monsterinsights_sitenote_category":0,"footnotes":""},"categories":[6],"tags":[1387,1388,689,84,38,1389,1340],"class_list":["post-3987571","post","type-post","status-publish","format-standard","hentry","category-institucional","tag-autoemprede","tag-autonomo","tag-emprendimiento","tag-jornadas","tag-rector","tag-uatae","tag-vicente-guzman"],"_links":{"self":[{"href":"https:\/\/www.upo.es\/diario\/wp-json\/wp\/v2\/posts\/3987571","targetHints":{"allow":["GET"]}}],"collection":[{"href":"https:\/\/www.upo.es\/diario\/wp-json\/wp\/v2\/posts"}],"about":[{"href":"https:\/\/www.upo.es\/diario\/wp-json\/wp\/v2\/types\/post"}],"author":[{"embeddable":true,"href":"https:\/\/www.upo.es\/diario\/wp-json\/wp\/v2\/users\/4"}],"replies":[{"embeddable":true,"href":"https:\/\/www.upo.es\/diario\/wp-json\/wp\/v2\/comments?post=3987571"}],"version-history":[{"count":7,"href":"https:\/\/www.upo.es\/diario\/wp-json\/wp\/v2\/posts\/3987571\/revisions"}],"predecessor-version":[{"id":3998978,"href":"https:\/\/www.upo.es\/diario\/wp-json\/wp\/v2\/posts\/3987571\/revisions\/3998978"}],"wp:attachment":[{"href":"https:\/\/www.upo.es\/diario\/wp-json\/wp\/v2\/media?parent=3987571"}],"wp:term":[{"taxonomy":"category","embeddable":true,"href":"https:\/\/www.upo.es\/diario\/wp-json\/wp\/v2\/categories?post=3987571"},{"taxonomy":"post_tag","embeddable":true,"href":"https:\/\/www.upo.es\/diario\/wp-json\/wp\/v2\/tags?post=3987571"}],"curies":[{"name":"wp","href":"https:\/\/api.w.org\/{rel}","templated":true}]}}