{"id":3988144,"date":"2014-05-22T06:38:41","date_gmt":"2014-05-22T06:38:41","guid":{"rendered":"https:\/\/www.upo.es\/diario\/?p=3988144"},"modified":"2014-05-22T06:47:37","modified_gmt":"2014-05-22T06:47:37","slug":"manana-ceremonia-de-egresados-de-la-segunda-promocion-del-grado-en-relaciones-laborales-y-recursos-humanos-de-la-upo","status":"publish","type":"post","link":"https:\/\/www.upo.es\/diario\/institucional\/2014\/05\/manana-ceremonia-de-egresados-de-la-segunda-promocion-del-grado-en-relaciones-laborales-y-recursos-humanos-de-la-upo\/","title":{"rendered":"Esta tarde, Ceremonia de Egresados de la segunda promoci\u00f3n del grado en Relaciones Laborales y Recursos Humanos de la UPO"},"content":{"rendered":"<p style=\"text-align: justify;\">Hoy jueves 22 de mayo, a las 19 horas en el Paraninfo de la Universidad Pablo de Olavide, se celebrar\u00e1 la Ceremonia de Egresados de la segunda promoci\u00f3n (2010-2014) del grado en Relaciones Laborales y Recursos Humanos, que estar\u00e1 presidida por el decano de la Facultad de Derecho de la UPO, Andr\u00e9s Rodr\u00edguez Benot.<\/p>\n<p style=\"text-align: justify;\">El padrino de la promoci\u00f3n ser\u00e1 Pablo Surroca Casas, magistrado-juez del Juzgado de lo Social n\u00ba 2 de Sevilla. A la ceremonia asistir\u00e1n tambi\u00e9n Rafael Hidalgo Romero, presidente del Colegio Oficial de Graduados Sociales de Sevilla y profesor de la Facultad de Derecho de la UPO y M\u00f3nica Arribas Le\u00f3n, vicedecana de Ordenaci\u00f3n Acad\u00e9mica e Innovaci\u00f3n Docente de la Facultad de Derecho.<\/p>\n<p style=\"text-align: justify;\">Un total de 75 egresados han confirmado su asistencia, junto a sus familiares, a estos actos con los que la Universidad Pablo de Olavide recupera una antigua tradici\u00f3n de las universidades europeas.<\/p>\n<p align=\"center\"><b>Programa Ceremonia Fin del Grado en Relaciones Laborales y Recursos Humanos<\/b><\/p>\n<p align=\"center\">19.00 horas.<\/p>\n<p align=\"center\">Paraninfo de la Universidad Pablo de Olavide<\/p>\n<p align=\"center\">&#8211; Apertura del acto.<\/p>\n<p align=\"center\">&#8211; Mensaje del padrino de la promoci\u00f3n: Pablo Surroca Casas, magistrado-juez del Juzgado de lo Social n\u00ba2 de Sevilla.<\/p>\n<p align=\"center\">&#8211; Imposici\u00f3n de becas a los estudiantes.<\/p>\n<p align=\"center\">&#8211; Intervenci\u00f3n de los representantes de los estudiantes: M\u00aa \u00c1ngeles Moreno Rodr\u00edguez,\u00a0 C\u00e9sar Romero Ort\u00edz,\u00a0 M\u00aa Jos\u00e9 Ram\u00edrez Caballero y\u00a0 Patricia Alan\u00eds Jim\u00e9nez.<\/p>\n<p align=\"center\">&#8211; Palabras y clausura del decano de la Facultad de Derecho de la UPO, Andr\u00e9s Rodr\u00edguez Benot.<\/p>\n<p align=\"center\">&#8211; Himno Universitario<\/p>\n","protected":false},"excerpt":{"rendered":"<p>Hoy jueves 22 de mayo, a las 19 horas en el Paraninfo de la Universidad Pablo de Olavide, se celebrar\u00e1 la Ceremonia de Egresados de la segunda promoci\u00f3n (2010-2014) del grado en Relaciones Laborales y Recursos Humanos, que estar\u00e1 presidida por el decano de la Facultad de Derecho de la UPO, Andr\u00e9s Rodr\u00edguez Benot.<\/p>\n","protected":false},"author":4,"featured_media":0,"comment_status":"closed","ping_status":"open","sticky":false,"template":"","format":"standard","meta":{"_monsterinsights_skip_tracking":false,"_monsterinsights_sitenote_active":false,"_monsterinsights_sitenote_note":"","_monsterinsights_sitenote_category":0,"footnotes":""},"categories":[6],"tags":[581,81,1390],"class_list":["post-3988144","post","type-post","status-publish","format-standard","hentry","category-institucional","tag-ceremonia-de-egresados","tag-facultad-de-derecho","tag-grado-en-relaciones-laborales-y-recursos-humanos"],"_links":{"self":[{"href":"https:\/\/www.upo.es\/diario\/wp-json\/wp\/v2\/posts\/3988144","targetHints":{"allow":["GET"]}}],"collection":[{"href":"https:\/\/www.upo.es\/diario\/wp-json\/wp\/v2\/posts"}],"about":[{"href":"https:\/\/www.upo.es\/diario\/wp-json\/wp\/v2\/types\/post"}],"author":[{"embeddable":true,"href":"https:\/\/www.upo.es\/diario\/wp-json\/wp\/v2\/users\/4"}],"replies":[{"embeddable":true,"href":"https:\/\/www.upo.es\/diario\/wp-json\/wp\/v2\/comments?post=3988144"}],"version-history":[{"count":5,"href":"https:\/\/www.upo.es\/diario\/wp-json\/wp\/v2\/posts\/3988144\/revisions"}],"predecessor-version":[{"id":3998981,"href":"https:\/\/www.upo.es\/diario\/wp-json\/wp\/v2\/posts\/3988144\/revisions\/3998981"}],"wp:attachment":[{"href":"https:\/\/www.upo.es\/diario\/wp-json\/wp\/v2\/media?parent=3988144"}],"wp:term":[{"taxonomy":"category","embeddable":true,"href":"https:\/\/www.upo.es\/diario\/wp-json\/wp\/v2\/categories?post=3988144"},{"taxonomy":"post_tag","embeddable":true,"href":"https:\/\/www.upo.es\/diario\/wp-json\/wp\/v2\/tags?post=3988144"}],"curies":[{"name":"wp","href":"https:\/\/api.w.org\/{rel}","templated":true}]}}