{"id":4000707,"date":"2014-05-23T01:20:40","date_gmt":"2014-05-23T01:20:40","guid":{"rendered":"https:\/\/www.upo.es\/diario\/?p=4000707"},"modified":"2014-05-23T13:44:06","modified_gmt":"2014-05-23T13:44:06","slug":"manana-charla-de-jose-candon-mena-toma-la-calle-toma-las-redes-el-movimiento-15m-en-internet","status":"publish","type":"post","link":"https:\/\/www.upo.es\/diario\/institucional\/2014\/05\/manana-charla-de-jose-candon-mena-toma-la-calle-toma-las-redes-el-movimiento-15m-en-internet\/","title":{"rendered":"Hoy, charla de Jos\u00e9 Cand\u00f3n Mena \u201cToma la calle, toma las redes. El movimiento 15M en internet\u201d"},"content":{"rendered":"<figure id=\"attachment_4012691\" aria-describedby=\"caption-attachment-4012691\" style=\"width: 320px\" class=\"wp-caption alignright\"><img loading=\"lazy\" decoding=\"async\" class=\"size-medium wp-image-4012691\" alt=\"15M: Toma la calle\" src=\"https:\/\/www.upo.es\/diario\/wp-content\/uploads\/2014\/05\/5739051351_33f41b17c2_o-320x213.jpg\" width=\"320\" height=\"213\" srcset=\"https:\/\/www.upo.es\/diario\/wp-content\/uploads\/2014\/05\/5739051351_33f41b17c2_o-320x213.jpg 320w, https:\/\/www.upo.es\/diario\/wp-content\/uploads\/2014\/05\/5739051351_33f41b17c2_o-1024x682.jpg 1024w, https:\/\/www.upo.es\/diario\/wp-content\/uploads\/2014\/05\/5739051351_33f41b17c2_o-600x400.jpg 600w, https:\/\/www.upo.es\/diario\/wp-content\/uploads\/2014\/05\/5739051351_33f41b17c2_o.jpg 1500w\" sizes=\"auto, (max-width: 320px) 100vw, 320px\" \/><figcaption id=\"caption-attachment-4012691\" class=\"wp-caption-text\">Foto: Mario S\u00e1nchez<\/figcaption><\/figure>\n<p>Hoy viernes 23 de mayo, <strong>a las 17 horas en el aula 8 del edificio 13<\/strong> de la Universidad Pablo de Olavide, tendr\u00e1 lugar una charla-coloquio de Jos\u00e9 Cand\u00f3n Mena, de la Universidad de Sevilla, con su ponencia \u201cToma la calle, toma las redes. El movimiento 15M en Internet\u201d. Esta charla est\u00e1 organizada por el Laboratorio de Ideas y Pr\u00e1cticas Pol\u00edticas (LIPPO) de la UPO, con motivo de la salida del libro de Jos\u00e9 Cand\u00f3n, con el mismo t\u00edtulo que la charla.<\/p>\n","protected":false},"excerpt":{"rendered":"<p>Hoy viernes 23 de mayo, a las 17 horas en el aula 8 del edificio 13 de la Universidad Pablo de Olavide, tendr\u00e1 lugar una charla-coloquio de Jos\u00e9 Cand\u00f3n Mena, de la Universidad de Sevilla, con su ponencia \u201cToma la calle, toma las redes. El movimiento 15M en Internet\u201d. <\/p>\n","protected":false},"author":8,"featured_media":0,"comment_status":"closed","ping_status":"open","sticky":false,"template":"","format":"standard","meta":{"_monsterinsights_skip_tracking":false,"_monsterinsights_sitenote_active":false,"_monsterinsights_sitenote_note":"","_monsterinsights_sitenote_category":0,"footnotes":""},"categories":[6],"tags":[589,901,1395,1394,256],"class_list":["post-4000707","post","type-post","status-publish","format-standard","hentry","category-institucional","tag-15m","tag-charla","tag-jose-candon-mena","tag-laboratorio-de-ideas","tag-lippo"],"_links":{"self":[{"href":"https:\/\/www.upo.es\/diario\/wp-json\/wp\/v2\/posts\/4000707","targetHints":{"allow":["GET"]}}],"collection":[{"href":"https:\/\/www.upo.es\/diario\/wp-json\/wp\/v2\/posts"}],"about":[{"href":"https:\/\/www.upo.es\/diario\/wp-json\/wp\/v2\/types\/post"}],"author":[{"embeddable":true,"href":"https:\/\/www.upo.es\/diario\/wp-json\/wp\/v2\/users\/8"}],"replies":[{"embeddable":true,"href":"https:\/\/www.upo.es\/diario\/wp-json\/wp\/v2\/comments?post=4000707"}],"version-history":[{"count":7,"href":"https:\/\/www.upo.es\/diario\/wp-json\/wp\/v2\/posts\/4000707\/revisions"}],"predecessor-version":[{"id":4016711,"href":"https:\/\/www.upo.es\/diario\/wp-json\/wp\/v2\/posts\/4000707\/revisions\/4016711"}],"wp:attachment":[{"href":"https:\/\/www.upo.es\/diario\/wp-json\/wp\/v2\/media?parent=4000707"}],"wp:term":[{"taxonomy":"category","embeddable":true,"href":"https:\/\/www.upo.es\/diario\/wp-json\/wp\/v2\/categories?post=4000707"},{"taxonomy":"post_tag","embeddable":true,"href":"https:\/\/www.upo.es\/diario\/wp-json\/wp\/v2\/tags?post=4000707"}],"curies":[{"name":"wp","href":"https:\/\/api.w.org\/{rel}","templated":true}]}}