{"id":4001282,"date":"2014-05-22T11:23:49","date_gmt":"2014-05-22T11:23:49","guid":{"rendered":"https:\/\/www.upo.es\/diario\/?p=4001282"},"modified":"2014-05-22T11:23:49","modified_gmt":"2014-05-22T11:23:49","slug":"la-upo-participara-en-el-programa-apadrinando-el-talento-de-la-fundacion-principe-de-girona","status":"publish","type":"post","link":"https:\/\/www.upo.es\/diario\/institucional\/2014\/05\/la-upo-participara-en-el-programa-apadrinando-el-talento-de-la-fundacion-principe-de-girona\/","title":{"rendered":"La UPO participar\u00e1 en el programa \u201cApadrinando el Talento\u201d de la Fundaci\u00f3n Pr\u00edncipe de Girona"},"content":{"rendered":"<figure id=\"attachment_4001283\" aria-describedby=\"caption-attachment-4001283\" style=\"width: 320px\" class=\"wp-caption alignright\"><a href=\"https:\/\/www.upo.es\/diario\/wp-content\/uploads\/2014\/05\/conve_fprincipegirona.jpg\"><img loading=\"lazy\" decoding=\"async\" class=\"size-medium wp-image-4001283\" alt=\"El rector de la Universidad Pablo de Olavide, Vicente Guzm\u00e1n, y la directora general de la Fundaci\u00f3n Pr\u00edncipe de Girona, M\u00f2nica Margarit.\" src=\"https:\/\/www.upo.es\/diario\/wp-content\/uploads\/2014\/05\/conve_fprincipegirona-320x296.jpg\" width=\"320\" height=\"296\" srcset=\"https:\/\/www.upo.es\/diario\/wp-content\/uploads\/2014\/05\/conve_fprincipegirona-320x296.jpg 320w, https:\/\/www.upo.es\/diario\/wp-content\/uploads\/2014\/05\/conve_fprincipegirona-1024x947.jpg 1024w, https:\/\/www.upo.es\/diario\/wp-content\/uploads\/2014\/05\/conve_fprincipegirona-600x555.jpg 600w, https:\/\/www.upo.es\/diario\/wp-content\/uploads\/2014\/05\/conve_fprincipegirona.jpg 1325w\" sizes=\"auto, (max-width: 320px) 100vw, 320px\" \/><\/a><figcaption id=\"caption-attachment-4001283\" class=\"wp-caption-text\">El rector de la Universidad Pablo de Olavide, Vicente Guzm\u00e1n, y la directora general de la Fundaci\u00f3n Pr\u00edncipe de Girona, M\u00f2nica Margarit.<\/figcaption><\/figure>\n<p>El rector de la Universidad Pablo de Olavide de Sevilla y la directora general de la Fundaci\u00f3n Pr\u00edncipe de Girona, M\u00f2nica Margarit Ribalta, han suscrito hoy un convenio titulado <a href=\"http:\/\/www.apadrinandoeltalento.org\/\">\u201cApadrinando el talento\u201d<\/a>, con el objetivo de mejorar la empleabilidad de los j\u00f3venes con titulaci\u00f3n superior en paro, garantizando la igualdad de oportunidades.<\/p>\n<p>Con el\u00a0 programa \u2018<b>Apadrinando el Talento<\/b>\u2019, la <b>Fundaci\u00f3n Pr\u00edncipe de Girona<\/b> pretende incrementar la empleabilidad de los j\u00f3venes con titulaci\u00f3n superior (ya sea\u00a0universitaria o de FP superior)\u00a0que hayan estudiado con una beca o bien sean los primeros miembros de su familia en obtener una titulaci\u00f3n superior.\u00a0 El programa utiliza una metodolog\u00eda innovadora donde estos j\u00f3venes son apadrinados por profesionales durante 6 meses en 8-10 sesiones de mentoring tanto presenciales como virtuales, ayud\u00e1ndoles\u00a0 a mejorar competencias y habilidades de cara a un mayor \u00e9xito en su futuro profesional. La misi\u00f3n de estos mentores es proporcionar a los j\u00f3venes instrumentos y consejo en sus recorridos profesionales, al tiempo que les abren sus redes de contactos y les transmiten los c\u00f3digos necesarios para mejorar su empleabilidad y asegurar el \u00e9xito cuando se produzca la inserci\u00f3n laboral.<\/p>\n<p>Con este convenio la UPO actuar\u00e1 como partner local, difundiendo el proyecto, identificando participantes, y colaborando en la organizaci\u00f3n y realizaci\u00f3n de las actuaciones complementarias del proyecto en esta universidad. Tanto Guzm\u00e1n como Margarit han mostrado su satisfacci\u00f3n\u00a0 por tener la ocasi\u00f3n de poner en marcha esta iniciativa en la UPO.<\/p>\n<p>Los requisitos para participar en este proyecto son tener entre 18 y 30 a\u00f1os, haber finalizado los estudios universitarios, haber estudiado con una beca salario, beca compensatoria o de movilidad especial, estar legalmente autorizado para trabajar en Espa\u00f1a y estar en situaci\u00f3n de desempleo o con un empleo que no se corresponda con su nivel de titulaci\u00f3n. Tambi\u00e9n est\u00e1 dirigido a aquellos j\u00f3venes que no han tenido beca pero han sido los primeros miembros de su familia en obtener un t\u00edtulo universitario o de formaci\u00f3n profesional superior.<\/p>\n<p>&nbsp;<\/p>\n","protected":false},"excerpt":{"rendered":"<p>El rector de la Universidad Pablo de Olavide de Sevilla y la directora general de la Fundaci\u00f3n Pr\u00edncipe de Girona, M\u00f2nica Margarit Ribalta, han suscrito hoy un convenio titulado \u201cApadrinando el talento\u201d, con el objetivo de mejorar la empleabilidad de los j\u00f3venes con titulaci\u00f3n superior en paro, garantizando la igualdad de oportunidades.<\/p>\n","protected":false},"author":9,"featured_media":0,"comment_status":"closed","ping_status":"open","sticky":false,"template":"","format":"standard","meta":{"_monsterinsights_skip_tracking":false,"_monsterinsights_sitenote_active":false,"_monsterinsights_sitenote_note":"","_monsterinsights_sitenote_category":0,"footnotes":""},"categories":[6],"tags":[1397,1396,491],"class_list":["post-4001282","post","type-post","status-publish","format-standard","hentry","category-institucional","tag-apadrinado-el-talento","tag-fundacion-principe-de-girona","tag-upo"],"_links":{"self":[{"href":"https:\/\/www.upo.es\/diario\/wp-json\/wp\/v2\/posts\/4001282","targetHints":{"allow":["GET"]}}],"collection":[{"href":"https:\/\/www.upo.es\/diario\/wp-json\/wp\/v2\/posts"}],"about":[{"href":"https:\/\/www.upo.es\/diario\/wp-json\/wp\/v2\/types\/post"}],"author":[{"embeddable":true,"href":"https:\/\/www.upo.es\/diario\/wp-json\/wp\/v2\/users\/9"}],"replies":[{"embeddable":true,"href":"https:\/\/www.upo.es\/diario\/wp-json\/wp\/v2\/comments?post=4001282"}],"version-history":[{"count":2,"href":"https:\/\/www.upo.es\/diario\/wp-json\/wp\/v2\/posts\/4001282\/revisions"}],"predecessor-version":[{"id":4001285,"href":"https:\/\/www.upo.es\/diario\/wp-json\/wp\/v2\/posts\/4001282\/revisions\/4001285"}],"wp:attachment":[{"href":"https:\/\/www.upo.es\/diario\/wp-json\/wp\/v2\/media?parent=4001282"}],"wp:term":[{"taxonomy":"category","embeddable":true,"href":"https:\/\/www.upo.es\/diario\/wp-json\/wp\/v2\/categories?post=4001282"},{"taxonomy":"post_tag","embeddable":true,"href":"https:\/\/www.upo.es\/diario\/wp-json\/wp\/v2\/tags?post=4001282"}],"curies":[{"name":"wp","href":"https:\/\/api.w.org\/{rel}","templated":true}]}}