{"id":4001863,"date":"2014-05-22T12:52:14","date_gmt":"2014-05-22T12:52:14","guid":{"rendered":"https:\/\/www.upo.es\/diario\/?p=4001863"},"modified":"2014-05-23T12:43:58","modified_gmt":"2014-05-23T12:43:58","slug":"la-casa-de-la-provincia-de-sevilla-acoge-el-acto-de-presentacion-de-la-asociacion-rosario-valpuesta","status":"publish","type":"post","link":"https:\/\/www.upo.es\/diario\/institucional\/2014\/05\/la-casa-de-la-provincia-de-sevilla-acoge-el-acto-de-presentacion-de-la-asociacion-rosario-valpuesta\/","title":{"rendered":"La Casa de la Provincia de Sevilla acoge el acto de presentaci\u00f3n de la Asociaci\u00f3n Rosario Valpuesta"},"content":{"rendered":"<figure id=\"attachment_4002437\" aria-describedby=\"caption-attachment-4002437\" style=\"width: 320px\" class=\"wp-caption alignright\"><a href=\"https:\/\/www.upo.es\/diario\/wp-content\/uploads\/2014\/05\/presen_asoc_rosariovalpuesta.jpg\"><img loading=\"lazy\" decoding=\"async\" class=\"size-medium wp-image-4002437\" alt=\"La Asociaci\u00f3n Rosario Valpuesta, constituida el pasado 17 de febrero, ha sido presentada en la Casa de la Provincia\" src=\"https:\/\/www.upo.es\/diario\/wp-content\/uploads\/2014\/05\/presen_asoc_rosariovalpuesta-320x213.jpg\" width=\"320\" height=\"213\" srcset=\"https:\/\/www.upo.es\/diario\/wp-content\/uploads\/2014\/05\/presen_asoc_rosariovalpuesta-320x213.jpg 320w, https:\/\/www.upo.es\/diario\/wp-content\/uploads\/2014\/05\/presen_asoc_rosariovalpuesta-1024x683.jpg 1024w, https:\/\/www.upo.es\/diario\/wp-content\/uploads\/2014\/05\/presen_asoc_rosariovalpuesta-600x400.jpg 600w\" sizes=\"auto, (max-width: 320px) 100vw, 320px\" \/><\/a><figcaption id=\"caption-attachment-4002437\" class=\"wp-caption-text\">La Asociaci\u00f3n Rosario Valpuesta, constituida el pasado 17 de febrero, ha sido presentada en la Casa de la Provincia<\/figcaption><\/figure>\n<p>Este mediod\u00eda se ha presentado en la Casa de la Provincia de Sevilla la reci\u00e9n constituida Asociaci\u00f3n Rosario Valpuesta, bajo la leyenda \u201cIguales en la diferencia\u201d, en memoria de la que fue la primera mujer andaluza al frente de un Rectorado, al hacerse cargo en 1997 de la Universidad Pablo de Olavide.<\/p>\n<p>La presentaci\u00f3n ha estado a cargo de la periodista \u00c0ngels Barcel\u00f3, directora del programa Hora 25 de la Cadena SER, y del que Valpuesta era colaboradora habitual hasta su fallecimiento en marzo de 2013. En dicho acto han estado tambi\u00e9n presentes el rector de la Universidad Pablo de Olavide y vicepresidente de la asociaci\u00f3n, Vicente Guzm\u00e1n Fluja, as\u00ed como el presidente de la Diputaci\u00f3n de Sevilla, Fernando Rodr\u00edguez Villalobos. Asimismo, tambi\u00e9n han intervenido la abogada Ana Mar\u00eda Ruiz-Tagle, presidenta de la asociaci\u00f3n y Mar\u00eda Valpuesta, hermana de la que fuera rectora de la UPO, y tambi\u00e9n vicepresidenta de la asociaci\u00f3n.<\/p>\n<p>Durante el acto, \u00c0ngels Barcel\u00f3 ha dicho que la recuerda \u201cdelante del micr\u00f3fono defiendo ideas desde el talante, el respeto, la democracia y el sentido del humor\u201d. Adem\u00e1s, ha destacado de ella que \u201csiempre fue una luchadora y que el mejor regalo que le podemos hacer es seguir luchando por los derechos de las personas\u201d.<\/p>\n<figure id=\"attachment_4002438\" aria-describedby=\"caption-attachment-4002438\" style=\"width: 320px\" class=\"wp-caption alignright\"><a href=\"https:\/\/www.upo.es\/diario\/wp-content\/uploads\/2014\/05\/presen_asoc_rosariovalpuesta1.jpg\"><img loading=\"lazy\" decoding=\"async\" class=\"size-medium wp-image-4002438 \" alt=\"Desde la izquierda: Mar\u00eda Valpuesta, Vicente Guzm\u00e1n, Fernando Rodr\u00edguez Villalobos, \u00c0ngels Barcel\u00f3 y Ana Mar\u00eda Ruiz-Tagle\" src=\"https:\/\/www.upo.es\/diario\/wp-content\/uploads\/2014\/05\/presen_asoc_rosariovalpuesta1-320x203.jpg\" width=\"320\" height=\"203\" srcset=\"https:\/\/www.upo.es\/diario\/wp-content\/uploads\/2014\/05\/presen_asoc_rosariovalpuesta1-320x203.jpg 320w, https:\/\/www.upo.es\/diario\/wp-content\/uploads\/2014\/05\/presen_asoc_rosariovalpuesta1-1024x650.jpg 1024w, https:\/\/www.upo.es\/diario\/wp-content\/uploads\/2014\/05\/presen_asoc_rosariovalpuesta1-600x380.jpg 600w\" sizes=\"auto, (max-width: 320px) 100vw, 320px\" \/><\/a><figcaption id=\"caption-attachment-4002438\" class=\"wp-caption-text\">Desde la izquierda: Mar\u00eda Valpuesta, Vicente Guzm\u00e1n, Fernando Rodr\u00edguez Villalobos, \u00c0ngels Barcel\u00f3 y Ana Mar\u00eda Ruiz-Tagle<\/figcaption><\/figure>\n<p>Por su parte, Mar\u00eda Valpuesta ha afirmado que la asociaci\u00f3n que se ha constituido \u201cfundamentalmente es de amigos y familiares, las dos cosas que Rosario m\u00e1s valoraba\u201d. Durante su intervenci\u00f3n tambi\u00e9n ha hecho una semblanza de su hermana y ha afirmado que era una gran mujer que lo llenaba todo.<\/p>\n<p>Asimismo, Ana Mar\u00eda Ruiz-Tagle ha comentado que esta asociaci\u00f3n \u201cnace como un espejo de vida, de ideas y de proyectos. Ella por encima de todo amaba la vida, el debate y la reflexi\u00f3n y pensaba que el mundo se pod\u00eda transformar a partir de las ideas\u201d.<\/p>\n<p>Durante su turno, el rector de la UPO ha asegurado que \u201cRosario sigue estando presente en su Universidad y sigue estando con nosotros ayud\u00e1ndonos en estos tiempos tan dif\u00edciles\u201d. Adem\u00e1s, ha dicho que \u201cel recuerdo de Rosi florece por donde iba pasando como en la Residencia Flora Trist\u00e1n o en Olavide en Carmona, ambos proyectos puestos en marcha por ella\u201d.<\/p>\n<p>Por \u00faltimo, el presidente de la Diputaci\u00f3n de Sevilla ha resaltado que \u201cvamos a tratar de que la memoria Rosario no se pierda, ha sido una de las mujeres que m\u00e1s ha aportado en los \u00faltimos tiempos al pensamiento jur\u00eddico y social\u201d. A su entender, la primera rectora de la UPO fue pionera en \u201creclamar la feminizaci\u00f3n del poder y combatir la discriminaci\u00f3n de mil maneras distintas\u201d.<\/p>\n<p>La Asociaci\u00f3n Rosario Valpuesta se constituy\u00f3 el pasado 17 de febrero. El objetivo fundamental de la misma es velar, fomentar y mantener viva la memoria, el pensamiento, la obra solidaria, los valores y el legado intelectual de esta pensadora y jurista.<\/p>\n<p><a href=\"https:\/\/www.upo.es\/diario\/wp-content\/uploads\/2014\/05\/presen_asoc_rosariovalpuesta2.jpg\"><img loading=\"lazy\" decoding=\"async\" class=\"alignright size-medium wp-image-4002440\" alt=\"presen_asoc_rosariovalpuesta2\" src=\"https:\/\/www.upo.es\/diario\/wp-content\/uploads\/2014\/05\/presen_asoc_rosariovalpuesta2-320x214.jpg\" width=\"320\" height=\"214\" srcset=\"https:\/\/www.upo.es\/diario\/wp-content\/uploads\/2014\/05\/presen_asoc_rosariovalpuesta2-320x214.jpg 320w, https:\/\/www.upo.es\/diario\/wp-content\/uploads\/2014\/05\/presen_asoc_rosariovalpuesta2-600x401.jpg 600w, https:\/\/www.upo.es\/diario\/wp-content\/uploads\/2014\/05\/presen_asoc_rosariovalpuesta2.jpg 680w\" sizes=\"auto, (max-width: 320px) 100vw, 320px\" \/><\/a>Entre sus fines principales se encuentran: Preservar el legado intelectual, personal y \u00e9tico de Rosario Valpuesta mediante la formaci\u00f3n, especialmente de j\u00f3venes y mujeres, en valores como la protecci\u00f3n de los derechos humanos y el feminismo; recopilar, archivar, proteger y difundir sus testimonios visuales, orales y escritos, adem\u00e1s de promocionar y desarrollar proyectos vinculados con las principales l\u00edneas de investigaci\u00f3n y de actuaci\u00f3n social y pol\u00edtica que sigui\u00f3 la catedr\u00e1tica de Derecho Civil de la UPO.<\/p>\n<p>Para la ejecuci\u00f3n de estos fines, la asociaci\u00f3n pondr\u00e1 en marcha diversas actividades, como la compilaci\u00f3n y edici\u00f3n de obras in\u00e9ditas de Rosario Valpuesta; la organizaci\u00f3n de foros, cursos y seminarios; la puesta en marcha de nuevos proyectos de investigaci\u00f3n o la organizaci\u00f3n de acciones sociales y culturales para la defensa de los derechos humanos, la cultura de la paz, la igualdad entre mujeres y hombres, etc.<\/p>\n<p>Rosario Valpuesta, estuvo fuertemente comprometida con la igualdad de mujeres y hombres, al tiempo que desarroll\u00f3 su actividad en diversos \u00e1mbitos del conocimiento. En el \u00e1mbito acad\u00e9mico, estaba convencida de que lo verdaderamente transformador y lo que hace avanzar a la sociedad es la transmisi\u00f3n del conocimiento, y la construcci\u00f3n de pensamiento, que han de servir de gu\u00eda para la estrategia pol\u00edtica y la intervenci\u00f3n social.<\/p>\n","protected":false},"excerpt":{"rendered":"<p>La presentaci\u00f3n ha estado a cargo de la periodista \u00c0ngels Barcel\u00f3, directora del programa Hora 25 de la Cadena SER, y del que Valpuesta era colaboradora habitual hasta su fallecimiento en marzo de 2013. En dicho acto han estado tambi\u00e9n presentes el rector de la Universidad Pablo de Olavide y vicepresidente de la asociaci\u00f3n, Vicente Guzm\u00e1n Fluja, as\u00ed como el presidente de la Diputaci\u00f3n de Sevilla, Fernando Rodr\u00edguez Villalobos. Asimismo, tambi\u00e9n han intervenido la abogada Ana Mar\u00eda Ruiz-Tagle, presidenta de la asociaci\u00f3n y Mar\u00eda Valpuesta, hermana de la que fuera rectora de la UPO, y tambi\u00e9n vicepresidenta de la asociaci\u00f3n.<\/p>\n","protected":false},"author":9,"featured_media":0,"comment_status":"closed","ping_status":"open","sticky":false,"template":"","format":"standard","meta":{"_monsterinsights_skip_tracking":false,"_monsterinsights_sitenote_active":false,"_monsterinsights_sitenote_note":"","_monsterinsights_sitenote_category":0,"footnotes":""},"categories":[6],"tags":[1398,327,1399,38,536,491,106],"class_list":["post-4001863","post","type-post","status-publish","format-standard","hentry","category-institucional","tag-asociacion-rosario-valpuesta","tag-diputacion","tag-iguales-en-la-diferencia","tag-rector","tag-rosario-valpuesta","tag-upo","tag-vicente-c-guzman"],"_links":{"self":[{"href":"https:\/\/www.upo.es\/diario\/wp-json\/wp\/v2\/posts\/4001863","targetHints":{"allow":["GET"]}}],"collection":[{"href":"https:\/\/www.upo.es\/diario\/wp-json\/wp\/v2\/posts"}],"about":[{"href":"https:\/\/www.upo.es\/diario\/wp-json\/wp\/v2\/types\/post"}],"author":[{"embeddable":true,"href":"https:\/\/www.upo.es\/diario\/wp-json\/wp\/v2\/users\/9"}],"replies":[{"embeddable":true,"href":"https:\/\/www.upo.es\/diario\/wp-json\/wp\/v2\/comments?post=4001863"}],"version-history":[{"count":9,"href":"https:\/\/www.upo.es\/diario\/wp-json\/wp\/v2\/posts\/4001863\/revisions"}],"predecessor-version":[{"id":4002441,"href":"https:\/\/www.upo.es\/diario\/wp-json\/wp\/v2\/posts\/4001863\/revisions\/4002441"}],"wp:attachment":[{"href":"https:\/\/www.upo.es\/diario\/wp-json\/wp\/v2\/media?parent=4001863"}],"wp:term":[{"taxonomy":"category","embeddable":true,"href":"https:\/\/www.upo.es\/diario\/wp-json\/wp\/v2\/categories?post=4001863"},{"taxonomy":"post_tag","embeddable":true,"href":"https:\/\/www.upo.es\/diario\/wp-json\/wp\/v2\/tags?post=4001863"}],"curies":[{"name":"wp","href":"https:\/\/api.w.org\/{rel}","templated":true}]}}