{"id":4014983,"date":"2014-05-23T11:03:02","date_gmt":"2014-05-23T11:03:02","guid":{"rendered":"https:\/\/www.upo.es\/diario\/?p=4014983"},"modified":"2014-05-23T11:03:02","modified_gmt":"2014-05-23T11:03:02","slug":"ceremonia-de-egresados-de-la-segunda-promocion-del-grado-en-relaciones-laborales-y-recursos-humanos-de-la-upo","status":"publish","type":"post","link":"https:\/\/www.upo.es\/diario\/institucional\/2014\/05\/ceremonia-de-egresados-de-la-segunda-promocion-del-grado-en-relaciones-laborales-y-recursos-humanos-de-la-upo\/","title":{"rendered":"Ceremonia de Egresados de la segunda promoci\u00f3n del grado en Relaciones Laborales y Recursos Humanos de la UPO"},"content":{"rendered":"<figure id=\"attachment_4014984\" aria-describedby=\"caption-attachment-4014984\" style=\"width: 320px\" class=\"wp-caption alignright\"><a href=\"https:\/\/www.upo.es\/diario\/wp-content\/uploads\/2014\/05\/140522-UPO_453.jpg\"><img loading=\"lazy\" decoding=\"async\" class=\"size-medium wp-image-4014984\" alt=\" Segunda promoci\u00f3n del grado en Relaciones Laborales y Recursos Humanos de la UPO\" src=\"https:\/\/www.upo.es\/diario\/wp-content\/uploads\/2014\/05\/140522-UPO_453-320x213.jpg\" width=\"320\" height=\"213\" srcset=\"https:\/\/www.upo.es\/diario\/wp-content\/uploads\/2014\/05\/140522-UPO_453-320x213.jpg 320w, https:\/\/www.upo.es\/diario\/wp-content\/uploads\/2014\/05\/140522-UPO_453-600x399.jpg 600w, https:\/\/www.upo.es\/diario\/wp-content\/uploads\/2014\/05\/140522-UPO_453.jpg 1024w\" sizes=\"auto, (max-width: 320px) 100vw, 320px\" \/><\/a><figcaption id=\"caption-attachment-4014984\" class=\"wp-caption-text\">Segunda promoci\u00f3n del grado en Relaciones Laborales y Recursos Humanos de la UPO<\/figcaption><\/figure>\n<p>La Ceremonia de Egresados de la segunda promoci\u00f3n (2010-2014) del grado en Relaciones Laborales y Recursos Humanos se celebr\u00f3 ayer jueves en la Universidad Pablo de Olavide, presidida por el decano de la Facultad de Derecho de la UPO, Andr\u00e9s Rodr\u00edguez Benot.<\/p>\n<p>El padrino de la promoci\u00f3n ha sido Pablo Surroca Casas, magistrado-juez del Juzgado de lo Social n\u00ba 2 de Sevilla. A la ceremonia han asistido tambi\u00e9n Rafael Hidalgo Romero, presidente del Colegio Oficial de Graduados Sociales de Sevilla y profesor de la Facultad de Derecho de la UPO y M\u00f3nica Arribas Le\u00f3n, vicedecana de Ordenaci\u00f3n Acad\u00e9mica e Innovaci\u00f3n Docente de la Facultad de Derecho. Los representantes de los estudiantes han sido M\u00aa \u00c1ngeles Moreno Rodr\u00edguez,\u00a0C\u00e9sar Romero Ort\u00edz,\u00a0M\u00aa Jos\u00e9 Ram\u00edrez Caballero y\u00a0 Patricia Alan\u00eds Jim\u00e9nez.<\/p>\n<p>Un total de 75 egresados han asistido junto a sus familiares a estos actos con los que la Universidad Pablo de Olavide recupera una antigua tradici\u00f3n de las universidades europeas.<\/p>\n","protected":false},"excerpt":{"rendered":"<p>La Ceremonia de Egresados de la segunda promoci\u00f3n (2010-2014) del grado en Relaciones Laborales y Recursos Humanos se celebr\u00f3 ayer jueves en la Universidad Pablo de Olavide, presidida por el decano de la Facultad de Derecho de la UPO, Andr\u00e9s Rodr\u00edguez Benot.<\/p>\n","protected":false},"author":9,"featured_media":0,"comment_status":"closed","ping_status":"open","sticky":false,"template":"","format":"standard","meta":{"_monsterinsights_skip_tracking":false,"_monsterinsights_sitenote_active":false,"_monsterinsights_sitenote_note":"","_monsterinsights_sitenote_category":0,"footnotes":""},"categories":[6],"tags":[670,669,88,491],"class_list":["post-4014983","post","type-post","status-publish","format-standard","hentry","category-institucional","tag-ceremonia","tag-egresados","tag-relaciones-laborales-y-recursos-humanos","tag-upo"],"_links":{"self":[{"href":"https:\/\/www.upo.es\/diario\/wp-json\/wp\/v2\/posts\/4014983","targetHints":{"allow":["GET"]}}],"collection":[{"href":"https:\/\/www.upo.es\/diario\/wp-json\/wp\/v2\/posts"}],"about":[{"href":"https:\/\/www.upo.es\/diario\/wp-json\/wp\/v2\/types\/post"}],"author":[{"embeddable":true,"href":"https:\/\/www.upo.es\/diario\/wp-json\/wp\/v2\/users\/9"}],"replies":[{"embeddable":true,"href":"https:\/\/www.upo.es\/diario\/wp-json\/wp\/v2\/comments?post=4014983"}],"version-history":[{"count":2,"href":"https:\/\/www.upo.es\/diario\/wp-json\/wp\/v2\/posts\/4014983\/revisions"}],"predecessor-version":[{"id":4014986,"href":"https:\/\/www.upo.es\/diario\/wp-json\/wp\/v2\/posts\/4014983\/revisions\/4014986"}],"wp:attachment":[{"href":"https:\/\/www.upo.es\/diario\/wp-json\/wp\/v2\/media?parent=4014983"}],"wp:term":[{"taxonomy":"category","embeddable":true,"href":"https:\/\/www.upo.es\/diario\/wp-json\/wp\/v2\/categories?post=4014983"},{"taxonomy":"post_tag","embeddable":true,"href":"https:\/\/www.upo.es\/diario\/wp-json\/wp\/v2\/tags?post=4014983"}],"curies":[{"name":"wp","href":"https:\/\/api.w.org\/{rel}","templated":true}]}}