{"id":4084338,"date":"2014-05-28T11:15:52","date_gmt":"2014-05-28T11:15:52","guid":{"rendered":"https:\/\/www.upo.es\/diario\/?p=4084338"},"modified":"2014-05-29T07:12:41","modified_gmt":"2014-05-29T07:12:41","slug":"la-upo-acoge-el-i-seminario-internacional-de-investigacion-sobre-violencia-genero-y-adolescencia","status":"publish","type":"post","link":"https:\/\/www.upo.es\/diario\/institucional\/2014\/05\/la-upo-acoge-el-i-seminario-internacional-de-investigacion-sobre-violencia-genero-y-adolescencia\/","title":{"rendered":"La UPO acoge el I Seminario Internacional de Investigaci\u00f3n sobre Violencia, G\u00e9nero y Adolescencia"},"content":{"rendered":"<figure id=\"attachment_4084339\" aria-describedby=\"caption-attachment-4084339\" style=\"width: 320px\" class=\"wp-caption alignright\"><a href=\"https:\/\/www.upo.es\/diario\/wp-content\/uploads\/2014\/05\/s_generoviolencia.jpg\"><img loading=\"lazy\" decoding=\"async\" class=\"size-medium wp-image-4084339\" alt=\"El Seminario ha sido inaugurado por el rector Vicente Guzm\u00e1n junto al catedr\u00e1tico Gonzalo Musitu y la profesora Carmen Monreal\" src=\"https:\/\/www.upo.es\/diario\/wp-content\/uploads\/2014\/05\/s_generoviolencia-320x213.jpg\" width=\"320\" height=\"213\" srcset=\"https:\/\/www.upo.es\/diario\/wp-content\/uploads\/2014\/05\/s_generoviolencia-320x213.jpg 320w, https:\/\/www.upo.es\/diario\/wp-content\/uploads\/2014\/05\/s_generoviolencia-1024x682.jpg 1024w, https:\/\/www.upo.es\/diario\/wp-content\/uploads\/2014\/05\/s_generoviolencia-600x400.jpg 600w\" sizes=\"auto, (max-width: 320px) 100vw, 320px\" \/><\/a><figcaption id=\"caption-attachment-4084339\" class=\"wp-caption-text\">El Seminario ha sido inaugurado por el rector Vicente Guzm\u00e1n junto al catedr\u00e1tico Gonzalo Musitu y la profesora Carmen Monreal<\/figcaption><\/figure>\n<p>Esta ma\u00f1ana se ha inaugurado en la Universidad Pablo de Olavide el<strong> I Seminario Internacional de Investigaci\u00f3n sobre Violencia, G\u00e9nero y Adolescencia<\/strong>, que se desarrollar\u00e1 los d\u00edas<strong> 28, 29 y 30 de mayo<\/strong> organizado por el \u00c1rea de Psicolog\u00eda Social del Departamento de Educaci\u00f3n y Psicolog\u00eda Social.<\/p>\n<p>En el acto inaugural, el rector de la Universidad Pablo de Olavide ha subrayado que este tipo de simposios son necesarios para contribuir a poner soluciones encima de la mesa para acabar con la violencia de g\u00e9nero, y concienciar de que la soluci\u00f3n vendr\u00e1 de un esfuerzo de todos. \u201cCuando hablamos de violencia hablamos de colectivos especialmente vulnerables\u201d, ha dicho Vicente Guzm\u00e1n, quien ha a\u00f1adido que \u201ces imprescindible dise\u00f1ar pol\u00edticas acertadas que hagan desaparecer esta exclusi\u00f3n, pues las v\u00edctimas de violencia de g\u00e9nero son personas en riesgo de exclusi\u00f3n al estar menoscabados sus derechos\u201d.<\/p>\n<p>El I Seminario Internacional de Investigaci\u00f3n sobre Violencia, G\u00e9nero y Adolescencia es una actividad cient\u00edfica del IV Plan Propio de Investigaci\u00f3n la Universidad Pablo de Olavide programada en el marco del proyecto de investigaci\u00f3n \u201c<i>La Violencia Escolar<\/i><i>, de Pareja y Filio-Parental en la Adolescencia desde la Perspectiva Ecol\u00f3gica<\/i>\u201d (PSI2012-33464), liderado por el catedr\u00e1tico de Psicolog\u00eda Social de la Familia Gonzalo Musitu Ochoa en la Universidad Pablo de Olavide, dentro del subprograma de proyectos de investigaci\u00f3n fundamental no orientada (Ministerio de Econom\u00eda y Competitividad) y el proyecto <i>\u201cGendercit (G\u00e9nero y Ciudadan\u00eda)<\/i><i>\u201d<\/i> FP7-PEOPLE-2012-IRSES. PIRSES-GA-2012-318960, liderado por la profesora titular de Psicolog\u00eda Social, Mar\u00eda del Carmen Monreal Gimeno, una nueva red cient\u00edfica internacional para impulsar estudios en torno a la mujer. Esta iniciativa tiene como objetivo unificar las investigaciones que se est\u00e1n realizando en este campo, sirviendo de espacio para el intercambio de ideas, de resultados y, tambi\u00e9n, para crear conciencia social y pol\u00edtica en base a los hallazgos realizados.<\/p>\n<p>Esta tarde dar\u00e1n comienzo las mesas de trabajo orientadas a investigadores y profesores afines al objeto de este I Seminario Internacional sobre Violencia, G\u00e9nero y Adolescencia, que se celebrar\u00e1n en la sala de grados del edificio 6 de la UPO, ma\u00f1ana y el jueves, y se trasladar\u00e1n el viernes a la Escuela de Estudios Hispanoamericanos.<\/p>\n<p><a href=\"http:\/\/www.upo.es\/upo_opencms\/export\/sites\/upo\/Galerias\/Descargas\/InfoEstudiantes\/I-Seminario-Internacional_VGA.pdf\">Programa del seminario en pdf<\/a><\/p>\n","protected":false},"excerpt":{"rendered":"<p>Esta ma\u00f1ana se ha inaugurado en la Universidad Pablo de Olavide el I Seminario Internacional de Investigaci\u00f3n sobre Violencia, G\u00e9nero y Adolescencia, que se desarrollar\u00e1 los d\u00edas 28, 29 y 30 de mayo organizado por el \u00c1rea de Psicolog\u00eda Social del Departamento de Educaci\u00f3n y Psicolog\u00eda Social. En el acto inaugural, el rector ha subrayado que este tipo de simposios son necesarios para contribuir a poner soluciones encima de la mesa para acabar con la violencia de g\u00e9nero, y concienciar de que la soluci\u00f3n vendr\u00e1 de un esfuerzo de todos.<\/p>\n","protected":false},"author":6,"featured_media":0,"comment_status":"closed","ping_status":"open","sticky":false,"template":"","format":"standard","meta":{"_monsterinsights_skip_tracking":false,"_monsterinsights_sitenote_active":false,"_monsterinsights_sitenote_note":"","_monsterinsights_sitenote_category":0,"footnotes":""},"categories":[6],"tags":[336,142,78,1104,143],"class_list":["post-4084338","post","type-post","status-publish","format-standard","hentry","category-institucional","tag-genero","tag-psicologia","tag-seminario","tag-seminario-de-investigacion","tag-violencia"],"_links":{"self":[{"href":"https:\/\/www.upo.es\/diario\/wp-json\/wp\/v2\/posts\/4084338","targetHints":{"allow":["GET"]}}],"collection":[{"href":"https:\/\/www.upo.es\/diario\/wp-json\/wp\/v2\/posts"}],"about":[{"href":"https:\/\/www.upo.es\/diario\/wp-json\/wp\/v2\/types\/post"}],"author":[{"embeddable":true,"href":"https:\/\/www.upo.es\/diario\/wp-json\/wp\/v2\/users\/6"}],"replies":[{"embeddable":true,"href":"https:\/\/www.upo.es\/diario\/wp-json\/wp\/v2\/comments?post=4084338"}],"version-history":[{"count":5,"href":"https:\/\/www.upo.es\/diario\/wp-json\/wp\/v2\/posts\/4084338\/revisions"}],"predecessor-version":[{"id":4096490,"href":"https:\/\/www.upo.es\/diario\/wp-json\/wp\/v2\/posts\/4084338\/revisions\/4096490"}],"wp:attachment":[{"href":"https:\/\/www.upo.es\/diario\/wp-json\/wp\/v2\/media?parent=4084338"}],"wp:term":[{"taxonomy":"category","embeddable":true,"href":"https:\/\/www.upo.es\/diario\/wp-json\/wp\/v2\/categories?post=4084338"},{"taxonomy":"post_tag","embeddable":true,"href":"https:\/\/www.upo.es\/diario\/wp-json\/wp\/v2\/tags?post=4084338"}],"curies":[{"name":"wp","href":"https:\/\/api.w.org\/{rel}","templated":true}]}}