{"id":4085513,"date":"2014-05-29T06:45:56","date_gmt":"2014-05-29T06:45:56","guid":{"rendered":"https:\/\/www.upo.es\/diario\/?p=4085513"},"modified":"2014-05-29T06:54:17","modified_gmt":"2014-05-29T06:54:17","slug":"la-upo-invita-a-los-estudiantes-que-se-examinan-de-selectividad-a-conocer-manana-jueves-sus-instalaciones","status":"publish","type":"post","link":"https:\/\/www.upo.es\/diario\/institucional\/2014\/05\/la-upo-invita-a-los-estudiantes-que-se-examinan-de-selectividad-a-conocer-manana-jueves-sus-instalaciones\/","title":{"rendered":"La UPO invita a los estudiantes que se examinan de Selectividad a conocer hoy jueves sus instalaciones"},"content":{"rendered":"<p style=\"text-align: justify;\">Los m\u00e1s de 1.000 estudiantes de los 23 centros de Secundaria de Sevilla y provincia que har\u00e1n la Selectividad dentro de dos semanas en la Universidad Pablo de Olavide tienen una cita previa con la UPO\u00a0hoy jueves, a las 10 horas, en el Paraninfo. La Olavide ha invitado a estos estudiantes a conocer las instalaciones en las que van a realizar los ex\u00e1menes, as\u00ed como el proceso de las pruebas, consejos pr\u00e1cticos sobre las mismas, el horario y ubicaci\u00f3n de las sedes. La Universidad Pablo de Olavide coordina para toda Andaluc\u00eda la PAU de este a\u00f1o que tendr\u00e1 lugar los d\u00edas 12, 13 y 14 de junio.<\/p>\n<p style=\"text-align: justify;\">Las Jornadas de Preparaci\u00f3n para la PAU a la Universidad, organizadas por \u00c1rea de Gesti\u00f3n Administrativa de Asistencia al Estudiante de Grado a trav\u00e9s de la Direcci\u00f3n General de Acceso, Difusi\u00f3n y Captaci\u00f3n, perteneciente al Vicerrectorado de Estudiantes, Cultura y Compromiso Social, tienen como fin favorecer el buen desarrollo de la Selectividad mediante el conocimiento del proceso de desarrollo de estas pruebas y de las instalaciones donde van a realizarse.<\/p>\n<p style=\"text-align: justify;\">As\u00ed, los estudiantes de estos centros educativos se dividir\u00e1n en dos grupos. Habr\u00e1 una charla informativa a las 10.00 horas y otra a las 11.30 horas en las que Mercedes de la Torre, directora general de Acceso, Difusi\u00f3n y Captaci\u00f3n, y personal del \u00c1rea de Gesti\u00f3n Administrativa de Asistencia al Estudiante de Grado sobre la Selectividad y el acceso a la Universidad, informar\u00e1n a los estudiantes sobre el proceso de estas pruebas, consejos pr\u00e1cticos sobre su realizaci\u00f3n, el horario y ubicaci\u00f3n de las sedes, y tambi\u00e9n sobre el proceso de preinscripci\u00f3n universitaria.<\/p>\n<p style=\"text-align: justify;\">Tras las charlas informativas, los alumnos podr\u00e1n conocer con antelaci\u00f3n el lugar donde van a examinarse en el campus de la UPO, acompa\u00f1ados por estudiantes de la propia universidad p\u00fablica sevillana, en una visita a las aulas de las distintas sedes de Selectividad.<\/p>\n<p style=\"text-align: center;\"><b>PROGRAMA<\/b><\/p>\n<p>&nbsp;<\/p>\n<table width=\"634\" border=\"0\" cellspacing=\"0\" cellpadding=\"0\">\n<tbody>\n<tr>\n<td nowrap=\"nowrap\" width=\"95\">\n<p align=\"center\"><b>HORARIO<\/b><\/p>\n<\/td>\n<td nowrap=\"nowrap\" width=\"124\">\n<p align=\"center\"><b>ACTIVIDAD<\/b><\/p>\n<\/td>\n<td rowspan=\"2\" width=\"416\">\n<p align=\"center\"><b>CONTENIDO<\/b><\/p>\n<\/td>\n<\/tr>\n<tr>\n<td nowrap=\"nowrap\" width=\"95\">\n<p align=\"center\"><b>9:30-10:00<\/b><\/p>\n<\/td>\n<td nowrap=\"nowrap\" width=\"124\">\n<p align=\"center\"><b>RECEPCI\u00d3N<\/b><\/p>\n<\/td>\n<\/tr>\n<tr>\n<td rowspan=\"2\" nowrap=\"nowrap\" width=\"95\">\n<p align=\"center\"><b>10:00-11:00<\/b><\/p>\n<\/td>\n<td nowrap=\"nowrap\" width=\"124\">\n<p align=\"center\"><b><span style=\"text-decoration: underline;\">Paraninfo UPO<\/span><\/b><\/p>\n<p align=\"center\"><b>\u00a0<\/b><\/p>\n<\/td>\n<td width=\"416\">&#8211;\u00a0\u00a0\u00a0\u00a0\u00a0\u00a0\u00a0\u00a0\u00a0 Saludo de Bienvenida Institucional.-\u00a0\u00a0\u00a0\u00a0\u00a0\u00a0\u00a0\u00a0\u00a0 Charla informativa sobre estructura, contenido, criterios de evaluaci\u00f3n y orientaciones de la prueba de Selectividad.-\u00a0\u00a0\u00a0\u00a0\u00a0\u00a0\u00a0\u00a0\u00a0 Informaci\u00f3n pr\u00e1ctica sobre la organizaci\u00f3n de la prueba (ubicaci\u00f3n de sedes, recursos\u2026)\u00a0 y del proceso de preinscripci\u00f3n y matriculaci\u00f3n.<\/p>\n<p><b><span style=\"text-decoration: underline;\">\u00a0<\/span><\/b><\/p>\n<p><b><span style=\"text-decoration: underline;\">\u00a0<\/span><\/b><\/td>\n<\/tr>\n<tr>\n<td nowrap=\"nowrap\" width=\"124\">\n<p align=\"center\"><b>\u00a0<\/b><\/p>\n<p align=\"center\"><b><span style=\"text-decoration: underline;\">Plaza de Am\u00e9rica UPO: Paseo<\/span><\/b><\/p>\n<\/td>\n<td width=\"416\">&#8211;\u00a0\u00a0\u00a0\u00a0\u00a0\u00a0\u00a0\u00a0\u00a0 Visita a la Sede de Selectividad y servicios generales de la UPO dispuestos para la realizaci\u00f3n de la prueba.<b>\u00a0<\/b><\/td>\n<\/tr>\n<tr>\n<td rowspan=\"2\" nowrap=\"nowrap\" width=\"95\">\n<p align=\"center\"><b>11:30-12:30<\/b><\/p>\n<\/td>\n<td nowrap=\"nowrap\" width=\"124\">\n<p align=\"center\"><b><span style=\"text-decoration: underline;\">Paraninfo UPO<\/span><\/b><\/p>\n<p align=\"center\"><b>\u00a0<\/b><\/p>\n<\/td>\n<td width=\"416\">&#8211;\u00a0\u00a0\u00a0\u00a0\u00a0\u00a0\u00a0\u00a0\u00a0 Saludo de Bienvenida Institucional.-\u00a0\u00a0\u00a0\u00a0\u00a0\u00a0\u00a0\u00a0\u00a0 Charla informativa sobre estructura, contenido, criterios de evaluaci\u00f3n y orientaciones de la prueba de Selectividad.-\u00a0\u00a0\u00a0\u00a0\u00a0\u00a0\u00a0\u00a0\u00a0 Informaci\u00f3n pr\u00e1ctica sobre la organizaci\u00f3n de la prueba (ubicaci\u00f3n de sedes, recursos\u2026)\u00a0 y del proceso de preinscripci\u00f3n y matriculaci\u00f3n.<\/p>\n<p><b><span style=\"text-decoration: underline;\">\u00a0<\/span><\/b><\/p>\n<p><b>\u00a0<\/b><\/td>\n<\/tr>\n<tr>\n<td nowrap=\"nowrap\" width=\"124\">\n<p align=\"center\"><b>\u00a0<\/b><\/p>\n<p align=\"center\"><b><span style=\"text-decoration: underline;\">Plaza de Am\u00e9rica UPO: Paseo<\/span><\/b><\/p>\n<\/td>\n<td width=\"416\">&#8211;\u00a0\u00a0\u00a0\u00a0\u00a0\u00a0\u00a0\u00a0\u00a0 Visita a la Sede de Selectividad y servicios generales de la UPO dispuestos para la realizaci\u00f3n de la prueba.<b>\u00a0<\/b><\/td>\n<\/tr>\n<\/tbody>\n<\/table>\n<p>&nbsp;<\/p>\n","protected":false},"excerpt":{"rendered":"<p>Los m\u00e1s de 1.000 estudiantes de los 23 centros de Secundaria de Sevilla y provincia que har\u00e1n la Selectividad dentro de dos semanas en la Universidad Pablo de Olavide tienen una cita previa con la UPO hoy jueves, a las 10 horas, en el Paraninfo. La Olavide ha invitado a estos estudiantes a conocer las instalaciones en las que van a realizar los ex\u00e1menes, as\u00ed como el proceso de las pruebas, consejos pr\u00e1cticos sobre las mismas, el horario y ubicaci\u00f3n de las sedes. La Universidad Pablo de Olavide coordina para toda Andaluc\u00eda la PAU de este a\u00f1o que tendr\u00e1 lugar los d\u00edas 12, 13 y 14 de junio.<\/p>\n","protected":false},"author":4,"featured_media":0,"comment_status":"closed","ping_status":"open","sticky":false,"template":"","format":"standard","meta":{"_monsterinsights_skip_tracking":false,"_monsterinsights_sitenote_active":false,"_monsterinsights_sitenote_note":"","_monsterinsights_sitenote_category":0,"footnotes":""},"categories":[6],"tags":[21,84,665],"class_list":["post-4085513","post","type-post","status-publish","format-standard","hentry","category-institucional","tag-estudiantes","tag-jornadas","tag-selectividad"],"_links":{"self":[{"href":"https:\/\/www.upo.es\/diario\/wp-json\/wp\/v2\/posts\/4085513","targetHints":{"allow":["GET"]}}],"collection":[{"href":"https:\/\/www.upo.es\/diario\/wp-json\/wp\/v2\/posts"}],"about":[{"href":"https:\/\/www.upo.es\/diario\/wp-json\/wp\/v2\/types\/post"}],"author":[{"embeddable":true,"href":"https:\/\/www.upo.es\/diario\/wp-json\/wp\/v2\/users\/4"}],"replies":[{"embeddable":true,"href":"https:\/\/www.upo.es\/diario\/wp-json\/wp\/v2\/comments?post=4085513"}],"version-history":[{"count":4,"href":"https:\/\/www.upo.es\/diario\/wp-json\/wp\/v2\/posts\/4085513\/revisions"}],"predecessor-version":[{"id":4085515,"href":"https:\/\/www.upo.es\/diario\/wp-json\/wp\/v2\/posts\/4085513\/revisions\/4085515"}],"wp:attachment":[{"href":"https:\/\/www.upo.es\/diario\/wp-json\/wp\/v2\/media?parent=4085513"}],"wp:term":[{"taxonomy":"category","embeddable":true,"href":"https:\/\/www.upo.es\/diario\/wp-json\/wp\/v2\/categories?post=4085513"},{"taxonomy":"post_tag","embeddable":true,"href":"https:\/\/www.upo.es\/diario\/wp-json\/wp\/v2\/tags?post=4085513"}],"curies":[{"name":"wp","href":"https:\/\/api.w.org\/{rel}","templated":true}]}}