{"id":4099332,"date":"2014-05-29T13:08:30","date_gmt":"2014-05-29T13:08:30","guid":{"rendered":"https:\/\/www.upo.es\/diario\/?p=4099332"},"modified":"2014-05-29T13:16:37","modified_gmt":"2014-05-29T13:16:37","slug":"la-upo-trabaja-en-un-documental-sobre-el-posible-origen-de-la-huella-ecologica-en-el-sur-de-la-peninsula-iberica","status":"publish","type":"post","link":"https:\/\/www.upo.es\/diario\/ciencia\/2014\/05\/la-upo-trabaja-en-un-documental-sobre-el-posible-origen-de-la-huella-ecologica-en-el-sur-de-la-peninsula-iberica\/","title":{"rendered":"La UPO trabaja en un documental sobre el posible origen de la huella ecol\u00f3gica en el sur de la Pen\u00ednsula Ib\u00e9rica"},"content":{"rendered":"<figure id=\"attachment_409991\" aria-describedby=\"caption-attachment-409991\" style=\"width: 320px\" class=\"wp-caption alignright\"><a href=\"https:\/\/www.upo.es\/diario\/wp-content\/uploads\/2014\/05\/eloisabernaldez.jpg\"><img loading=\"lazy\" decoding=\"async\" class=\"size-medium wp-image-4099915   \" alt=\"eloisabernaldez\" src=\"https:\/\/www.upo.es\/diario\/wp-content\/uploads\/2014\/05\/eloisabernaldez-320x213.jpg\" width=\"320\" height=\"213\" srcset=\"https:\/\/www.upo.es\/diario\/wp-content\/uploads\/2014\/05\/eloisabernaldez-320x213.jpg 320w, https:\/\/www.upo.es\/diario\/wp-content\/uploads\/2014\/05\/eloisabernaldez-1024x682.jpg 1024w, https:\/\/www.upo.es\/diario\/wp-content\/uploads\/2014\/05\/eloisabernaldez-600x400.jpg 600w\" sizes=\"auto, (max-width: 320px) 100vw, 320px\" \/><\/a><figcaption id=\"caption-attachment-409991\" class=\"wp-caption-text\">En la imagen, Elo\u00edsa Bern\u00e1ldez (segunda por la izquierda) con su equipo<\/figcaption><\/figure>\n<p style=\"text-align: left;\">Investigadores de la Universidad Pablo de Olavide de Sevilla (UPO) y del Instituto Andaluz del Patrimonio Hist\u00f3rico (IAPH), liderados por la cient\u00edfica Elo\u00edsa Bern\u00e1ldez, trabajan en un proyecto que tiene como objetivo producir un documental sobre el impacto de los humanos en el SO de Andaluc\u00eda visto desde los registros org\u00e1nicos conservados en los yacimientos arqueol\u00f3gicos. La investigaci\u00f3n paleobiol\u00f3gica, llevada a cabo en m\u00e1s de 60 yacimientos arqueol\u00f3gicos, lleva por t\u00edtulo \u201cLa Paleohuella Ecol\u00f3gica: el origen\u201d, y est\u00e1 financiada por la Fundaci\u00f3n Espa\u00f1ola para la Ciencia y la Tecnolog\u00eda (FECYT) del Ministerio de Econom\u00eda y Competitividad.<\/p>\n<p>\u00a0El documental mostrar\u00e1, a partir de los resultados paleobiol\u00f3gicos y arqueol\u00f3gicos obtenidos por los cient\u00edficos, la evoluci\u00f3n del comportamiento humano a lo largo de los \u00faltimos 8.000 a\u00f1os, \u201cuna etapa tan singular en la historia que ha cambiado la fisionom\u00eda de nuestros ecosistemas en menos tiempo que ninguna otra especie\u201d, indica\u00a0 la investigadora Elo\u00edsa Bern\u00e1ldez. Este recurso ofrecer\u00e1 una reconstrucci\u00f3n de los ecosistemas y la vida cotidiana de unos pobladores que comienzan por aprovechar los recursos naturales recolectados y acaban por domesticar la naturaleza m\u00e1s cercana. \u201cEnse\u00f1aremos c\u00f3mo han evolucionado las costumbres alimenticias, cu\u00e1l ha sido el efecto producido en las poblaciones de especies animales que comparten los ecosistemas y qu\u00e9 tipo de animal somos. Adem\u00e1s, daremos a conocer c\u00f3mo hemos obtenido esos conocimientos y resultados paso a paso como un forense\u201d, expone Bern\u00e1ldez.<\/p>\n<figure id=\"attachment_4099916\" aria-describedby=\"caption-attachment-4099916\" style=\"width: 320px\" class=\"wp-caption alignright\"><a href=\"https:\/\/www.upo.es\/diario\/wp-content\/uploads\/2014\/05\/inves_paleohuella.jpg\"><img loading=\"lazy\" decoding=\"async\" class=\"size-medium wp-image-4099916 \" alt=\"investigaci\u00f3n paleobiol\u00f3gica, llevada a cabo en m\u00e1s de 60 yacimientos arqueol\u00f3gicos\" src=\"https:\/\/www.upo.es\/diario\/wp-content\/uploads\/2014\/05\/inves_paleohuella-320x213.jpg\" width=\"320\" height=\"213\" srcset=\"https:\/\/www.upo.es\/diario\/wp-content\/uploads\/2014\/05\/inves_paleohuella-320x213.jpg 320w, https:\/\/www.upo.es\/diario\/wp-content\/uploads\/2014\/05\/inves_paleohuella-1024x682.jpg 1024w, https:\/\/www.upo.es\/diario\/wp-content\/uploads\/2014\/05\/inves_paleohuella-600x400.jpg 600w\" sizes=\"auto, (max-width: 320px) 100vw, 320px\" \/><\/a><figcaption id=\"caption-attachment-4099916\" class=\"wp-caption-text\">Investigaci\u00f3n paleobiol\u00f3gica, llevada a cabo en m\u00e1s de 60 yacimientos arqueol\u00f3gicos<\/figcaption><\/figure>\n<p>As\u00ed, el documental expondr\u00e1 la metodolog\u00eda arqueol\u00f3gica y tafon\u00f3mica llevada a cabo por los paleobi\u00f3logos fundamentada en an\u00e1lisis del material org\u00e1nico encontrado en los yacimientos de desechos y residuos generados por los humanos durante el Holoceno (per\u00edodo que comienza hace 11.600 a\u00f1os), denominados \u2018paleobasureros\u2019. Estos desechos y residuos de huesos provenientes de vacas, conejos, cabras, ovejas y de otros animales que utilizaban los humanos para alimentarse, adem\u00e1s de conchas y otros tejidos org\u00e1nicos, aportan pistas sobre la evoluci\u00f3n del comportamiento tr\u00f3fico de los humanos y han ayudado a reconstruir el clima, los paisajes, los recursos naturales y c\u00f3mo domesticaron especies animales y vegetales que les permitieron sobrevivir cuando otras especies desaparec\u00edan.<\/p>\n<p>Adem\u00e1s, el documental presentar\u00e1 las nuevas ideas y t\u00e9cnicas como las del ADN antiguo o los an\u00e1lisis f\u00edsico-qu\u00edmicos aplicados a estos registros org\u00e1nicos que han permitido ver las rutas de llegada de las especies a unos y otros continentes. \u201cTodo ello nos ha acercado cada vez m\u00e1s al conocimiento de qui\u00e9nes somos y cu\u00e1nto m\u00e1s nos soportar\u00e1 la Tierra\u201d, se\u00f1alan los investigadores.<\/p>\n<p>En la producci\u00f3n del documental, adem\u00e1s de paleobi\u00f3logos y arque\u00f3logos del IAPH y la UPO, colaboran la empresa ACAJ\u00da Comunicaci\u00f3n Ambiental y Jos\u00e9 Mar\u00eda Montero, director del programa de televisi\u00f3n \u201cEspacio Protegido\u201d y \u201cTierra y Mar\u201d de Canal Sur Televisi\u00f3n, entidad encargada de su emisi\u00f3n. Una vez finalizado el proyecto, se pretende asimismo que este corto se convierta en un cap\u00edtulo piloto para la producci\u00f3n de una serie de documentales relacionados con la investigaci\u00f3n paleobiol\u00f3gica y sus resultados.<\/p>\n<p><a href=\"https:\/\/www.upo.es\/diario\/wp-content\/uploads\/2014\/05\/inves_paleohuella1.jpg\"><img loading=\"lazy\" decoding=\"async\" class=\"size-medium wp-image-4099917 alignright\" alt=\"Restos arqueol\u00f3gicos\" src=\"https:\/\/www.upo.es\/diario\/wp-content\/uploads\/2014\/05\/inves_paleohuella1-320x214.jpg\" width=\"320\" height=\"214\" srcset=\"https:\/\/www.upo.es\/diario\/wp-content\/uploads\/2014\/05\/inves_paleohuella1-320x214.jpg 320w, https:\/\/www.upo.es\/diario\/wp-content\/uploads\/2014\/05\/inves_paleohuella1-1024x685.jpg 1024w, https:\/\/www.upo.es\/diario\/wp-content\/uploads\/2014\/05\/inves_paleohuella1-600x401.jpg 600w, https:\/\/www.upo.es\/diario\/wp-content\/uploads\/2014\/05\/inves_paleohuella1.jpg 1800w\" sizes=\"auto, (max-width: 320px) 100vw, 320px\" \/><\/a><\/p>\n<p>Por \u00faltimo, hay que destacar la apuesta del grupo de cient\u00edficos de la UPO y el IAPH por la divulgaci\u00f3n de la ciencia tal como queda reflejado en las jornadas, charlas, coloquios, exposiciones, y cursos en los que participan as\u00ed como en la producci\u00f3n del primer audiovisual \u201cEcolog\u00eda de la muerte\u201d el cual ha recibido el premio a la mejor pel\u00edcula de investigaci\u00f3n en el XXVI Certamen Unicaja de Cine Bienal Internacional de Cine Cient\u00edfico de Ronda 2010 y el premio ASECIC \u201cGuillermo Z\u00fa\u00f1iga\u201d a la mejor pel\u00edcula cient\u00edfica en el XV Festival de Cine de Zaragoza.<\/p>\n<p>&nbsp;<\/p>\n<p>Fuente: OTRI<\/p>\n","protected":false},"excerpt":{"rendered":"<p>Investigadores de la Universidad Pablo de Olavide de Sevilla (UPO) y del Instituto Andaluz del Patrimonio Hist\u00f3rico (IAPH), liderados por la cient\u00edfica Elo\u00edsa Bern\u00e1ldez, trabajan en un proyecto que tiene como objetivo producir un documental sobre el impacto de los humanos en el SO de Andaluc\u00eda visto desde los registros org\u00e1nicos conservados en los yacimientos arqueol\u00f3gicos.<\/p>\n","protected":false},"author":9,"featured_media":0,"comment_status":"closed","ping_status":"open","sticky":false,"template":"","format":"standard","meta":{"_monsterinsights_skip_tracking":false,"_monsterinsights_sitenote_active":false,"_monsterinsights_sitenote_note":"","_monsterinsights_sitenote_category":0,"footnotes":""},"categories":[6,3],"tags":[128,222,1428,1427,734],"class_list":["post-4099332","post","type-post","status-publish","format-standard","hentry","category-institucional","category-ciencia","tag-arqueologia","tag-documental","tag-eloisa-bernaldez","tag-instituto-andaluz-del-patrimonio-historico","tag-investigadores"],"_links":{"self":[{"href":"https:\/\/www.upo.es\/diario\/wp-json\/wp\/v2\/posts\/4099332","targetHints":{"allow":["GET"]}}],"collection":[{"href":"https:\/\/www.upo.es\/diario\/wp-json\/wp\/v2\/posts"}],"about":[{"href":"https:\/\/www.upo.es\/diario\/wp-json\/wp\/v2\/types\/post"}],"author":[{"embeddable":true,"href":"https:\/\/www.upo.es\/diario\/wp-json\/wp\/v2\/users\/9"}],"replies":[{"embeddable":true,"href":"https:\/\/www.upo.es\/diario\/wp-json\/wp\/v2\/comments?post=4099332"}],"version-history":[{"count":7,"href":"https:\/\/www.upo.es\/diario\/wp-json\/wp\/v2\/posts\/4099332\/revisions"}],"predecessor-version":[{"id":4099927,"href":"https:\/\/www.upo.es\/diario\/wp-json\/wp\/v2\/posts\/4099332\/revisions\/4099927"}],"wp:attachment":[{"href":"https:\/\/www.upo.es\/diario\/wp-json\/wp\/v2\/media?parent=4099332"}],"wp:term":[{"taxonomy":"category","embeddable":true,"href":"https:\/\/www.upo.es\/diario\/wp-json\/wp\/v2\/categories?post=4099332"},{"taxonomy":"post_tag","embeddable":true,"href":"https:\/\/www.upo.es\/diario\/wp-json\/wp\/v2\/tags?post=4099332"}],"curies":[{"name":"wp","href":"https:\/\/api.w.org\/{rel}","templated":true}]}}