{"id":4154805,"date":"2014-06-02T11:04:03","date_gmt":"2014-06-02T11:04:03","guid":{"rendered":"https:\/\/www.upo.es\/diario\/?p=4154805"},"modified":"2014-06-03T07:16:57","modified_gmt":"2014-06-03T07:16:57","slug":"la-upo-asesora-a-los-investigadores-que-quieran-optar-a-financiacion-de-la-ue-en-los-desayunos-europeos","status":"publish","type":"post","link":"https:\/\/www.upo.es\/diario\/institucional\/2014\/06\/la-upo-asesora-a-los-investigadores-que-quieran-optar-a-financiacion-de-la-ue-en-los-desayunos-europeos\/","title":{"rendered":"La UPO asesora a los investigadores que quieran optar a financiaci\u00f3n de la UE en los \u2018Desayunos Europeos\u2019"},"content":{"rendered":"<p><i><a href=\"https:\/\/www.upo.es\/diario\/wp-content\/uploads\/2014\/06\/banderaEuropa1.jpg\"><img loading=\"lazy\" decoding=\"async\" class=\"alignright size-medium wp-image-4154811\" alt=\"banderaEuropa\" src=\"https:\/\/www.upo.es\/diario\/wp-content\/uploads\/2014\/06\/banderaEuropa1-320x223.jpg\" width=\"320\" height=\"223\" srcset=\"https:\/\/www.upo.es\/diario\/wp-content\/uploads\/2014\/06\/banderaEuropa1-320x223.jpg 320w, https:\/\/www.upo.es\/diario\/wp-content\/uploads\/2014\/06\/banderaEuropa1-1024x715.jpg 1024w, https:\/\/www.upo.es\/diario\/wp-content\/uploads\/2014\/06\/banderaEuropa1-600x419.jpg 600w, https:\/\/www.upo.es\/diario\/wp-content\/uploads\/2014\/06\/banderaEuropa1.jpg 1090w\" sizes=\"auto, (max-width: 320px) 100vw, 320px\" \/><\/a><strong>&#8216;Quiero un proyecto europeo, \u00bfqu\u00e9 posibilidades tengo?<\/strong><\/i><strong>\u2019<\/strong>, para dar respuesta a esta cuesti\u00f3n la Oficina de Transferencia de Resultados de Investigaci\u00f3n (OTRI) de la Universidad Pablo de Olavide ha organizado los \u2018Desayunos Europeos\u2019, una serie de talleres dirigidos a investigadores que, desde hoy martes 3 de junio y hasta el pr\u00f3ximo viernes d\u00eda 6, facilitar\u00e1n la participaci\u00f3n en proyectos financiados por el <a href=\"http:\/\/www.eshorizonte2020.es\/\">Programa Marco de Investigaci\u00f3n e Innovaci\u00f3n de la Uni\u00f3n Europea (Horizonte 2020)<\/a>.<\/p>\n<p>Los seminarios han sido organizados en dos partes diferenciadas, en una primera, com\u00fan a todos, se ofrecer\u00e1n nociones b\u00e1sicas sobre los requisitos para la participaci\u00f3n en proyectos europeos de I+D+i; en la segunda, ya espec\u00edfica de cada sesi\u00f3n, se analizar\u00e1n las oportunidades de concurrir en un \u00e1mbito de investigaci\u00f3n espec\u00edfico. As\u00ed, los Desayunos Europeos comienzan hoy martes, a las 10 horas en el seminario 5 del edificio 11, con un taller sobre salud y envejecimiento activo. El mi\u00e9rcoles se abordar\u00e1n las posibilidades de proyectos en tecnolog\u00edas avanzadas; medio ambiente y cambio global ser\u00e1 la tem\u00e1tica del jueves y, por \u00faltimo, el viernes d\u00eda 6 se informar\u00e1 acerca de las oportunidades para proyectos sobre sociedades inclusivas, reflexivas e innovadoras.<\/p>\n<p>M\u00e1s informaci\u00f3n e inscripciones en: <a href=\"http:\/\/www.upo.es\/otri\">http:\/\/www.upo.es\/otri<\/a><\/p>\n<p align=\"center\"><b>\u00a0<\/b><\/p>\n<p>Programa:<\/p>\n<p><b>Martes, 3 de junio. 10 horas<\/b><\/p>\n<p><b>Salud y Envejecimiento Activo <\/b><\/p>\n<p>Lugar: Edificio 11, seminario 5<\/p>\n<p>&nbsp;<\/p>\n<p><b>Mi\u00e9rcoles, 4 de junio. 10 horas<\/b><\/p>\n<p><b>Tecnolog\u00edas Avanzadas <\/b><\/p>\n<p>Lugar:\u00a0Edificio 11, seminario 5<\/p>\n<p>&nbsp;<\/p>\n<p><b>Jueves, 5 de junio. 10 horas<\/b><\/p>\n<p><b>Medio Ambiente y Cambio Global <\/b><\/p>\n<p>Lugar:\u00a0Edificio 11, seminario 5<\/p>\n<p>&nbsp;<\/p>\n<p><b>Viernes, 6 de junio. 10 horas<\/b><\/p>\n<p><b>Sociedades Inclusivas, reflexivas e innovadoras <\/b><\/p>\n<p>Lugar:Edificio 11, seminario 5<\/p>\n","protected":false},"excerpt":{"rendered":"<p>\u2018Quiero un proyecto europeo, \u00bfqu\u00e9 posibilidades tengo?\u2019, para dar respuesta a esta cuesti\u00f3n la Oficina de Transferencia de Resultados de Investigaci\u00f3n (OTRI) de la Universidad Pablo de Olavide ha organizado los \u2018Desayunos Europeos\u2019, una serie de talleres dirigidos a investigadores que, hasta el pr\u00f3ximo viernes d\u00eda 6, facilitar\u00e1n la participaci\u00f3n en proyectos financiados por el Programa Marco de Investigaci\u00f3n e Innovaci\u00f3n de la Uni\u00f3n Europea (Horizonte 2020).<\/p>\n","protected":false},"author":4,"featured_media":0,"comment_status":"closed","ping_status":"open","sticky":false,"template":"","format":"standard","meta":{"_monsterinsights_skip_tracking":false,"_monsterinsights_sitenote_active":false,"_monsterinsights_sitenote_note":"","_monsterinsights_sitenote_category":0,"footnotes":""},"categories":[6],"tags":[1430,454,874,56,83,549,868,68],"class_list":["post-4154805","post","type-post","status-publish","format-standard","hentry","category-institucional","tag-desayunos-europeos","tag-europa","tag-financiacion","tag-investigacion","tag-otri","tag-talleres","tag-ue","tag-union-europea"],"_links":{"self":[{"href":"https:\/\/www.upo.es\/diario\/wp-json\/wp\/v2\/posts\/4154805","targetHints":{"allow":["GET"]}}],"collection":[{"href":"https:\/\/www.upo.es\/diario\/wp-json\/wp\/v2\/posts"}],"about":[{"href":"https:\/\/www.upo.es\/diario\/wp-json\/wp\/v2\/types\/post"}],"author":[{"embeddable":true,"href":"https:\/\/www.upo.es\/diario\/wp-json\/wp\/v2\/users\/4"}],"replies":[{"embeddable":true,"href":"https:\/\/www.upo.es\/diario\/wp-json\/wp\/v2\/comments?post=4154805"}],"version-history":[{"count":5,"href":"https:\/\/www.upo.es\/diario\/wp-json\/wp\/v2\/posts\/4154805\/revisions"}],"predecessor-version":[{"id":4154809,"href":"https:\/\/www.upo.es\/diario\/wp-json\/wp\/v2\/posts\/4154805\/revisions\/4154809"}],"wp:attachment":[{"href":"https:\/\/www.upo.es\/diario\/wp-json\/wp\/v2\/media?parent=4154805"}],"wp:term":[{"taxonomy":"category","embeddable":true,"href":"https:\/\/www.upo.es\/diario\/wp-json\/wp\/v2\/categories?post=4154805"},{"taxonomy":"post_tag","embeddable":true,"href":"https:\/\/www.upo.es\/diario\/wp-json\/wp\/v2\/tags?post=4154805"}],"curies":[{"name":"wp","href":"https:\/\/api.w.org\/{rel}","templated":true}]}}