{"id":4169354,"date":"2014-06-03T00:45:13","date_gmt":"2014-06-03T00:45:13","guid":{"rendered":"https:\/\/www.upo.es\/diario\/?p=4169354"},"modified":"2014-06-04T11:32:45","modified_gmt":"2014-06-04T11:32:45","slug":"la-olavide-acoge-manana-un-foro-academico-sobre-la-investigacion-social-en-mexico-y-espana","status":"publish","type":"post","link":"https:\/\/www.upo.es\/diario\/institucional\/2014\/06\/la-olavide-acoge-manana-un-foro-academico-sobre-la-investigacion-social-en-mexico-y-espana\/","title":{"rendered":"La Olavide acoge ma\u00f1ana un foro acad\u00e9mico sobre la Investigaci\u00f3n Social en M\u00e9xico y Espa\u00f1a"},"content":{"rendered":"<figure id=\"attachment_4169356\" aria-describedby=\"caption-attachment-4169356\" style=\"width: 232px\" class=\"wp-caption alignright\"><a href=\"https:\/\/www.upo.es\/diario\/wp-content\/uploads\/2014\/06\/FOROUNAM.jpg\"><img loading=\"lazy\" decoding=\"async\" class=\"size-medium wp-image-4169356\" alt=\"Se celebra ma\u00f1ana mi\u00e9rcoles 4 de junio, a las 10 horas en el sal\u00f3n de grados del edificio 6.\" src=\"https:\/\/www.upo.es\/diario\/wp-content\/uploads\/2014\/06\/FOROUNAM-232x320.jpg\" width=\"232\" height=\"320\" srcset=\"https:\/\/www.upo.es\/diario\/wp-content\/uploads\/2014\/06\/FOROUNAM-232x320.jpg 232w, https:\/\/www.upo.es\/diario\/wp-content\/uploads\/2014\/06\/FOROUNAM-743x1024.jpg 743w, https:\/\/www.upo.es\/diario\/wp-content\/uploads\/2014\/06\/FOROUNAM-600x826.jpg 600w, https:\/\/www.upo.es\/diario\/wp-content\/uploads\/2014\/06\/FOROUNAM.jpg 1866w\" sizes=\"auto, (max-width: 232px) 100vw, 232px\" \/><\/a><figcaption id=\"caption-attachment-4169356\" class=\"wp-caption-text\">Se celebra ma\u00f1ana mi\u00e9rcoles 4 de junio, a las 10 horas en el sal\u00f3n de grados del edificio 6.<\/figcaption><\/figure>\n<p style=\"text-align: justify;\"><span style=\"text-decoration: underline;\">Ma\u00f1ana mi\u00e9rcoles 4 de junio, a las 10 horas en el sal\u00f3n de grados del edificio 6 de la Universidad Pablo de Olavide<\/span>, el rector de la UPO, Vicente Guzm\u00e1n, el c\u00f3nsul de M\u00e9xico, Eduardo Gonz\u00e1lez, y el director del Departamento de Sociolog\u00eda de la UPO, Clemente J. Navarro, inaugurar\u00e1n el foro acad\u00e9mico \u201cPropuestas Te\u00f3rico-Anal\u00edticas para la Investigaci\u00f3n Social en M\u00e9xico y Espa\u00f1a\u201d, organizado por el Departamento de Sociolog\u00eda de la Olavide.<\/p>\n<p style=\"text-align: justify;\">Este encuentro tiene como objetivo presentar a la comunidad acad\u00e9mica de la Universidad Pablo de Olavide, las l\u00edneas de investigaci\u00f3n establecidas en el convenio de colaboraci\u00f3n entre la <a href=\"http:\/\/www.unam.mx\/\">Universidad Nacional Aut\u00f3noma de M\u00e9xico<\/a> (UNAM) y la UPO, con la finalidad de integrar grupos de trabajo multidisciplinarios entre ambas instituciones.<\/p>\n<p style=\"text-align: justify;\">El foro contar\u00e1 con la participaci\u00f3n de profesores del Centro de Estudios Pol\u00edticos de la Facultad de Ciencias Pol\u00edticas y Sociales de la Universidad Nacional Aut\u00f3noma de M\u00e9xico y\u00a0 del Departamento de Sociolog\u00eda de la Universidad Pablo de Olavide, que abordar\u00e1n temas como la implementaci\u00f3n de pol\u00edticas p\u00fablicas de cohesi\u00f3n social; los desaf\u00edos de la gobernabilidad ante la globalizaci\u00f3n, o la sociolog\u00eda de las tendencias en salud y bienestar personal, estudio comparado entre M\u00e9xico y Espa\u00f1a, entre otros.<\/p>\n<p style=\"text-align: justify;\">Esta actividad est\u00e1 organizada por el Departamento de Sociolog\u00eda de la Universidad Pablo de Olavide con la participaci\u00f3n del <a href=\"http:\/\/consuladomexicosevilla.blogspot.com.es\/\">Consulado Honorario de M\u00e9xico en Sevilla<\/a>, el grupo de investigaci\u00f3n PAIDI SEJ-474 An\u00e1lisis Sociol\u00f3gico sobre Tendencias Sociales, y <a href=\"http:\/\/www.upo.es\/colegiodeamerica\/\">El Colegio de Am\u00e9rica de la UPO<\/a>.<\/p>\n<p style=\"text-align: justify;\"><a href=\"http:\/\/www.upo.es\/upo_opencms\/export\/sites\/upo\/Galerias\/Descargas\/InfoEstudiantes\/PROGRAMA_FORO_UPO_UNAM.pdf\">Programa del <b>foro acad\u00e9mico: Propuestas Te\u00f3rico-Anal\u00edticas para la Investigaci\u00f3n Social en M\u00e9xico y Espa\u00f1a\u201d<\/b><\/a><\/p>\n","protected":false},"excerpt":{"rendered":"<p>Ma\u00f1ana mi\u00e9rcoles 4 de junio, a las 10 horas en el sal\u00f3n de grados del edificio 6 de la Universidad Pablo de Olavide, el rector de la UPO, Vicente Guzm\u00e1n, el c\u00f3nsul de M\u00e9xico, Eduardo Gonz\u00e1lez, y el director del Departamento de Sociolog\u00eda de la UPO, Clemente J. Navarro, inaugurar\u00e1n el foro acad\u00e9mico \u201cPropuestas Te\u00f3rico-Anal\u00edticas para la Investigaci\u00f3n Social en M\u00e9xico y Espa\u00f1a\u201d, organizado por el Departamento de Sociolog\u00eda de la Olavide.<\/p>\n","protected":false},"author":4,"featured_media":0,"comment_status":"closed","ping_status":"open","sticky":false,"template":"","format":"standard","meta":{"_monsterinsights_skip_tracking":false,"_monsterinsights_sitenote_active":false,"_monsterinsights_sitenote_note":"","_monsterinsights_sitenote_category":0,"footnotes":""},"categories":[6],"tags":[1437,1436,56,286,38,104,748,106],"class_list":["post-4169354","post","type-post","status-publish","format-standard","hentry","category-institucional","tag-academico","tag-foro","tag-investigacion","tag-mexico","tag-rector","tag-sociologia","tag-unam","tag-vicente-c-guzman"],"_links":{"self":[{"href":"https:\/\/www.upo.es\/diario\/wp-json\/wp\/v2\/posts\/4169354","targetHints":{"allow":["GET"]}}],"collection":[{"href":"https:\/\/www.upo.es\/diario\/wp-json\/wp\/v2\/posts"}],"about":[{"href":"https:\/\/www.upo.es\/diario\/wp-json\/wp\/v2\/types\/post"}],"author":[{"embeddable":true,"href":"https:\/\/www.upo.es\/diario\/wp-json\/wp\/v2\/users\/4"}],"replies":[{"embeddable":true,"href":"https:\/\/www.upo.es\/diario\/wp-json\/wp\/v2\/comments?post=4169354"}],"version-history":[{"count":5,"href":"https:\/\/www.upo.es\/diario\/wp-json\/wp\/v2\/posts\/4169354\/revisions"}],"predecessor-version":[{"id":4183396,"href":"https:\/\/www.upo.es\/diario\/wp-json\/wp\/v2\/posts\/4169354\/revisions\/4183396"}],"wp:attachment":[{"href":"https:\/\/www.upo.es\/diario\/wp-json\/wp\/v2\/media?parent=4169354"}],"wp:term":[{"taxonomy":"category","embeddable":true,"href":"https:\/\/www.upo.es\/diario\/wp-json\/wp\/v2\/categories?post=4169354"},{"taxonomy":"post_tag","embeddable":true,"href":"https:\/\/www.upo.es\/diario\/wp-json\/wp\/v2\/tags?post=4169354"}],"curies":[{"name":"wp","href":"https:\/\/api.w.org\/{rel}","templated":true}]}}