{"id":4183392,"date":"2014-06-04T11:32:14","date_gmt":"2014-06-04T11:32:14","guid":{"rendered":"https:\/\/www.upo.es\/diario\/?p=4183392"},"modified":"2014-06-05T12:44:43","modified_gmt":"2014-06-05T12:44:43","slug":"profesores-de-la-unam-y-de-la-upo-ponen-en-comun-lineas-de-investigacion-social-en-mexico-y-espana","status":"publish","type":"post","link":"https:\/\/www.upo.es\/diario\/institucional\/2014\/06\/profesores-de-la-unam-y-de-la-upo-ponen-en-comun-lineas-de-investigacion-social-en-mexico-y-espana\/","title":{"rendered":"Profesores de la UNAM y de la UPO ponen en com\u00fan l\u00edneas de investigaci\u00f3n social en M\u00e9xico y Espa\u00f1a"},"content":{"rendered":"<figure id=\"attachment_4183393\" aria-describedby=\"caption-attachment-4183393\" style=\"width: 320px\" class=\"wp-caption alignright\"><a href=\"https:\/\/www.upo.es\/diario\/wp-content\/uploads\/2014\/06\/foroUNAM.jpg\"><img loading=\"lazy\" decoding=\"async\" class=\"size-medium wp-image-4183393\" alt=\"De izquierda a derecha, el c\u00f3nsul Eduardo Gonz\u00e1lez, el rector Vicente Guzm\u00e1n y Clemente J. Navarro\" src=\"https:\/\/www.upo.es\/diario\/wp-content\/uploads\/2014\/06\/foroUNAM-320x213.jpg\" width=\"320\" height=\"213\" srcset=\"https:\/\/www.upo.es\/diario\/wp-content\/uploads\/2014\/06\/foroUNAM-320x213.jpg 320w, https:\/\/www.upo.es\/diario\/wp-content\/uploads\/2014\/06\/foroUNAM-1024x682.jpg 1024w, https:\/\/www.upo.es\/diario\/wp-content\/uploads\/2014\/06\/foroUNAM-600x400.jpg 600w\" sizes=\"auto, (max-width: 320px) 100vw, 320px\" \/><\/a><figcaption id=\"caption-attachment-4183393\" class=\"wp-caption-text\">De izquierda a derecha, el c\u00f3nsul Eduardo Gonz\u00e1lez, el rector Vicente Guzm\u00e1n y Clemente J. Navarro<\/figcaption><\/figure>\n<p>La Universidad Pablo de Olavide ha acogido esta ma\u00f1ana el foro acad\u00e9mico<strong> \u201cPropuestas Te\u00f3rico-Anal\u00edticas para la Investigaci\u00f3n Social en M\u00e9xico y Espa\u00f1a\u201d<\/strong> organizado por el Departamento de Sociolog\u00eda de la UPO. El acto ha sido inaugurado por el rector de la UPO, Vicente Guzm\u00e1n, el c\u00f3nsul de M\u00e9xico, Eduardo Gonz\u00e1lez, y el director del Departamento de Sociolog\u00eda de la UPO, Clemente J. Navarro.<\/p>\n<p>Este encuentro tiene como objetivo presentar a la comunidad acad\u00e9mica de la Universidad Pablo de Olavide, las l\u00edneas de investigaci\u00f3n establecidas en el convenio de colaboraci\u00f3n entre la <a href=\"http:\/\/www.unam.mx\/\">Universidad Nacional Aut\u00f3noma de M\u00e9xico<\/a> (UNAM) y la UPO, con la finalidad de integrar grupos de trabajo multidisciplinarios entre ambas instituciones.<\/p>\n<p>Durante la inauguraci\u00f3n, el rector, el c\u00f3nsul de M\u00e9xico y el director del Departamento de Sociolog\u00eda han coincidido en la importancia de impulsar la colaboraci\u00f3n entre ambos pa\u00edses y, en particular, entre ambas universidades. De esta manera, se establece \u201cun v\u00ednculo atractivo para la investigaci\u00f3n unido por el dinamismo de ambas universidades\u201d, como ha indicado Eduardo Gonz\u00e1lez. Por su parte, Vicente Guzm\u00e1n ha resaltado la importancia de \u201cestablecer un acuerdo entre ambas instituciones en el que la UPO pueda aportar su capacidad de innovaci\u00f3n y la UNAM su experiencia\u201d. Asimismo, Clemente J. Navarro ha destacado el inter\u00e9s de esta actividad \u201cpara abrir v\u00edas de colaboraci\u00f3n internacional tanto en el \u00e1mbito docente como investigador\u201d.<\/p>\n<p>El foro ha contado con la participaci\u00f3n de profesores del Centro de Estudios Pol\u00edticos de la Facultad de Ciencias Pol\u00edticas y Sociales de la Universidad Nacional Aut\u00f3noma de M\u00e9xico y del Departamento de Sociolog\u00eda de la Universidad Pablo de Olavide, que han abordado temas como la implementaci\u00f3n de pol\u00edticas p\u00fablicas de cohesi\u00f3n social; los desaf\u00edos de la gobernabilidad ante la globalizaci\u00f3n, o la sociolog\u00eda de las tendencias en salud y bienestar personal, estudio comparado entre M\u00e9xico y Espa\u00f1a, entre otros.<\/p>\n<p>Esta actividad est\u00e1 organizada por el Departamento de Sociolog\u00eda de la Universidad Pablo de Olavide con la participaci\u00f3n del <a href=\"http:\/\/consuladomexicosevilla.blogspot.com.es\/\">Consulado Honorario de M\u00e9xico en Sevilla<\/a>, el grupo de investigaci\u00f3n PAIDI SEJ-474 An\u00e1lisis Sociol\u00f3gico sobre Tendencias Sociales, y <a href=\"http:\/\/www.upo.es\/colegiodeamerica\/\">El Colegio de Am\u00e9rica de la UPO<\/a>.<\/p>\n<p>&nbsp;<\/p>\n","protected":false},"excerpt":{"rendered":"<p>La Universidad Pablo de Olavide ha acogido esta ma\u00f1ana el foro acad\u00e9mico \u201cPropuestas Te\u00f3rico-Anal\u00edticas para la Investigaci\u00f3n Social en M\u00e9xico y Espa\u00f1a\u201d organizado por el Departamento de Sociolog\u00eda de la UPO. El acto ha sido inaugurado por el rector de la UPO, Vicente Guzm\u00e1n, el c\u00f3nsul de M\u00e9xico, Eduardo Gonz\u00e1lez, y el director del Departamento de Sociolog\u00eda de la UPO, Clemente J. Navarro.<\/p>\n","protected":false},"author":6,"featured_media":0,"comment_status":"closed","ping_status":"open","sticky":false,"template":"","format":"standard","meta":{"_monsterinsights_skip_tracking":false,"_monsterinsights_sitenote_active":false,"_monsterinsights_sitenote_note":"","_monsterinsights_sitenote_category":0,"footnotes":""},"categories":[6],"tags":[236,1436,56,286,38,104,748,39,106],"class_list":["post-4183392","post","type-post","status-publish","format-standard","hentry","category-institucional","tag-colegio-de-america","tag-foro","tag-investigacion","tag-mexico","tag-rector","tag-sociologia","tag-unam","tag-universidades","tag-vicente-c-guzman"],"_links":{"self":[{"href":"https:\/\/www.upo.es\/diario\/wp-json\/wp\/v2\/posts\/4183392","targetHints":{"allow":["GET"]}}],"collection":[{"href":"https:\/\/www.upo.es\/diario\/wp-json\/wp\/v2\/posts"}],"about":[{"href":"https:\/\/www.upo.es\/diario\/wp-json\/wp\/v2\/types\/post"}],"author":[{"embeddable":true,"href":"https:\/\/www.upo.es\/diario\/wp-json\/wp\/v2\/users\/6"}],"replies":[{"embeddable":true,"href":"https:\/\/www.upo.es\/diario\/wp-json\/wp\/v2\/comments?post=4183392"}],"version-history":[{"count":3,"href":"https:\/\/www.upo.es\/diario\/wp-json\/wp\/v2\/posts\/4183392\/revisions"}],"predecessor-version":[{"id":4198612,"href":"https:\/\/www.upo.es\/diario\/wp-json\/wp\/v2\/posts\/4183392\/revisions\/4198612"}],"wp:attachment":[{"href":"https:\/\/www.upo.es\/diario\/wp-json\/wp\/v2\/media?parent=4183392"}],"wp:term":[{"taxonomy":"category","embeddable":true,"href":"https:\/\/www.upo.es\/diario\/wp-json\/wp\/v2\/categories?post=4183392"},{"taxonomy":"post_tag","embeddable":true,"href":"https:\/\/www.upo.es\/diario\/wp-json\/wp\/v2\/tags?post=4183392"}],"curies":[{"name":"wp","href":"https:\/\/api.w.org\/{rel}","templated":true}]}}