{"id":4198617,"date":"2014-06-06T06:43:03","date_gmt":"2014-06-06T06:43:03","guid":{"rendered":"https:\/\/www.upo.es\/diario\/?p=4198617"},"modified":"2014-06-06T06:56:04","modified_gmt":"2014-06-06T06:56:04","slug":"manana-ceremonia-de-egresados-de-la-segunda-promocion-del-grado-en-trabajo-social-de-la-upo","status":"publish","type":"post","link":"https:\/\/www.upo.es\/diario\/institucional\/2014\/06\/manana-ceremonia-de-egresados-de-la-segunda-promocion-del-grado-en-trabajo-social-de-la-upo\/","title":{"rendered":"Esta tarde, Ceremonia de Egresados de la segunda promoci\u00f3n del Grado en Trabajo Social de la UPO"},"content":{"rendered":"<p style=\"text-align: justify;\"><span style=\"text-decoration: underline;\">La Universidad Pablo<\/span><span style=\"text-decoration: underline;\"> de Olavide celebrar\u00e1 hoy viernes 6 de junio, a las 20.15 horas en la Plaza de Am\u00e9rica<\/span>, la Ceremonia de Egresados de la segunda promoci\u00f3n (2010\/2014) del grado en Trabajo Social, que estar\u00e1 presidida por Guillermo Dom\u00ednguez Fern\u00e1ndez, decano de la Facultad de Ciencias Sociales.<\/p>\n<p style=\"text-align: justify;\">La madrina de la promoci\u00f3n ser\u00e1 Ana Mar\u00eda Rey Merino, secretaria general de Pol\u00edticas Sociales de la Junta de Andaluc\u00eda. A la ceremonia tambi\u00e9n asistir\u00e1n los profesores del Departamento de Trabajo Social y Servicios Sociales de la UPO, Alfonso Bl\u00e1zquez Mu\u00f1oz y Manuel Flores S\u00e1nchez, como padrinos honor\u00edficos de la promoci\u00f3n; Gonzalo Ca\u00f1estro Fern\u00e1ndez, presidente del Colegio Profesional del Trabajo Social de Sevilla; Rafael G\u00f3mez del Toro, vicedecano de Calidad de la Facultad de Ciencias Sociales, y Mar\u00eda Rosa Herrera, directora del Departamento de Trabajo Social de la UPO.<\/p>\n<p style=\"text-align: justify;\">Un total de 170 egresados han confirmado su asistencia, junto a sus familiares, a este acto con el que la Universidad Pablo de Olavide recupera una antigua tradici\u00f3n de las universidades europeas.<\/p>\n<p>&nbsp;<\/p>\n<p align=\"center\"><b><span style=\"text-decoration: underline;\">Programa de la Ceremonia Fin de Grado<\/span><\/b><\/p>\n<p align=\"center\">20.15 horas.<\/p>\n<p align=\"center\">Plaza de Am\u00e9rica de la Universidad Pablo de Olavide<\/p>\n<p align=\"center\">&#8211; Apertura del acto.<\/p>\n<p align=\"center\">&#8211; Mensaje de la madrina de la promoci\u00f3n: Ana Mar\u00eda Rey Merino, secretaria general de Pol\u00edticas Sociales de la Junta de Andaluc\u00eda.<\/p>\n<p align=\"center\">&#8211; Mensaje de los padrinos honor\u00edficos de la promoci\u00f3n: Alfonso Bl\u00e1zquez Mu\u00f1oz y Manuel Flores S\u00e1nchez, profesores del Departamento de Trabajo Social y Servicios Sociales.<\/p>\n<p align=\"center\">&#8211; Imposici\u00f3n de becas a los estudiantes.<\/p>\n<p align=\"center\">&#8211; Intervenci\u00f3n de las representantes de los estudiantes: Loreto Amores Gonz\u00e1lez, Pedro Bocanegra Albarr\u00e1n y Cristina Pino Pastor.<\/p>\n<p align=\"center\">&#8211; Palabras \u00a0y clausura del acto: el decano de la Facultad de Ciencias Sociales, Guillermo Dom\u00ednguez Fern\u00e1ndez.<\/p>\n<p align=\"center\">&#8211; Himno Universitario.<\/p>\n","protected":false},"excerpt":{"rendered":"<p>La Universidad Pablo de Olavide celebrar\u00e1 hoy viernes 6 de junio, a las 20.15 horas en la Plaza de Am\u00e9rica, la Ceremonia de Egresados de la segunda promoci\u00f3n (2010\/2014) del grado en Trabajo Social, que estar\u00e1 presidida por Guillermo Dom\u00ednguez Fern\u00e1ndez, decano de la Facultad de Ciencias Sociales.<\/p>\n","protected":false},"author":4,"featured_media":0,"comment_status":"closed","ping_status":"open","sticky":false,"template":"","format":"standard","meta":{"_monsterinsights_skip_tracking":false,"_monsterinsights_sitenote_active":false,"_monsterinsights_sitenote_note":"","_monsterinsights_sitenote_category":0,"footnotes":""},"categories":[6],"tags":[581,487,1457],"class_list":["post-4198617","post","type-post","status-publish","format-standard","hentry","category-institucional","tag-ceremonia-de-egresados","tag-facultad-ciencias-sociales","tag-grado-en-trabajo-social"],"_links":{"self":[{"href":"https:\/\/www.upo.es\/diario\/wp-json\/wp\/v2\/posts\/4198617","targetHints":{"allow":["GET"]}}],"collection":[{"href":"https:\/\/www.upo.es\/diario\/wp-json\/wp\/v2\/posts"}],"about":[{"href":"https:\/\/www.upo.es\/diario\/wp-json\/wp\/v2\/types\/post"}],"author":[{"embeddable":true,"href":"https:\/\/www.upo.es\/diario\/wp-json\/wp\/v2\/users\/4"}],"replies":[{"embeddable":true,"href":"https:\/\/www.upo.es\/diario\/wp-json\/wp\/v2\/comments?post=4198617"}],"version-history":[{"count":4,"href":"https:\/\/www.upo.es\/diario\/wp-json\/wp\/v2\/posts\/4198617\/revisions"}],"predecessor-version":[{"id":4209647,"href":"https:\/\/www.upo.es\/diario\/wp-json\/wp\/v2\/posts\/4198617\/revisions\/4209647"}],"wp:attachment":[{"href":"https:\/\/www.upo.es\/diario\/wp-json\/wp\/v2\/media?parent=4198617"}],"wp:term":[{"taxonomy":"category","embeddable":true,"href":"https:\/\/www.upo.es\/diario\/wp-json\/wp\/v2\/categories?post=4198617"},{"taxonomy":"post_tag","embeddable":true,"href":"https:\/\/www.upo.es\/diario\/wp-json\/wp\/v2\/tags?post=4198617"}],"curies":[{"name":"wp","href":"https:\/\/api.w.org\/{rel}","templated":true}]}}