{"id":4209651,"date":"2014-06-06T07:31:48","date_gmt":"2014-06-06T07:31:48","guid":{"rendered":"https:\/\/www.upo.es\/diario\/?p=4209651"},"modified":"2014-06-06T12:11:42","modified_gmt":"2014-06-06T12:11:42","slug":"la-upo-participa-en-el-programa-oportunidad-al-talento-de-la-fundacion-once","status":"publish","type":"post","link":"https:\/\/www.upo.es\/diario\/institucional\/2014\/06\/la-upo-participa-en-el-programa-oportunidad-al-talento-de-la-fundacion-once\/","title":{"rendered":"La UPO participa en el programa \u201cOportunidad al Talento\u201d de la Fundaci\u00f3n ONCE"},"content":{"rendered":"<figure id=\"attachment_4209652\" aria-describedby=\"caption-attachment-4209652\" style=\"width: 270px\" class=\"wp-caption alignright\"><a href=\"https:\/\/www.upo.es\/diario\/wp-content\/uploads\/2014\/06\/Universidad-Discapacidad.jpg\"><img loading=\"lazy\" decoding=\"async\" class=\"size-full wp-image-4209652\" alt=\"Foto: Fundaci\u00f3n ONCE\" src=\"https:\/\/www.upo.es\/diario\/wp-content\/uploads\/2014\/06\/Universidad-Discapacidad.jpg\" width=\"270\" height=\"230\" \/><\/a><figcaption id=\"caption-attachment-4209652\" class=\"wp-caption-text\">Foto: Fundaci\u00f3n ONCE<\/figcaption><\/figure>\n<p>La Universidad Pablo de Olavide de Sevilla participa en el programa \u201cOportunidad al Talento\u201d de la Fundaci\u00f3n ONCE, una <strong>iniciativa que nace para dar respuesta a la necesidad de los universitarios con discapacidad de realizar pr\u00e1cticas acad\u00e9micas externas<\/strong> y que viene a reforzar la actuaci\u00f3n de la Fundaci\u00f3n Universidad-Sociedad de la UPO para la inserci\u00f3n laboral de sus estudiantes.<\/p>\n<p>Con este programa, <strong>Fundaci\u00f3n ONCE<\/strong> se propone servir de enlace entre la empresa y los estudiantes con discapacidad en el primer contacto que estos j\u00f3venes tienen con el mercado laboral, de forma que ambas partes obtengan beneficio de esta relaci\u00f3n. Gracias a este programa, que tiene \u00e1mbito nacional, la empresa conocer\u00e1 de primera mano el potencial y el talento de los j\u00f3venes universitarios con discapacidad y podr\u00e1n eliminarse los estigmas que existen sobre su capacidad laboral y favorecer su inclusi\u00f3n laboral.<\/p>\n<p>En el programa \u201cOportunidad al Talento\u201d participan 27 universidades, las empresas de ONCE y su Fundaci\u00f3n, adem\u00e1s de las 70 compa\u00f1\u00edas y entidades que integran el Foro Inserta Responsable, espacio de participaci\u00f3n y de innovaci\u00f3n social sobre responsabilidad social empresarial y discapacidad. Este programa cuenta con la estrecha colaboraci\u00f3n de FSC Inserta, la entidad de Fundaci\u00f3n ONCE para la formaci\u00f3n y el empleo de las personas con discapacidad, que desarrolla el Programa Por Talento, con la cofinanciaci\u00f3n del Fondo Social Europeo.<\/p>\n<p>El programa \u201cOportunidad al Talento\u201d tiene como destinatarios directos los <strong>estudiantes universitarios con discapacidad de los \u00faltimos cursos de grado o que est\u00e9n cursando alg\u00fan m\u00e1ster oficial<\/strong> y requieran hacer pr\u00e1cticas curriculares para obtener la titulaci\u00f3n, as\u00ed como aquellos que deseen realizar pr\u00e1cticas extracurriculares para mejorar su curr\u00edculum.<\/p>\n<p>\u201cOportunidad al Talento\u201d tambi\u00e9n tiene destinatarios indirectos como el personal t\u00e9cnico de empleo de los centros de orientaci\u00f3n, informaci\u00f3n y empleo y los coordinadores de pr\u00e1cticas\u00a0 y\u00a0 los t\u00e9cnicos en discapacidad de las universidades y los directivos y el personal de recursos humanos de las empresas.<\/p>\n<p>&nbsp;<\/p>\n","protected":false},"excerpt":{"rendered":"<p>La Universidad Pablo de Olavide de Sevilla participa en el programa \u201cOportunidad al Talento\u201d de la Fundaci\u00f3n ONCE, una iniciativa que nace para dar respuesta a la necesidad de los universitarios con discapacidad de realizar pr\u00e1cticas acad\u00e9micas externas y que viene a reforzar la actuaci\u00f3n de la Fundaci\u00f3n Universidad-Sociedad de la UPO para la inserci\u00f3n laboral de sus estudiantes.<\/p>\n","protected":false},"author":6,"featured_media":0,"comment_status":"closed","ping_status":"open","sticky":false,"template":"","format":"standard","meta":{"_monsterinsights_skip_tracking":false,"_monsterinsights_sitenote_active":false,"_monsterinsights_sitenote_note":"","_monsterinsights_sitenote_category":0,"footnotes":""},"categories":[6],"tags":[1210,66,21,47,65],"class_list":["post-4209651","post","type-post","status-publish","format-standard","hentry","category-institucional","tag-discapacidad","tag-empresa","tag-estudiantes","tag-fundaciones","tag-practicas"],"_links":{"self":[{"href":"https:\/\/www.upo.es\/diario\/wp-json\/wp\/v2\/posts\/4209651","targetHints":{"allow":["GET"]}}],"collection":[{"href":"https:\/\/www.upo.es\/diario\/wp-json\/wp\/v2\/posts"}],"about":[{"href":"https:\/\/www.upo.es\/diario\/wp-json\/wp\/v2\/types\/post"}],"author":[{"embeddable":true,"href":"https:\/\/www.upo.es\/diario\/wp-json\/wp\/v2\/users\/6"}],"replies":[{"embeddable":true,"href":"https:\/\/www.upo.es\/diario\/wp-json\/wp\/v2\/comments?post=4209651"}],"version-history":[{"count":3,"href":"https:\/\/www.upo.es\/diario\/wp-json\/wp\/v2\/posts\/4209651\/revisions"}],"predecessor-version":[{"id":4209654,"href":"https:\/\/www.upo.es\/diario\/wp-json\/wp\/v2\/posts\/4209651\/revisions\/4209654"}],"wp:attachment":[{"href":"https:\/\/www.upo.es\/diario\/wp-json\/wp\/v2\/media?parent=4209651"}],"wp:term":[{"taxonomy":"category","embeddable":true,"href":"https:\/\/www.upo.es\/diario\/wp-json\/wp\/v2\/categories?post=4209651"},{"taxonomy":"post_tag","embeddable":true,"href":"https:\/\/www.upo.es\/diario\/wp-json\/wp\/v2\/tags?post=4209651"}],"curies":[{"name":"wp","href":"https:\/\/api.w.org\/{rel}","templated":true}]}}