{"id":4256514,"date":"2014-06-10T06:45:10","date_gmt":"2014-06-10T06:45:10","guid":{"rendered":"https:\/\/www.upo.es\/diario\/?p=4256514"},"modified":"2014-06-10T06:59:12","modified_gmt":"2014-06-10T06:59:12","slug":"manana-comienza-en-sevilla-el-congreso-internacional-villas-romanas-de-la-betica","status":"publish","type":"post","link":"https:\/\/www.upo.es\/diario\/ciencia\/2014\/06\/manana-comienza-en-sevilla-el-congreso-internacional-villas-romanas-de-la-betica\/","title":{"rendered":"Comienza en Sevilla el Congreso Internacional \u201cVillas romanas de la B\u00e9tica\u201d"},"content":{"rendered":"<p><a href=\"https:\/\/www.upo.es\/diario\/wp-content\/uploads\/2014\/06\/Congreso-Villas-Romanas-Betica.jpg\"><img loading=\"lazy\" decoding=\"async\" class=\"alignright size-medium wp-image-4256515\" alt=\"Congreso-Villas-Romanas-Betica\" src=\"https:\/\/www.upo.es\/diario\/wp-content\/uploads\/2014\/06\/Congreso-Villas-Romanas-Betica-212x320.jpg\" width=\"212\" height=\"320\" srcset=\"https:\/\/www.upo.es\/diario\/wp-content\/uploads\/2014\/06\/Congreso-Villas-Romanas-Betica-212x320.jpg 212w, https:\/\/www.upo.es\/diario\/wp-content\/uploads\/2014\/06\/Congreso-Villas-Romanas-Betica-679x1024.jpg 679w, https:\/\/www.upo.es\/diario\/wp-content\/uploads\/2014\/06\/Congreso-Villas-Romanas-Betica-600x903.jpg 600w, https:\/\/www.upo.es\/diario\/wp-content\/uploads\/2014\/06\/Congreso-Villas-Romanas-Betica.jpg 1203w\" sizes=\"auto, (max-width: 212px) 100vw, 212px\" \/><\/a>Hoy martes 10 de junio dar\u00e1 comienzo en la <strong>Casa de la Provincia de Sevilla<\/strong> (plaza del Triunfo s\/n) el <strong>Congreso Internacional \u201cVillas romanas de la B\u00e9tica\u201d<\/strong>, que se desarrollar\u00e1 hasta el jueves 12 de junio, organizado por el \u00c1rea de Arqueolog\u00eda de la Universidad Pablo de Olavide, de Sevilla, en el que participar\u00e1n investigadores nacionales y extranjeros expertos en este tema. Es la primera vez que se celebra en Andaluc\u00eda una reuni\u00f3n cient\u00edfica sobre las villas romanas de Andaluc\u00eda, pese a que su estudio constituye hoy en d\u00eda una l\u00ednea de investigaci\u00f3n vanguardista e innovadora entre las m\u00e1s actuales investigaciones sobre arqueolog\u00eda romana.<\/p>\n<p>El <a href=\"http:\/\/www.upo.es\/portal\/impe\/web\/contenido\/4fa9f2ee-dc32-11e3-8db5-3fe5a96f4a88?channel=b1601137-2f47-11de-b088-3fe5a96f4a88\">Congreso Internacional \u201cVillas romanas de la B\u00e9tica\u201d<\/a> pretende cubrir este importante vac\u00edo existente en la investigaci\u00f3n arqueol\u00f3gica andaluza y, a la vez, convertirse \u2013por los propios presupuestos asumidos en \u00e9l- en referente para la investigaci\u00f3n nacional y extranjera en este tema de investigaci\u00f3n. Seg\u00fan explica Rafael Hidalgo, responsable del Seminario de Arqueolog\u00eda de la UPO, si bien en los \u00faltimos a\u00f1os se han publicado algunas obras, colectivas o individuales, sobre las villas hispanas, sobre todo en lo que ata\u00f1e a sus fases \u201ctard\u00edas\u201d durante los \u00faltimos siglos del imperio romano, falta a\u00fan por realizar un estudio de conjunto sobre los conjuntos rurales b\u00e9ticos, una de las manifestaciones de la arquitectura romana m\u00e1s interesantes y cruciales en una provincia de tanta raigambre e importancia como lo fue la B\u00e9tica, no s\u00f3lo para cubrir la carencia de un estudio general y global sobre el tema, sino tambi\u00e9n para responder a preguntas nunca planteadas hasta el momento, y que est\u00e1n inmersas en las m\u00e1s modernas l\u00edneas de investigaci\u00f3n nacionales e internacionales.<\/p>\n<p>Rafael Hidalgo menciona cuestiones tan fundamentales y novedosas como el \u201corigen\u201d del sistema de las villas y el paso de las estructuras de propiedad prerromanas al nuevo orden socioecon\u00f3mico, las transformaciones tard\u00edas, los signos de \u201ccristianizaci\u00f3n\u201d, la \u201cdesaparici\u00f3n\u201d, o mejor transformaci\u00f3n de la villa en la \u00e9poca tardoantigua y su enlace con el paisaje rural altomedieval, la decoraci\u00f3n, las t\u00e9cnicas edilicias o un aspecto crucial cual es la consideraci\u00f3n de las villas romanas en Andaluc\u00eda como un elemento m\u00e1s del patrimonio arqueol\u00f3gico cuya gesti\u00f3n se engloba en las tendencias actuales sobre el tema y es susceptible de general importantes potencialidades como dinamizador y motor del desarrollo sociocultural y econ\u00f3mico de Andaluc\u00eda, en este caso con especial relevancia en el medio rural.<\/p>\n<p>Este Congreso Internacional se plantea como actividad final previa a la publicaci\u00f3n de los resultados cient\u00edficos obtenidos en el marco de dos Proyectos de Investigaci\u00f3n (www.villaebaeticae.es), por un lado el Proyecto I+D+i\u00a0 \u201cLas villas romanas de la B\u00e9tica: renovaci\u00f3n metodol\u00f3gica, an\u00e1lisis arqueol\u00f3gico y rentabilizaci\u00f3n patrimonial\u201d (Clave:\u00a0 HAR2011-25250 (2012-2014), financiado por el antiguo Ministerio de Ciencia e Innovaci\u00f3n, y por otro lado el Contrato de Servicios de Proyectos I+D G-Gi3000\/IDI1 \u201cPaisaje Cultural Romano e Infraestructuras: una perspectiva Patrimonial\u201d (2012-2013), firmado entre la Universidad Pablo de Olavide de Sevilla y la Agencia de Obras P\u00fablica de la Consejer\u00eda de Fomento y Vivienda de la Junta de Andaluc\u00eda.<\/p>\n<p>La ejecuci\u00f3n de estos Proyectos ha supuesto, igualmente por primera vez, la realizaci\u00f3n de un estudio conjunto de las villas romanas de la B\u00e9tica, reuniendo y ordenando la ingente cantidad de informaci\u00f3n existente, sobre todo la derivada de las numerosas Actividades Arqueol\u00f3gicas de Urgencia llevadas a cabo en Andaluc\u00eda en los \u00faltimos a\u00f1os utilizando para ello un SIG desarrollado al efecto. Se ha creado as\u00ed un corpus completo de las villas romanas hasta ahora documentadas en Andaluc\u00eda.<\/p>\n","protected":false},"excerpt":{"rendered":"<p>En el Congreso Internacional \u201cVillas romanas de la B\u00e9tica\u201d, organizado por el \u00c1rea de Arqueolog\u00eda de la UPO, participar\u00e1n investigadores nacionales y extranjeros expertos en este tema. Es la primera vez que se celebra en Andaluc\u00eda una reuni\u00f3n cient\u00edfica sobre las villas romanas de Andaluc\u00eda, pese a que su estudio constituye hoy en d\u00eda una l\u00ednea de investigaci\u00f3n vanguardista e innovadora entre las m\u00e1s actuales investigaciones sobre arqueolog\u00eda romana.<\/p>\n","protected":false},"author":6,"featured_media":0,"comment_status":"closed","ping_status":"open","sticky":false,"template":"","format":"standard","meta":{"_monsterinsights_skip_tracking":false,"_monsterinsights_sitenote_active":false,"_monsterinsights_sitenote_note":"","_monsterinsights_sitenote_category":0,"footnotes":""},"categories":[3],"tags":[460,128,354,150,446,734],"class_list":["post-4256514","post","type-post","status-publish","format-standard","hentry","category-ciencia","tag-antigua-roma","tag-arqueologia","tag-congreso","tag-historia","tag-internacional","tag-investigadores"],"_links":{"self":[{"href":"https:\/\/www.upo.es\/diario\/wp-json\/wp\/v2\/posts\/4256514","targetHints":{"allow":["GET"]}}],"collection":[{"href":"https:\/\/www.upo.es\/diario\/wp-json\/wp\/v2\/posts"}],"about":[{"href":"https:\/\/www.upo.es\/diario\/wp-json\/wp\/v2\/types\/post"}],"author":[{"embeddable":true,"href":"https:\/\/www.upo.es\/diario\/wp-json\/wp\/v2\/users\/6"}],"replies":[{"embeddable":true,"href":"https:\/\/www.upo.es\/diario\/wp-json\/wp\/v2\/comments?post=4256514"}],"version-history":[{"count":3,"href":"https:\/\/www.upo.es\/diario\/wp-json\/wp\/v2\/posts\/4256514\/revisions"}],"predecessor-version":[{"id":4267706,"href":"https:\/\/www.upo.es\/diario\/wp-json\/wp\/v2\/posts\/4256514\/revisions\/4267706"}],"wp:attachment":[{"href":"https:\/\/www.upo.es\/diario\/wp-json\/wp\/v2\/media?parent=4256514"}],"wp:term":[{"taxonomy":"category","embeddable":true,"href":"https:\/\/www.upo.es\/diario\/wp-json\/wp\/v2\/categories?post=4256514"},{"taxonomy":"post_tag","embeddable":true,"href":"https:\/\/www.upo.es\/diario\/wp-json\/wp\/v2\/tags?post=4256514"}],"curies":[{"name":"wp","href":"https:\/\/api.w.org\/{rel}","templated":true}]}}