{"id":4256519,"date":"2014-06-10T06:46:46","date_gmt":"2014-06-10T06:46:46","guid":{"rendered":"https:\/\/www.upo.es\/diario\/?p=4256519"},"modified":"2014-06-10T07:00:23","modified_gmt":"2014-06-10T07:00:23","slug":"manana-jornadas-de-practicas-en-empresas-en-ciencias-ambientales-y-nutricion-humana-y-dietetica","status":"publish","type":"post","link":"https:\/\/www.upo.es\/diario\/institucional\/2014\/06\/manana-jornadas-de-practicas-en-empresas-en-ciencias-ambientales-y-nutricion-humana-y-dietetica\/","title":{"rendered":"Hoy, Jornadas de Pr\u00e1cticas en Empresas en Ciencias Ambientales y Nutrici\u00f3n Humana y Diet\u00e9tica"},"content":{"rendered":"<p>Hoy martes, 10 de junio, a las 9 horas, en la sala de grados del edificio 7 de la Universidad Pablo de Olavide, comenzar\u00e1n las Jornadas de Pr\u00e1cticas en Empresas en Ciencias Ambientales y Nutrici\u00f3n Humana y Diet\u00e9tica, que ser\u00e1n inauguradas por Antonio Gallardo Correa, decano de la Facultad de Ciencias Experimentales; Carlos D\u00e1vila Fern\u00e1ndez, Coordinador de SEO\/BirdLife Do\u00f1ana; Diego Morilla, teniente del Seprona de la Guardia Civil, Ignacio J\u00e1uregui Lobera, coordinador jefe del Instituto de Ciencias de la Conducta Dr. J\u00e1uregui, y Lu\u00eds Mor\u00e1n, presidente del Colegio Profesional de Dietistas Nutricionistas de Andaluc\u00eda. Estas jornadas han sido organizadas por la Facultad de Ciencias Experimentales.<\/p>\n<p>Tras el acto de inauguraci\u00f3n, las jornadas en Ciencias Ambientales se trasladar\u00e1n a la sala de grados del edificio 25 (Biblioteca) y contar\u00e1n con varias ponencias que se desarrollar\u00e1n hasta las 20.40 horas. Por su parte, las Jornadas de Pr\u00e1cticas en Empresas en Nutrici\u00f3n Humana y Diet\u00e9tica continuar\u00e1n en la sala de grados del edificio 7 tras la inauguraci\u00f3n y concluir\u00e1n a las 21:10 horas.<\/p>\n<p><a href=\"http:\/\/crisantemo.upo.es\/export\/portal\/com\/bin\/portal\/fcex\/noticias\/Jornada_PractEmpresa_Junio14\/1400844993644_jornadas_practicasempresa_fcexp__2014.pdf\">Programa de las Jornadas<\/a><\/p>\n","protected":false},"excerpt":{"rendered":"<p>Hoy martes, 10 de junio, a las 9 horas, en la sala de grados del edificio 7 de la Universidad Pablo de Olavide, comenzar\u00e1n las Jornadas de Pr\u00e1cticas en Empresas en Ciencias Ambientales y Nutrici\u00f3n Humana y Diet\u00e9tica, que ser\u00e1n inauguradas por Antonio Gallardo Correa, decano de la Facultad de Ciencias Experimentales; Carlos D\u00e1vila Fern\u00e1ndez, Coordinador de SEO\/BirdLife Do\u00f1ana; Diego Morilla, teniente del Seprona de la Guardia Civil, Ignacio J\u00e1uregui Lobera, coordinador jefe del Instituto de Ciencias de la Conducta Dr. J\u00e1uregui, y Lu\u00eds Mor\u00e1n, presidente del Colegio Profesional de Dietistas Nutricionistas de Andaluc\u00eda. <\/p>\n","protected":false},"author":8,"featured_media":0,"comment_status":"closed","ping_status":"open","sticky":false,"template":"","format":"standard","meta":{"_monsterinsights_skip_tracking":false,"_monsterinsights_sitenote_active":false,"_monsterinsights_sitenote_note":"","_monsterinsights_sitenote_category":0,"footnotes":""},"categories":[6],"tags":[1469,1470,260,122,1471,1468,671],"class_list":["post-4256519","post","type-post","status-publish","format-standard","hentry","category-institucional","tag-antonio-gallardo","tag-carlos-davila","tag-ciencias-ambientales","tag-facultad-ciencias-experimentales","tag-ignacio-jauregui-lobera","tag-jornadas-de-practicas-en-empresas","tag-nutricion-humana-y-dietetica"],"_links":{"self":[{"href":"https:\/\/www.upo.es\/diario\/wp-json\/wp\/v2\/posts\/4256519","targetHints":{"allow":["GET"]}}],"collection":[{"href":"https:\/\/www.upo.es\/diario\/wp-json\/wp\/v2\/posts"}],"about":[{"href":"https:\/\/www.upo.es\/diario\/wp-json\/wp\/v2\/types\/post"}],"author":[{"embeddable":true,"href":"https:\/\/www.upo.es\/diario\/wp-json\/wp\/v2\/users\/8"}],"replies":[{"embeddable":true,"href":"https:\/\/www.upo.es\/diario\/wp-json\/wp\/v2\/comments?post=4256519"}],"version-history":[{"count":4,"href":"https:\/\/www.upo.es\/diario\/wp-json\/wp\/v2\/posts\/4256519\/revisions"}],"predecessor-version":[{"id":4267708,"href":"https:\/\/www.upo.es\/diario\/wp-json\/wp\/v2\/posts\/4256519\/revisions\/4267708"}],"wp:attachment":[{"href":"https:\/\/www.upo.es\/diario\/wp-json\/wp\/v2\/media?parent=4256519"}],"wp:term":[{"taxonomy":"category","embeddable":true,"href":"https:\/\/www.upo.es\/diario\/wp-json\/wp\/v2\/categories?post=4256519"},{"taxonomy":"post_tag","embeddable":true,"href":"https:\/\/www.upo.es\/diario\/wp-json\/wp\/v2\/tags?post=4256519"}],"curies":[{"name":"wp","href":"https:\/\/api.w.org\/{rel}","templated":true}]}}