{"id":4270661,"date":"2014-06-10T00:15:23","date_gmt":"2014-06-10T00:15:23","guid":{"rendered":"https:\/\/www.upo.es\/diario\/?p=4270661"},"modified":"2014-06-11T16:44:16","modified_gmt":"2014-06-11T16:44:16","slug":"manana-se-celebra-la-ceremonia-de-clausura-del-aula-abierta-de-mayores-de-la-universidad-pablo-de-olavide","status":"publish","type":"post","link":"https:\/\/www.upo.es\/diario\/institucional\/2014\/06\/manana-se-celebra-la-ceremonia-de-clausura-del-aula-abierta-de-mayores-de-la-universidad-pablo-de-olavide\/","title":{"rendered":"Ma\u00f1ana se celebra la Ceremonia de Clausura del Aula Abierta de Mayores de la Universidad Pablo de Olavide"},"content":{"rendered":"<p style=\"text-align: justify;\">Ma\u00f1ana mi\u00e9rcoles 11 de junio, a las 17.30 horas en el Paraninfo de la Universidad Pablo de Olavide, se celebrar\u00e1 el acto de clausura del Programa Universitario para Mayores Aula Abierta de Mayores de la UPO, con la imposici\u00f3n de becas y entrega de diplomas al alumnado de tres de los cinco municipios que han finalizado el tercer curso del Ciclo B\u00e1sico, <b>Bormujos, Gilena y Pedrera. Representantes de estos tres municipios,<\/b> Javier Castro Molera, primer teniente de Alcalde y concejal delegado de Educaci\u00f3n del Ayuntamiento de Bormujos, Jos\u00e9 Manuel Joya Carvajal, del Ayuntamiento de Gilena,\u00a0 y Antonio Nogales Monedero, del Ayuntamiento de Pedrera, asistir\u00e1n a la ceremonia.<\/p>\n<p style=\"text-align: justify;\">El acto de clausura estar\u00e1 presidido por el rector de la UPO Vicente Guzm\u00e1n Fluja, que estar\u00e1 acompa\u00f1ado, adem\u00e1s de por los alcaldes, por Elodia Hern\u00e1ndez Le\u00f3n, vicerrectora de Estudiantes, Cultura y Compromiso Social, y el padrino de estas promociones que se grad\u00faan, Feliciano de Soto Borrero, profesor doctor del Departamento de Sistemas F\u00edsicos, Qu\u00edmicos y Naturales de la Universidad Pablo de Olavide. Al acto tambi\u00e9n asistir\u00e1n Jes\u00fas Ferreiro Casillas, jefe de servicio de gesti\u00f3n de centros de personas mayores de la Consejer\u00eda de Igualdad, Salud y Pol\u00edticas Sociales, y Manuel Dom\u00ednguez Jim\u00e9nez, portavoz del Gobierto de la Diputaci\u00f3n Provincial de Sevilla.<\/p>\n<p style=\"text-align: justify;\">Por su parte, el acto de clausura e imposici\u00f3n de becas de los otros dos municipios que han finalizado el tercer curso del Ciclo B\u00e1sico, <b>Alcal\u00e1 de Guada\u00edra y Salteras,<\/b> se celebrar\u00e1 este jueves 12 de junio a las 17.30 horas en el Paraninfo de la UPO.<\/p>\n<p style=\"text-align: justify;\">El acto estar\u00e1 presidido por el rector de la UPO Vicente Guzm\u00e1n Fluja, que estar\u00e1 acompa\u00f1ado por Elodia Hern\u00e1ndez Le\u00f3n, vicerrectora de Estudiantes, Cultura y Compromiso social, y por la madrina de estas promociones que se grad\u00faan, Margarita Zango Pascual, profesora doctora del Departamento de Sistemas F\u00edsicos, Qu\u00edmicos y Naturales de la Universidad Pablo de Olavide. Al acto tambi\u00e9n asistir\u00e1n Francisca D\u00edaz Alcaide, delegada territorial de Igualdad, Salud y Pol\u00edticas Sociales de Sevilla, de la Consejer\u00eda de Igualdad, Salud y Pol\u00edticas Sociales de la Junta de Andaluc\u00eda; Beatriz S\u00e1nchez Garc\u00eda, diputada del \u00c1rea de Ciudadan\u00eda, Participaci\u00f3n y Cultura de la Diputaci\u00f3n Provincial de Sevilla; Mar\u00eda Dolores Guti\u00e9rrez Peral, concejala-delegada de Servicios Sociales del Ayuntamiento de Alcal\u00e1 de Guada\u00edra, y Manuel Gonz\u00e1lez Mart\u00ednez, concejal-delegado de Bienestar Social del Ayuntamiento de Salteras.<\/p>\n<div>\n<p><b>\u00a0<\/b><\/p>\n<\/div>\n","protected":false},"excerpt":{"rendered":"<p>Ma\u00f1ana mi\u00e9rcoles 11 de junio, a las 17.30 horas en el Paraninfo de la Universidad Pablo de Olavide, se celebrar\u00e1 el acto de clausura del Programa Universitario para Mayores Aula Abierta de Mayores de la UPO, con la imposici\u00f3n de becas y entrega de diplomas al alumnado de tres de los cinco municipios que han finalizado el tercer curso del Ciclo B\u00e1sico, Bormujos, Gilena y Pedrera. Por su parte, el acto de clausura e imposici\u00f3n de becas de los otros dos municipios que han finalizado el tercer curso del Ciclo B\u00e1sico, Alcal\u00e1 de Guada\u00edra y Salteras, se celebrar\u00e1 este jueves 12 de junio a las 17.30 horas en el Paraninfo.<\/p>\n","protected":false},"author":4,"featured_media":0,"comment_status":"closed","ping_status":"open","sticky":false,"template":"","format":"standard","meta":{"_monsterinsights_skip_tracking":false,"_monsterinsights_sitenote_active":false,"_monsterinsights_sitenote_note":"","_monsterinsights_sitenote_category":0,"footnotes":""},"categories":[6],"tags":[996,463,38,1340],"class_list":["post-4270661","post","type-post","status-publish","format-standard","hentry","category-institucional","tag-aula-de-mayores","tag-clausura","tag-rector","tag-vicente-guzman"],"_links":{"self":[{"href":"https:\/\/www.upo.es\/diario\/wp-json\/wp\/v2\/posts\/4270661","targetHints":{"allow":["GET"]}}],"collection":[{"href":"https:\/\/www.upo.es\/diario\/wp-json\/wp\/v2\/posts"}],"about":[{"href":"https:\/\/www.upo.es\/diario\/wp-json\/wp\/v2\/types\/post"}],"author":[{"embeddable":true,"href":"https:\/\/www.upo.es\/diario\/wp-json\/wp\/v2\/users\/4"}],"replies":[{"embeddable":true,"href":"https:\/\/www.upo.es\/diario\/wp-json\/wp\/v2\/comments?post=4270661"}],"version-history":[{"count":10,"href":"https:\/\/www.upo.es\/diario\/wp-json\/wp\/v2\/posts\/4270661\/revisions"}],"predecessor-version":[{"id":4287843,"href":"https:\/\/www.upo.es\/diario\/wp-json\/wp\/v2\/posts\/4270661\/revisions\/4287843"}],"wp:attachment":[{"href":"https:\/\/www.upo.es\/diario\/wp-json\/wp\/v2\/media?parent=4270661"}],"wp:term":[{"taxonomy":"category","embeddable":true,"href":"https:\/\/www.upo.es\/diario\/wp-json\/wp\/v2\/categories?post=4270661"},{"taxonomy":"post_tag","embeddable":true,"href":"https:\/\/www.upo.es\/diario\/wp-json\/wp\/v2\/tags?post=4270661"}],"curies":[{"name":"wp","href":"https:\/\/api.w.org\/{rel}","templated":true}]}}