{"id":4271265,"date":"2014-06-10T12:30:57","date_gmt":"2014-06-10T12:30:57","guid":{"rendered":"https:\/\/www.upo.es\/diario\/?p=4271265"},"modified":"2014-06-10T13:05:16","modified_gmt":"2014-06-10T13:05:16","slug":"la-pena-sentir-flamenco-cierra-el-curso-2013-2014-con-la-actuacion-de-jesus-ponce-y-jesus-de-la-frasquita","status":"publish","type":"post","link":"https:\/\/www.upo.es\/diario\/cultura\/2014\/06\/la-pena-sentir-flamenco-cierra-el-curso-2013-2014-con-la-actuacion-de-jesus-ponce-y-jesus-de-la-frasquita\/","title":{"rendered":"La pe\u00f1a \u2018Sentir Flamenco\u2019 cierra el curso 2013-2014 con la actuaci\u00f3n de Jes\u00fas Ponce y Jes\u00fas de la Frasquita"},"content":{"rendered":"<figure id=\"attachment_4271266\" aria-describedby=\"caption-attachment-4271266\" style=\"width: 320px\" class=\"wp-caption alignright\"><a href=\"https:\/\/www.upo.es\/diario\/wp-content\/uploads\/2014\/06\/Fiesta-Fin-Curso-2013_2014_021.jpg\"><img loading=\"lazy\" decoding=\"async\" class=\"size-medium wp-image-4271266\" alt=\"Jes\u00fas Ponce (cante) y Paco Rey (guitarra)\" src=\"https:\/\/www.upo.es\/diario\/wp-content\/uploads\/2014\/06\/Fiesta-Fin-Curso-2013_2014_021-320x240.jpg\" width=\"320\" height=\"240\" srcset=\"https:\/\/www.upo.es\/diario\/wp-content\/uploads\/2014\/06\/Fiesta-Fin-Curso-2013_2014_021-320x240.jpg 320w, https:\/\/www.upo.es\/diario\/wp-content\/uploads\/2014\/06\/Fiesta-Fin-Curso-2013_2014_021-1024x768.jpg 1024w, https:\/\/www.upo.es\/diario\/wp-content\/uploads\/2014\/06\/Fiesta-Fin-Curso-2013_2014_021-600x450.jpg 600w, https:\/\/www.upo.es\/diario\/wp-content\/uploads\/2014\/06\/Fiesta-Fin-Curso-2013_2014_021.jpg 1600w\" sizes=\"auto, (max-width: 320px) 100vw, 320px\" \/><\/a><figcaption id=\"caption-attachment-4271266\" class=\"wp-caption-text\">Jes\u00fas Ponce (cante) y Paco Rey (guitarra)<\/figcaption><\/figure>\n<p>La <strong>pe\u00f1a \u2018Sentir Flamenco\u2019<\/strong> de la Universidad Pablo de Olavide <strong>se despidi\u00f3 el pasado viernes 6 de junio hasta el curso que viene con una actuaci\u00f3n que cont\u00f3 con los cantaores Jes\u00fas Ponce y Jes\u00fas de la Frasquita, acompa\u00f1ados a la guitarra por Alberto L\u00f3pez<\/strong>, sustituyendo a Kaveh Nassehi que no pudo finalmente acudir a la \u00faltima actividad de la pe\u00f1a organizada durante el curso 2013-2014.<\/p>\n<p>Este es el primer curso acad\u00e9mico de actividad continuada de la pe\u00f1a \u2018Sentir Flamenco\u2019, una iniciativa que parti\u00f3 de los profesores de la UPO Fernando Ruiz Morales y Rafael C\u00e1ceres Feria quienes, con el apoyo del vicerrectorado de de Estudiantes, Cultura y Compromiso Social, han organizado este a\u00f1o conferencias, encuentros con artistas, cine, presentaciones de libros, actuaciones y cursos de guitarra y de baile.<\/p>\n<p>La pe\u00f1a \u2018Sentir Flamenco\u2019 busca el acercamiento de la universidad al flamenco y viceversa. Los interesados en hacerse socios o conocer las actividades de esta pe\u00f1a pueden informarse a trav\u00e9s del correo <a href=\"mailto:pflamenca@upo.es\">pflamenca@upo.es<\/a> o en <a href=\"http:\/\/pfsentirflamenco.blogspot.com.es\/\">pfsentirflamenco.blogspot.com.es<\/a> .<\/p>\n","protected":false},"excerpt":{"rendered":"<p>La pe\u00f1a \u2018Sentir Flamenco\u2019 de la Universidad Pablo de Olavide se despidi\u00f3 el pasado viernes 6 de junio hasta el curso que viene con una actuaci\u00f3n que cont\u00f3 con los cantaores Jes\u00fas Ponce y Jes\u00fas de la Frasquita, acompa\u00f1ados a la guitarra por Alberto L\u00f3pez, sustituyendo a Kaveh Nassehi que no pudo finalmente acudir a la \u00faltima actividad de la pe\u00f1a organizada durante el curso 2013-2014.<\/p>\n","protected":false},"author":6,"featured_media":0,"comment_status":"closed","ping_status":"open","sticky":false,"template":"","format":"standard","meta":{"_monsterinsights_skip_tracking":false,"_monsterinsights_sitenote_active":false,"_monsterinsights_sitenote_note":"","_monsterinsights_sitenote_category":0,"footnotes":""},"categories":[7],"tags":[75,93,402,1265],"class_list":["post-4271265","post","type-post","status-publish","format-standard","hentry","category-cultura","tag-extension-cultural","tag-flamenco","tag-musica","tag-vicerrectorado-de-estudiantes-cultura-y-compromiso-social"],"_links":{"self":[{"href":"https:\/\/www.upo.es\/diario\/wp-json\/wp\/v2\/posts\/4271265","targetHints":{"allow":["GET"]}}],"collection":[{"href":"https:\/\/www.upo.es\/diario\/wp-json\/wp\/v2\/posts"}],"about":[{"href":"https:\/\/www.upo.es\/diario\/wp-json\/wp\/v2\/types\/post"}],"author":[{"embeddable":true,"href":"https:\/\/www.upo.es\/diario\/wp-json\/wp\/v2\/users\/6"}],"replies":[{"embeddable":true,"href":"https:\/\/www.upo.es\/diario\/wp-json\/wp\/v2\/comments?post=4271265"}],"version-history":[{"count":3,"href":"https:\/\/www.upo.es\/diario\/wp-json\/wp\/v2\/posts\/4271265\/revisions"}],"predecessor-version":[{"id":4271270,"href":"https:\/\/www.upo.es\/diario\/wp-json\/wp\/v2\/posts\/4271265\/revisions\/4271270"}],"wp:attachment":[{"href":"https:\/\/www.upo.es\/diario\/wp-json\/wp\/v2\/media?parent=4271265"}],"wp:term":[{"taxonomy":"category","embeddable":true,"href":"https:\/\/www.upo.es\/diario\/wp-json\/wp\/v2\/categories?post=4271265"},{"taxonomy":"post_tag","embeddable":true,"href":"https:\/\/www.upo.es\/diario\/wp-json\/wp\/v2\/tags?post=4271265"}],"curies":[{"name":"wp","href":"https:\/\/api.w.org\/{rel}","templated":true}]}}