{"id":4271271,"date":"2014-06-10T13:46:04","date_gmt":"2014-06-10T13:46:04","guid":{"rendered":"https:\/\/www.upo.es\/diario\/?p=4271271"},"modified":"2014-06-11T12:00:36","modified_gmt":"2014-06-11T12:00:36","slug":"un-total-de-1-194-estudiantes-se-examinan-de-selectividad-en-la-universidad-pablo-de-olavide-los-dias-12-13-y-14-de-junio","status":"publish","type":"post","link":"https:\/\/www.upo.es\/diario\/institucional\/2014\/06\/un-total-de-1-194-estudiantes-se-examinan-de-selectividad-en-la-universidad-pablo-de-olavide-los-dias-12-13-y-14-de-junio\/","title":{"rendered":"Un total de 1.194 estudiantes se examinan de Selectividad en la Universidad Pablo de Olavide"},"content":{"rendered":"<figure id=\"attachment_1021323\" aria-describedby=\"caption-attachment-1021323\" style=\"width: 320px\" class=\"wp-caption alignright\"><a href=\"https:\/\/www.upo.es\/diario\/wp-content\/uploads\/2013\/06\/selectividad1.jpg\"><img loading=\"lazy\" decoding=\"async\" class=\"size-medium wp-image-1021323\" alt=\"estudiantes examin\u00e1ndose de la Selectividad en la UPO el pasado a\u00f1o\" src=\"https:\/\/www.upo.es\/diario\/wp-content\/uploads\/2013\/06\/selectividad1-320x191.jpg\" width=\"320\" height=\"191\" srcset=\"https:\/\/www.upo.es\/diario\/wp-content\/uploads\/2013\/06\/selectividad1-320x191.jpg 320w, https:\/\/www.upo.es\/diario\/wp-content\/uploads\/2013\/06\/selectividad1-1024x613.jpg 1024w, https:\/\/www.upo.es\/diario\/wp-content\/uploads\/2013\/06\/selectividad1-600x359.jpg 600w\" sizes=\"auto, (max-width: 320px) 100vw, 320px\" \/><\/a><figcaption id=\"caption-attachment-1021323\" class=\"wp-caption-text\">La PAU tiene como novedad la celebraci\u00f3n de los ex\u00e1menes en tres d\u00edas, finalizando las pruebas el s\u00e1bado, 14 de junio<\/figcaption><\/figure>\n<p style=\"text-align: justify;\">Un total de 1.194 estudiantes de Bachillerato y de Ciclos Formativos de Grado Superior de Sevilla y provincia de 23 centros educativos se examinar\u00e1n este jueves en la Universidad Pablo de Olavide, lo que representa un ligero descenso del 0,6 % con respecto al a\u00f1o anterior, en el que se examinaron 1.202 alumnos. La Olavide coordina este a\u00f1o la Prueba de Acceso a la Universidad en Andaluc\u00eda, que se celebrar\u00e1n los d\u00edas 12, 13 y 14 de junio. La UPO ha distribuido los 23 centros en 2 sedes: ubicadas en los edificios 4, 6, 8 y 10 (sede 1) y en los edificios 5 y 7 (sede 2).<\/p>\n<p style=\"text-align: justify;\">De los 1.194 estudiantes que se presentan a las pruebas en la Universidad Pablo de Olavide, 663 son mujeres (55,5 %) y 531 son hombres (44,4 %). Por su parte, 1.103 alumnos proceden de Bachillerato y 91 de Ciclos Formativos de Grado Superior. Respecto al n\u00famero de alumnos que se presentan a cada fase, 953 estudiantes realizar\u00e1n tanto la fase espec\u00edfica como la general, mientras que 38 se examinar\u00e1n \u00fanicamente de la fase general y 203 de la fase espec\u00edfica.<\/p>\n<p style=\"text-align: justify;\">En la UPO, se examinar\u00e1n de la Selectividad los estudiantes procedentes de 23 centros de Ense\u00f1anza Secundaria y Formaci\u00f3n Profesional de Sevilla y provincia, distribuy\u00e9ndolos en dos sedes. Estos 23 centros son el colegio Escuelas Profesionales de la Sagrada Familia (Sevilla), el colegio Salesianos de San Pedro (Sevilla), el colegio San Fernando (Sevilla), el IES Vel\u00e1zquez (Sevilla), el IES Joaqu\u00edn Turina (Sevilla), el IES Miguel de Cervantes (Sevilla), el IES Ram\u00f3n del Valle Incl\u00e1n (Sevilla), el colegio Albaydar (Sevilla), el colegio Alberto Durero (Sevilla), el IES Ruiz Gij\u00f3n (Utrera), el IES Mateo Alem\u00e1n (San Juan de Aznalfarache), el IES Severo Ochoa (San Juan de Aznalfarache), el IES Camas (Camas), el IES Juan de Mairena (Mairena del Aljarafe), el IES Atenea (Mairena del Aljarafe), el IES Rodrigo Caro (Coria del R\u00edo), el IES Pepe Ruiz Vela (Villaverde del R\u00edo), el IES Carmen Laff\u00f3n (San Jos\u00e9 de la Rinconada) el IES Los \u00c1lamos (Bormujos), el colegio Antonio de Sol\u00eds (Sevilla), Escuela de Jardiner\u00eda \u00a0y Centro de Estudios Medioambientales. J. Romero Murube (Sevilla), el Centro de Estudios Sanitarios Dr. Ardu\u00e1n (Sevilla) y Centro de Estudios Cesa Campus de Estudios Superiores Aljarafe (Tomares).<\/p>\n<p style=\"text-align: justify;\">La Prueba de Acceso a la Universidad, que coordina este a\u00f1o la Universidad Pablo de Olavide, tiene como novedad la celebraci\u00f3n de los ex\u00e1menes en tres d\u00edas, en vez de en cuatro como en a\u00f1os anteriores, finalizando las pruebas el s\u00e1bado, 14 de junio. Los ex\u00e1menes por incompatibilidad horaria se realizar\u00e1n el s\u00e1bado por la tarde.<\/p>\n<p style=\"text-align: justify;\">El examen consta de una prueba general con 4 ejercicios: Lengua Castellana y Literatura; Historia de la Filosof\u00eda o Historia de Espa\u00f1a; Lengua Extranjera, y una materia de la modalidad de Bachillerato elegida por el estudiante. No existe un m\u00ednimo para aprobar cada examen, pero la media de las cuatro asignaturas debe ser igual o superior a 4 para considerar la prueba aprobada. En esta fase se puede alcanzar una nota m\u00e1xima de 10 y su validez es de car\u00e1cter indefinido.<\/p>\n<p style=\"text-align: justify;\">No obstante, los estudiantes tendr\u00e1n la oportunidad de subir nota hasta 4 puntos examin\u00e1ndose de una prueba espec\u00edfica y voluntaria que realizar\u00e1 la UPO, en aquellas materias que est\u00e9n relacionadas con la rama del conocimiento de la carrera elegida. Podr\u00e1n examinarse de un m\u00e1ximo de 4 ex\u00e1menes, y solamente contar\u00e1n las 2 notas de mayor puntuaci\u00f3n. Las materias superadas en la fase espec\u00edficas tienen validez en el curso que se superan y los dos siguientes cursos (se podr\u00e1n usar en los procesos de admisi\u00f3n de tres cursos). Transcurridos esos dos siguientes cursos caducan las calificaciones de la fase espec\u00edfica.<\/p>\n<p style=\"text-align: justify;\">Los estudiantes que tengan un t\u00edtulo de t\u00e9cnico superior de Formaci\u00f3n Profesional (FP), t\u00e9cnico superior de Artes Pl\u00e1sticas y Dise\u00f1o o t\u00e9cnico Deportivo Superior y equivalentes tienen la posibilidad de presentarse a la fase espec\u00edfica de la Prueba de Acceso a la Universidad en Andaluc\u00eda aunque pueden acceder a los estudios universitarios sin necesidad de realizar la Selectividad. Los estudiantes que quieran ingresar en carreras superiores con exceso de demanda deben examinarse de esta fase para poder mejorar su nota de admisi\u00f3n.<\/p>\n<p style=\"text-align: justify;\"><b>PLAZAS DE NUEVO INGRESO EN LA UPO<\/b><\/p>\n<p style=\"text-align: justify;\">Para los estudiantes que aprueben la Selectividad, la Universidad Pablo de Olavide oferta un total de 32 titulaciones -21 grados, 10 dobles grados y 1 grado internacional- para el pr\u00f3ximo curso 2014-2015. Para esta oferta acad\u00e9mica, el n\u00famero de plazas de nueva ingreso ascienden a 2.100.<\/p>\n<p style=\"text-align: justify;\">Por otro lado, esta previsto que se oferten en el pr\u00f3ximo curso un total de 350 plazas de nuevo ingreso en 6 titulaciones del futuro centro adscrito de la UPO San Isidoro de Sevilla, promovido por CEADE. Por tanto, los alumnos que cursen sus estudios de grado en el nuevo centro universitario de Sevilla obtendr\u00e1n un t\u00edtulo de car\u00e1cter oficial otorgado por la Universidad Pablo de Olavide.<\/p>\n<p style=\"text-align: justify;\"><strong>La Universidad Pablo de Olavide oferta un total de 32 grados para el pr\u00f3ximo curso<\/strong>. Las titulaciones ofertadas son:<\/p>\n<ul>\n<li>Grados: Humanidades, Traducci\u00f3n e Interpretaci\u00f3n (Ingl\u00e9s, Franc\u00e9s y Alem\u00e1n), Geograf\u00eda e Historia, Derecho, Relaciones Laborales y Recursos Humanos, Ciencias Pol\u00edticas y de la Administraci\u00f3n, Administraci\u00f3n y Direcci\u00f3n de Empresas en espa\u00f1ol y en ingl\u00e9s, Finanzas y Contabilidad, Criminolog\u00eda, An\u00e1lisis Econ\u00f3mico, Trabajo Social, Educaci\u00f3n Social, Ciencias de la Actividad F\u00edsica y del Deporte, Sociolog\u00eda, Biotecnolog\u00eda, Ciencias Ambientales, Ingenier\u00eda Inform\u00e1tica en Sistemas de la Informaci\u00f3n y Nutrici\u00f3n Humana y Diet\u00e9tica.<\/li>\n<li>Dobles grados: Humanidades y Traducci\u00f3n e Interpretaci\u00f3n, Administraci\u00f3n y Direcci\u00f3n de Empresas y Derecho (en espa\u00f1ol y con ADE en ingl\u00e9s), Derecho y Finanzas y Contabilidad, Derecho y Ciencias Pol\u00edticas y de la Administraci\u00f3n, Derecho y Criminolog\u00eda, Derecho y Relaciones Laborales y Recursos Humanos, Ciencias Pol\u00edticas y de la Administraci\u00f3n y Sociolog\u00eda, Trabajo Social y Educaci\u00f3n Social, y Trabajo Social y Sociolog\u00eda.<\/li>\n<li>Grado internacional: Derecho y Bachelor of Laws por la Universidad de Bayreuth (Alemania) y la Universidad Pablo de Olavide.<\/li>\n<\/ul>\n<p style=\"text-align: justify;\">Por su parte, el futuro<strong> centro adscrito San Isidoro de Sevilla<\/strong> ofertar\u00e1 las titulaciones:<\/p>\n<ul>\n<li>Grados: Administraci\u00f3n y Direcci\u00f3n de Empresas, Comunicaci\u00f3n, Ciencias de la Actividad F\u00edsica y del Deporte, Derecho, y Comunicaci\u00f3n Digital.<\/li>\n<li>Dobles grados: Comunicaci\u00f3n y Comunicaci\u00f3n Digital.<\/li>\n<\/ul>\n<p style=\"text-align: justify;\">Est\u00e1 previsto que estos grados se impartan el pr\u00f3ximo curso en el Centro Universitario San Isidoro de Sevilla, promovido por CEADE, una vez que finalicen los tr\u00e1mites de adscripci\u00f3n a la Universidad Pablo de Olavide.<\/p>\n<p style=\"text-align: justify;\">Por su parte, la Universidad Pablo de Olavide dispone un <b>portal web<\/b> espec\u00edfico dirigido a los futuros universitarios (<a href=\"http:\/\/www.upo.es\/guia-estudios\/index.html\">http:\/\/www.upo.es\/guia-estudios\/index.html<\/a>), que recoge la informaci\u00f3n relacionada con el acceso a la Universidad, as\u00ed como la oferta de grados y dobles grados, movilidad y actividades sociales, culturales y deportivas que ofrece la UPO en su campus universitario.<\/p>\n<p style=\"text-align: justify;\">La UPO ha distribuido para esta convocatoria de junio los centros educativos en las 2 sedes de Selectividad de la siguiente manera:<\/p>\n<table border=\"0\" cellspacing=\"0\" cellpadding=\"0\" align=\"left\">\n<tbody>\n<tr>\n<th valign=\"top\" width=\"392\"><b>SEDE 1<\/b><\/th>\n<th valign=\"top\" width=\"231\"><\/th>\n<\/tr>\n<tr>\n<td valign=\"top\" width=\"392\">C.D.P. ALBAYDARI.E.S. PEPE RUIZ VELA<\/td>\n<td width=\"231\">\n<p align=\"center\">EDIFICIO 4, AULA 1<\/p>\n<\/td>\n<\/tr>\n<tr>\n<td valign=\"top\" width=\"392\">I.E.S. VEL\u00c1ZQUEZ<\/td>\n<td valign=\"top\" width=\"231\">\n<p align=\"center\">EDIFICIO 4, AULA 2<\/p>\n<\/td>\n<\/tr>\n<tr>\n<td valign=\"top\" width=\"392\">I.E.S. ATENEA<\/td>\n<td valign=\"top\" width=\"231\">\n<p align=\"center\">EDIFICIO 4, AULA 3<\/p>\n<\/td>\n<\/tr>\n<tr>\n<td valign=\"top\" width=\"392\">C.D.P. SAN FERNANDO<\/td>\n<td valign=\"top\" width=\"231\">\n<p align=\"center\">EDIFICIO 4, AULA 4<\/p>\n<\/td>\n<\/tr>\n<tr>\n<td valign=\"top\" width=\"392\">I.E.S. CAMAS<\/td>\n<td valign=\"top\" width=\"231\">\n<p align=\"center\">EDIFICIO 6, AULA 1<\/p>\n<\/td>\n<\/tr>\n<tr>\n<td valign=\"top\" width=\"392\">I.E.S. SEVERO OCHOA<\/td>\n<td valign=\"top\" width=\"231\">\n<p align=\"center\">EDIFICIO 6, AULA 2<\/p>\n<\/td>\n<\/tr>\n<tr>\n<td valign=\"top\" width=\"392\">I.E.S. RODRIGO CARO<\/td>\n<td valign=\"top\" width=\"231\">\n<p align=\"center\">EDIFICIO 6, AULA 3<\/p>\n<\/td>\n<\/tr>\n<tr>\n<td valign=\"top\" width=\"392\">I.E.S. CARMEN LAFF\u00d3N<\/td>\n<td valign=\"top\" width=\"231\">\n<p align=\"center\">EDIFICIO 6, AULA 4<\/p>\n<\/td>\n<\/tr>\n<tr>\n<td valign=\"top\" width=\"392\">C.D.P. SALESIANOS SAN PEDRO<\/td>\n<td valign=\"top\" width=\"231\">\n<p align=\"center\">EDIFICIO 8, AULA 3<\/p>\n<\/td>\n<\/tr>\n<tr>\n<td valign=\"top\" width=\"392\">I.E.S. RU\u00cdZ GIJ\u00d3NC.D.P. ANTONIO DE SOL\u00cdSC.D.P. CESA CAMPUS ALJARAFE<\/td>\n<td width=\"231\">\n<p align=\"center\">EDIFICIO 10, AULA 1<\/p>\n<\/td>\n<\/tr>\n<tr>\n<th valign=\"top\" width=\"392\"><b>SEDE 2<\/b><\/th>\n<th valign=\"top\" width=\"231\"><\/th>\n<\/tr>\n<tr>\n<td valign=\"top\" width=\"392\">I.E.S JUAN DE MAIRENA<\/td>\n<td valign=\"top\" width=\"231\">\n<p align=\"center\">EDIFICIO 5, AULAS 1 Y 2<\/p>\n<\/td>\n<\/tr>\n<tr>\n<td valign=\"top\" width=\"392\">I.E.S. MIGUEL DE CERVANTES<\/td>\n<td valign=\"top\" width=\"231\">\n<p align=\"center\">EDIFICIO 5, AULA 2<\/p>\n<\/td>\n<\/tr>\n<tr>\n<td valign=\"top\" width=\"392\">I.E.S. RAM\u00d3N DEL VALLE INCL\u00c1N<\/td>\n<td valign=\"top\" width=\"231\">\n<p align=\"center\">EDIFICIO 5, AULAS 3 Y 4<\/p>\n<\/td>\n<\/tr>\n<tr>\n<td valign=\"top\" width=\"392\">C.D.P. ALBERTO DURERO<\/td>\n<td valign=\"top\" width=\"231\">\n<p align=\"center\">EDIFICIO 5, AULA 4<\/p>\n<\/td>\n<\/tr>\n<tr>\n<td valign=\"top\" width=\"392\">I.E.S. LOS \u00c1LAMOS<\/td>\n<td valign=\"top\" width=\"231\">\n<p align=\"center\">EDIFICIO 7, AULA 1<\/p>\n<\/td>\n<\/tr>\n<tr>\n<td valign=\"top\" width=\"392\">I.E.S JOAQU\u00cdN TURINAC.D.P. ESCUELA JARDINERIA JOAQU\u00cdN ROMERO MURUBE<\/td>\n<td valign=\"top\" width=\"231\">\n<p align=\"center\">EDIFICIO 7, AULA 2<\/p>\n<\/td>\n<\/tr>\n<tr>\n<td valign=\"top\" width=\"392\">C.D.P. E.E.P.P. SAGRADA FAMILIA \u2013SAFA-<\/td>\n<td valign=\"top\" width=\"231\">\n<p align=\"center\">EDIFICIO 7, AULA 3<\/p>\n<\/td>\n<\/tr>\n<tr>\n<td valign=\"top\" width=\"392\">I.E.S. MATEO ALEM\u00c1NC.D.P. CENTRO DE ESTUDIOS SANITARIOS DR. ARDU\u00c1N<\/td>\n<td width=\"231\">\n<p align=\"center\">EDIFICIO 7, AULA 4<\/p>\n<p align=\"center\">\n<\/td>\n<\/tr>\n<\/tbody>\n<\/table>\n<p>&nbsp;<\/p>\n<p>Todos los alumnos de Dibujo Art\u00edstico II, Dise\u00f1o y T\u00e9cnica Expresi\u00f3n Gr\u00e1fico Pl\u00e1sticas se examinar\u00e1n en\u00a0 el\u00a0 EDIFICIO 3 \u2013 SEMINARIO 1\u00aa PLANTA.<\/p>\n<p>Todos los alumnos de An\u00e1lisis Musical, Lenguaje y Pr\u00e1ctica Musical, e Historia de la M\u00fasica y Danza se examinar\u00e1n en\u00a0 el\u00a0 EDIFICIO 3 &#8211; AULA 4.<\/p>\n<p>Aula de Incidencias: EDIFICIO 8 \u2013 AULA 1<\/p>\n","protected":false},"excerpt":{"rendered":"<p>Un total de 1.194 estudiantes de Bachillerato y de Ciclos Formativos de Grado Superior de Sevilla y provincia de 23 centros educativos se examinar\u00e1n este jueves en la Universidad Pablo de Olavide, lo que representa un ligero descenso del 0,6 % con respecto al a\u00f1o anterior, en el que se examinaron 1.202 alumnos. La Olavide coordina este a\u00f1o la Prueba de Acceso a la Universidad en Andaluc\u00eda, que se celebrar\u00e1n los d\u00edas 12, 13 y 14 de junio. La UPO ha distribuido los 23 centros en 2 sedes: ubicadas en los edificios 4, 6, 8 y 10 (sede 1) y en los edificios 5 y 7 (sede 2).<\/p>\n","protected":false},"author":4,"featured_media":0,"comment_status":"closed","ping_status":"open","sticky":false,"template":"","format":"standard","meta":{"_monsterinsights_skip_tracking":false,"_monsterinsights_sitenote_active":false,"_monsterinsights_sitenote_note":"","_monsterinsights_sitenote_category":0,"footnotes":""},"categories":[6],"tags":[501,644,140,668,665],"class_list":["post-4271271","post","type-post","status-publish","format-standard","hentry","category-institucional","tag-acceso","tag-bachillerato","tag-fp","tag-pau","tag-selectividad"],"_links":{"self":[{"href":"https:\/\/www.upo.es\/diario\/wp-json\/wp\/v2\/posts\/4271271","targetHints":{"allow":["GET"]}}],"collection":[{"href":"https:\/\/www.upo.es\/diario\/wp-json\/wp\/v2\/posts"}],"about":[{"href":"https:\/\/www.upo.es\/diario\/wp-json\/wp\/v2\/types\/post"}],"author":[{"embeddable":true,"href":"https:\/\/www.upo.es\/diario\/wp-json\/wp\/v2\/users\/4"}],"replies":[{"embeddable":true,"href":"https:\/\/www.upo.es\/diario\/wp-json\/wp\/v2\/comments?post=4271271"}],"version-history":[{"count":8,"href":"https:\/\/www.upo.es\/diario\/wp-json\/wp\/v2\/posts\/4271271\/revisions"}],"predecessor-version":[{"id":4271865,"href":"https:\/\/www.upo.es\/diario\/wp-json\/wp\/v2\/posts\/4271271\/revisions\/4271865"}],"wp:attachment":[{"href":"https:\/\/www.upo.es\/diario\/wp-json\/wp\/v2\/media?parent=4271271"}],"wp:term":[{"taxonomy":"category","embeddable":true,"href":"https:\/\/www.upo.es\/diario\/wp-json\/wp\/v2\/categories?post=4271271"},{"taxonomy":"post_tag","embeddable":true,"href":"https:\/\/www.upo.es\/diario\/wp-json\/wp\/v2\/tags?post=4271271"}],"curies":[{"name":"wp","href":"https:\/\/api.w.org\/{rel}","templated":true}]}}