{"id":4284255,"date":"2014-06-11T11:28:49","date_gmt":"2014-06-11T11:28:49","guid":{"rendered":"https:\/\/www.upo.es\/diario\/?p=4284255"},"modified":"2014-06-11T11:32:23","modified_gmt":"2014-06-11T11:32:23","slug":"la-universidad-pablo-de-olavide-y-cobre-las-cruces-abordaran-proyectos-conjuntos","status":"publish","type":"post","link":"https:\/\/www.upo.es\/diario\/institucional\/2014\/06\/la-universidad-pablo-de-olavide-y-cobre-las-cruces-abordaran-proyectos-conjuntos\/","title":{"rendered":"La Universidad Pablo de Olavide y Cobre Las Cruces abordar\u00e1n proyectos conjuntos"},"content":{"rendered":"<figure id=\"attachment_4284256\" aria-describedby=\"caption-attachment-4284256\" style=\"width: 320px\" class=\"wp-caption alignright\"><a href=\"https:\/\/www.upo.es\/diario\/wp-content\/uploads\/2014\/06\/conve_lascruces.jpg\"><img loading=\"lazy\" decoding=\"async\" class=\"size-medium wp-image-4284256\" alt=\"El rector de la UPO, Vicente Guzm\u00e1n Fluja, y el presidente de la Fundaci\u00f3n Cobre Las Cruces, Damien Marantelli\" src=\"https:\/\/www.upo.es\/diario\/wp-content\/uploads\/2014\/06\/conve_lascruces-320x240.jpg\" width=\"320\" height=\"240\" srcset=\"https:\/\/www.upo.es\/diario\/wp-content\/uploads\/2014\/06\/conve_lascruces-320x240.jpg 320w, https:\/\/www.upo.es\/diario\/wp-content\/uploads\/2014\/06\/conve_lascruces-1024x768.jpg 1024w, https:\/\/www.upo.es\/diario\/wp-content\/uploads\/2014\/06\/conve_lascruces-600x450.jpg 600w\" sizes=\"auto, (max-width: 320px) 100vw, 320px\" \/><\/a><figcaption id=\"caption-attachment-4284256\" class=\"wp-caption-text\">Vicente Guzm\u00e1n Fluja y el presidente de la Fundaci\u00f3n Cobre Las Cruces, Damien Marantelli<\/figcaption><\/figure>\n<p>La Universidad Pablo de Olavide de Sevilla y Cobre Las Cruces, <strong>a trav\u00e9s de su Fundaci\u00f3n, han suscrito un acuerdo para el desarrollo de actividades conjuntas<\/strong>, que formaliza y da continuidad a la colaboraci\u00f3n que ambas partes vienen prest\u00e1ndose en los \u00faltimos a\u00f1os. El acuerdo ha sido suscrito por el rector de la UPO, Vicente Guzm\u00e1n Fluja, y el presidente de la Fundaci\u00f3n Cobre Las Cruces, Damien Marantelli.<\/p>\n<figure id=\"attachment_4284258\" aria-describedby=\"caption-attachment-4284258\" style=\"width: 320px\" class=\"wp-caption alignright\"><a href=\"https:\/\/www.upo.es\/diario\/wp-content\/uploads\/2014\/06\/visi_lascruces.jpg\"><img loading=\"lazy\" decoding=\"async\" class=\"size-medium wp-image-4284258\" alt=\"visita del equipo de gobierno de la UPO\" src=\"https:\/\/www.upo.es\/diario\/wp-content\/uploads\/2014\/06\/visi_lascruces-320x240.jpg\" width=\"320\" height=\"240\" srcset=\"https:\/\/www.upo.es\/diario\/wp-content\/uploads\/2014\/06\/visi_lascruces-320x240.jpg 320w, https:\/\/www.upo.es\/diario\/wp-content\/uploads\/2014\/06\/visi_lascruces-1024x768.jpg 1024w, https:\/\/www.upo.es\/diario\/wp-content\/uploads\/2014\/06\/visi_lascruces-600x450.jpg 600w\" sizes=\"auto, (max-width: 320px) 100vw, 320px\" \/><\/a><figcaption id=\"caption-attachment-4284258\" class=\"wp-caption-text\">El equipo de gobierno de la UPO visit\u00f3 las instalaciones mineras<\/figcaption><\/figure>\n<p>Dicho acuerdo contempla, entre otras, la <strong>mejora de la cualificaci\u00f3n profesional de los estudiantes de la Universidad Pablo de Olavide, promoviendo la realizaci\u00f3n de pr\u00e1cticas profesionales; la impartici\u00f3n de clases magistrales por parte de la Fundaci\u00f3n y de los profesionales de CLC<\/strong> en los distintos centros y programas de ense\u00f1anzas propias de la Universidad Pablo de Olavide; el impulso de la colaboraci\u00f3n acad\u00e9mica de Cobre Las Cruces S.A.U. con el M\u00e1ster Universitario en Abogac\u00eda de la Universidad Pablo de Olavide, y la b\u00fasqueda de oportunidades mutuas en la C\u00e1tedra de Emprendedores de la Universidad Pablo de Olavide.<\/p>\n<p>La firma del documento se ha llevado a cabo tras una <strong>visita del equipo de gobierno de la UPO a Cobre Las Cruces<\/strong>, en la que el rector, los vicerrectores y otros representantes de la Universidad han recorrido las instalaciones de la corta minera y de la planta de elaboraci\u00f3n de cobre.<\/p>\n","protected":false},"excerpt":{"rendered":"<p>La Universidad Pablo de Olavide de Sevilla y Cobre Las Cruces, a trav\u00e9s de su Fundaci\u00f3n, han suscrito un acuerdo para el desarrollo de actividades conjuntas, que formaliza y da continuidad a la colaboraci\u00f3n que ambas partes vienen prest\u00e1ndose en los \u00faltimos a\u00f1os. El acuerdo ha sido suscrito por el rector de la UPO, Vicente Guzm\u00e1n Fluja, y el presidente de la Fundaci\u00f3n Cobre Las Cruces, Damien Marantelli.<\/p>\n","protected":false},"author":6,"featured_media":0,"comment_status":"closed","ping_status":"open","sticky":false,"template":"","format":"standard","meta":{"_monsterinsights_skip_tracking":false,"_monsterinsights_sitenote_active":false,"_monsterinsights_sitenote_note":"","_monsterinsights_sitenote_category":0,"footnotes":""},"categories":[6],"tags":[326,66,65],"class_list":["post-4284255","post","type-post","status-publish","format-standard","hentry","category-institucional","tag-convenio","tag-empresa","tag-practicas"],"_links":{"self":[{"href":"https:\/\/www.upo.es\/diario\/wp-json\/wp\/v2\/posts\/4284255","targetHints":{"allow":["GET"]}}],"collection":[{"href":"https:\/\/www.upo.es\/diario\/wp-json\/wp\/v2\/posts"}],"about":[{"href":"https:\/\/www.upo.es\/diario\/wp-json\/wp\/v2\/types\/post"}],"author":[{"embeddable":true,"href":"https:\/\/www.upo.es\/diario\/wp-json\/wp\/v2\/users\/6"}],"replies":[{"embeddable":true,"href":"https:\/\/www.upo.es\/diario\/wp-json\/wp\/v2\/comments?post=4284255"}],"version-history":[{"count":4,"href":"https:\/\/www.upo.es\/diario\/wp-json\/wp\/v2\/posts\/4284255\/revisions"}],"predecessor-version":[{"id":4284261,"href":"https:\/\/www.upo.es\/diario\/wp-json\/wp\/v2\/posts\/4284255\/revisions\/4284261"}],"wp:attachment":[{"href":"https:\/\/www.upo.es\/diario\/wp-json\/wp\/v2\/media?parent=4284255"}],"wp:term":[{"taxonomy":"category","embeddable":true,"href":"https:\/\/www.upo.es\/diario\/wp-json\/wp\/v2\/categories?post=4284255"},{"taxonomy":"post_tag","embeddable":true,"href":"https:\/\/www.upo.es\/diario\/wp-json\/wp\/v2\/tags?post=4284255"}],"curies":[{"name":"wp","href":"https:\/\/api.w.org\/{rel}","templated":true}]}}