{"id":4299490,"date":"2014-06-13T06:31:39","date_gmt":"2014-06-13T06:31:39","guid":{"rendered":"https:\/\/www.upo.es\/diario\/?p=4299490"},"modified":"2014-06-13T12:38:26","modified_gmt":"2014-06-13T12:38:26","slug":"manana-ceremonia-de-egresados-de-la-segunda-promocion-del-grado-en-biotecnologia-de-la-upo","status":"publish","type":"post","link":"https:\/\/www.upo.es\/diario\/institucional\/2014\/06\/manana-ceremonia-de-egresados-de-la-segunda-promocion-del-grado-en-biotecnologia-de-la-upo\/","title":{"rendered":"Esta tarde, ceremonia de egresados de la segunda promoci\u00f3n del grado en Biotecnolog\u00eda de la UPO"},"content":{"rendered":"<p><span style=\"text-decoration: underline;\">Hoy viernes 13 de junio, a las 19.30 horas en el Paraninfo de la Universidad Pablo de Olavide<\/span>, se celebrar\u00e1 la Ceremonia de Egresados de la segunda promoci\u00f3n \u00a0(2010\/2014) del grado en Biotecnolog\u00eda, que estar\u00e1 presidida por el decano de la Facultad de Ciencias Experimentales, Antonio Gallardo Correa.<\/p>\n<p>El padrino de la promoci\u00f3n ser\u00e1 Andr\u00e9s Aguilera L\u00f3pez, catedr\u00e1tico de Gen\u00e9tica de la Universidad de Sevilla. A la ceremonia asistir\u00e1n tambi\u00e9n el vicedecano de Ordenaci\u00f3n Acad\u00e9mica, Juan Rigoberto Tejedo Huam\u00e1n y los profesores del Departamento de Biolog\u00eda Molecular e Ingenier\u00eda Bioqu\u00edmica de la UPO, Juan Jos\u00e9 Infante Vi\u00f1olo y Bel\u00e9n Floriano Pardal.<\/p>\n<p>Un total de 46 egresados han confirmado su asistencia, junto a sus familiares, a este acto con el que la Universidad Pablo de Olavide recupera una antigua tradici\u00f3n de las universidades europeas.<\/p>\n<p align=\"center\"><b><span style=\"text-decoration: underline;\">Programa Ceremonia Fin de Grado<\/span><\/b><\/p>\n<p align=\"center\">19.30 horas.<\/p>\n<p align=\"center\">Paraninfo de la Universidad Pablo de Olavide<\/p>\n<p align=\"center\">&#8211; Apertura del acto.<\/p>\n<p align=\"center\">&#8211; Mensaje del padrino de la promoci\u00f3n, Andr\u00e9s Aguilera L\u00f3pez, catedr\u00e1tico de Gen\u00e9tica de la Universidad de Sevilla.<\/p>\n<p align=\"center\">&#8211; Imposici\u00f3n de becas a los estudiantes.<\/p>\n<p align=\"center\">&#8211; Intervenci\u00f3n de las representantes de los estudiantes: Vicente Roca Agujeta y Mar\u00eda Gallardo G\u00f3mez.<\/p>\n<p align=\"center\">&#8211; Palabras y clausura del decano de la Facultad de Ciencias Experimentales, Antonio Gallardo Correa.<\/p>\n<p align=\"center\">&#8211; Himno Universitario.<\/p>\n","protected":false},"excerpt":{"rendered":"<p>Hoy viernes 13 de junio, a las 19.30 horas en el Paraninfo de la Universidad Pablo de Olavide, se celebrar\u00e1 la Ceremonia de Egresados de la segunda promoci\u00f3n  (2010\/2014) del grado en Biotecnolog\u00eda, que estar\u00e1 presidida por el decano de la Facultad de Ciencias Experimentales, Antonio Gallardo Correa.<\/p>\n","protected":false},"author":4,"featured_media":0,"comment_status":"closed","ping_status":"open","sticky":false,"template":"","format":"standard","meta":{"_monsterinsights_skip_tracking":false,"_monsterinsights_sitenote_active":false,"_monsterinsights_sitenote_note":"","_monsterinsights_sitenote_category":0,"footnotes":""},"categories":[6],"tags":[121,597,122,266],"class_list":["post-4299490","post","type-post","status-publish","format-standard","hentry","category-institucional","tag-biotecnologia","tag-ceremonias-de-egresados","tag-facultad-ciencias-experimentales","tag-grados"],"_links":{"self":[{"href":"https:\/\/www.upo.es\/diario\/wp-json\/wp\/v2\/posts\/4299490","targetHints":{"allow":["GET"]}}],"collection":[{"href":"https:\/\/www.upo.es\/diario\/wp-json\/wp\/v2\/posts"}],"about":[{"href":"https:\/\/www.upo.es\/diario\/wp-json\/wp\/v2\/types\/post"}],"author":[{"embeddable":true,"href":"https:\/\/www.upo.es\/diario\/wp-json\/wp\/v2\/users\/4"}],"replies":[{"embeddable":true,"href":"https:\/\/www.upo.es\/diario\/wp-json\/wp\/v2\/comments?post=4299490"}],"version-history":[{"count":4,"href":"https:\/\/www.upo.es\/diario\/wp-json\/wp\/v2\/posts\/4299490\/revisions"}],"predecessor-version":[{"id":4314812,"href":"https:\/\/www.upo.es\/diario\/wp-json\/wp\/v2\/posts\/4299490\/revisions\/4314812"}],"wp:attachment":[{"href":"https:\/\/www.upo.es\/diario\/wp-json\/wp\/v2\/media?parent=4299490"}],"wp:term":[{"taxonomy":"category","embeddable":true,"href":"https:\/\/www.upo.es\/diario\/wp-json\/wp\/v2\/categories?post=4299490"},{"taxonomy":"post_tag","embeddable":true,"href":"https:\/\/www.upo.es\/diario\/wp-json\/wp\/v2\/tags?post=4299490"}],"curies":[{"name":"wp","href":"https:\/\/api.w.org\/{rel}","templated":true}]}}