{"id":4358236,"date":"2014-06-16T13:27:15","date_gmt":"2014-06-16T13:27:15","guid":{"rendered":"https:\/\/www.upo.es\/diario\/?p=4358236"},"modified":"2014-06-16T13:28:02","modified_gmt":"2014-06-16T13:28:02","slug":"el-alumno-de-la-upo-jose-manuel-macarro-osuna-premio-nacional-en-la-licenciatura-en-administracion-y-direccion-de-empresas-en-los-premios-nacionales-de-fin-de-carrera","status":"publish","type":"post","link":"https:\/\/www.upo.es\/diario\/institucional\/2014\/06\/el-alumno-de-la-upo-jose-manuel-macarro-osuna-premio-nacional-en-la-licenciatura-en-administracion-y-direccion-de-empresas-en-los-premios-nacionales-de-fin-de-carrera\/","title":{"rendered":"El alumno de la UPO Jos\u00e9 Manuel Macarro Osuna, Premio Nacional en la licenciatura en Administraci\u00f3n y Direcci\u00f3n de Empresas"},"content":{"rendered":"<figure id=\"attachment_4358237\" aria-describedby=\"caption-attachment-4358237\" style=\"width: 316px\" class=\"wp-caption alignright\"><a href=\"https:\/\/www.upo.es\/diario\/wp-content\/uploads\/2014\/06\/jmmacarroosuna.jpg\"><img loading=\"lazy\" decoding=\"async\" class=\"size-medium wp-image-4358237\" alt=\" Jos\u00e9 Manuel Macarro Osuna, Premio Nacional en la  licenciatura en Administraci\u00f3n y Direcci\u00f3n de Empresas.\" src=\"https:\/\/www.upo.es\/diario\/wp-content\/uploads\/2014\/06\/jmmacarroosuna-316x320.jpg\" width=\"316\" height=\"320\" srcset=\"https:\/\/www.upo.es\/diario\/wp-content\/uploads\/2014\/06\/jmmacarroosuna-316x320.jpg 316w, https:\/\/www.upo.es\/diario\/wp-content\/uploads\/2014\/06\/jmmacarroosuna-600x606.jpg 600w, https:\/\/www.upo.es\/diario\/wp-content\/uploads\/2014\/06\/jmmacarroosuna.jpg 778w\" sizes=\"auto, (max-width: 316px) 100vw, 316px\" \/><\/a><figcaption id=\"caption-attachment-4358237\" class=\"wp-caption-text\">Jos\u00e9 Manuel Macarro Osuna, Premio Nacional en la licenciatura en Administraci\u00f3n y Direcci\u00f3n de Empresas.<\/figcaption><\/figure>\n<p style=\"text-align: justify;\">El estudiante de la Universidad Pablo de Olavide Jos\u00e9 Manuel Macarro Osuna, ha sido reconocido Premio Nacional en la licenciatura en Administraci\u00f3n y Direcci\u00f3n de Empresas, en los Premios Nacionales de Fin de Carrera de Educaci\u00f3n Universitaria, correspondiente del curso acad\u00e9mico 2010-2011 y publicado en el BOE en el mes de mayo. Asimismo, Alejandro Jim\u00e9nez Bonilla,\u00a0 licenciado en Ciencias Ambientales en la Universidad Pablo de Olavide, ha sido galardonado con una Menci\u00f3n.<\/p>\n<figure id=\"attachment_4358238\" aria-describedby=\"caption-attachment-4358238\" style=\"width: 320px\" class=\"wp-caption alignright\"><a href=\"https:\/\/www.upo.es\/diario\/wp-content\/uploads\/2014\/06\/ajimenezbonilla.jpg\"><img loading=\"lazy\" decoding=\"async\" class=\"size-medium wp-image-4358238\" alt=\"Alejandro Jim\u00e9nez Bonilla,  licenciado en Ciencias Ambientales en la UPO, ha sido galardonado con una Menci\u00f3n.\" src=\"https:\/\/www.upo.es\/diario\/wp-content\/uploads\/2014\/06\/ajimenezbonilla-320x243.jpg\" width=\"320\" height=\"243\" srcset=\"https:\/\/www.upo.es\/diario\/wp-content\/uploads\/2014\/06\/ajimenezbonilla-320x243.jpg 320w, https:\/\/www.upo.es\/diario\/wp-content\/uploads\/2014\/06\/ajimenezbonilla-1024x779.jpg 1024w, https:\/\/www.upo.es\/diario\/wp-content\/uploads\/2014\/06\/ajimenezbonilla-600x456.jpg 600w\" sizes=\"auto, (max-width: 320px) 100vw, 320px\" \/><\/a><figcaption id=\"caption-attachment-4358238\" class=\"wp-caption-text\">Alejandro Jim\u00e9nez Bonilla, licenciado en Ciencias Ambientales en la UPO, ha sido galardonado con una Menci\u00f3n.<\/figcaption><\/figure>\n<p style=\"text-align: justify;\">Los premios nacionales Fin de Carrera son una convocatoria de car\u00e1cter anual del Ministerio de Educaci\u00f3n que tiene como objetivo distinguir con un reconocimiento de car\u00e1cter oficial y una dotaci\u00f3n econ\u00f3mica a los estudiantes que han demostrado un mejor rendimiento acad\u00e9mico a lo largo de sus estudios.<\/p>\n<p style=\"text-align: justify;\">Estos premios, concedidos por el Ministerio de Educaci\u00f3n, Ciencia y Cultura a trav\u00e9s de la Secretar\u00eda General de Universidades, cuentan con un total de 55 Premios Nacionales, con una dotaci\u00f3n econ\u00f3mica de 3.300 euros, 54 Menciones con una dotaci\u00f3n de 2.650 euros, y 52 Acc\u00e9sit con una dotaci\u00f3n de 2.200 euros.<\/p>\n","protected":false},"excerpt":{"rendered":"<p>El estudiante de la Universidad Pablo de Olavide Jos\u00e9 Manuel Macarro Osuna, ha sido reconocido Premio Nacional en la  licenciatura en Administraci\u00f3n y Direcci\u00f3n de Empresas, en los Premios Nacionales de Fin de Carrera de Educaci\u00f3n Universitaria, correspondiente del curso acad\u00e9mico 2010-2011 y publicado en el BOE en el mes de mayo. Asimismo, Alejandro Jim\u00e9nez Bonilla,  licenciado en Ciencias Ambientales en la Universidad Pablo de Olavide, ha sido galardonado con una Menci\u00f3n.<\/p>\n","protected":false},"author":4,"featured_media":0,"comment_status":"closed","ping_status":"open","sticky":false,"template":"","format":"standard","meta":{"_monsterinsights_skip_tracking":false,"_monsterinsights_sitenote_active":false,"_monsterinsights_sitenote_note":"","_monsterinsights_sitenote_category":0,"footnotes":""},"categories":[6],"tags":[607,260,244,1030,1499],"class_list":["post-4358236","post","type-post","status-publish","format-standard","hentry","category-institucional","tag-administracion-y-direccion-de-empresas","tag-ciencias-ambientales","tag-ministerio-de-educacion","tag-premios","tag-premios-nacionales-de-fin-de-carrera"],"_links":{"self":[{"href":"https:\/\/www.upo.es\/diario\/wp-json\/wp\/v2\/posts\/4358236","targetHints":{"allow":["GET"]}}],"collection":[{"href":"https:\/\/www.upo.es\/diario\/wp-json\/wp\/v2\/posts"}],"about":[{"href":"https:\/\/www.upo.es\/diario\/wp-json\/wp\/v2\/types\/post"}],"author":[{"embeddable":true,"href":"https:\/\/www.upo.es\/diario\/wp-json\/wp\/v2\/users\/4"}],"replies":[{"embeddable":true,"href":"https:\/\/www.upo.es\/diario\/wp-json\/wp\/v2\/comments?post=4358236"}],"version-history":[{"count":2,"href":"https:\/\/www.upo.es\/diario\/wp-json\/wp\/v2\/posts\/4358236\/revisions"}],"predecessor-version":[{"id":4358240,"href":"https:\/\/www.upo.es\/diario\/wp-json\/wp\/v2\/posts\/4358236\/revisions\/4358240"}],"wp:attachment":[{"href":"https:\/\/www.upo.es\/diario\/wp-json\/wp\/v2\/media?parent=4358236"}],"wp:term":[{"taxonomy":"category","embeddable":true,"href":"https:\/\/www.upo.es\/diario\/wp-json\/wp\/v2\/categories?post=4358236"},{"taxonomy":"post_tag","embeddable":true,"href":"https:\/\/www.upo.es\/diario\/wp-json\/wp\/v2\/tags?post=4358236"}],"curies":[{"name":"wp","href":"https:\/\/api.w.org\/{rel}","templated":true}]}}