{"id":4386318,"date":"2014-06-18T13:15:33","date_gmt":"2014-06-18T13:15:33","guid":{"rendered":"https:\/\/www.upo.es\/diario\/?p=4386318"},"modified":"2014-06-20T06:47:48","modified_gmt":"2014-06-20T06:47:48","slug":"la-antigua-alumna-de-la-upo-marina-castro-crea-una-empresa-organizadora-de-homenajes-postumos","status":"publish","type":"post","link":"https:\/\/www.upo.es\/diario\/institucional\/2014\/06\/la-antigua-alumna-de-la-upo-marina-castro-crea-una-empresa-organizadora-de-homenajes-postumos\/","title":{"rendered":"La antigua alumna de la UPO Marina Castro crea una empresa organizadora de homenajes p\u00f3stumos"},"content":{"rendered":"<figure id=\"attachment_4386319\" aria-describedby=\"caption-attachment-4386319\" style=\"width: 213px\" class=\"wp-caption alignright\"><a href=\"https:\/\/www.upo.es\/diario\/wp-content\/uploads\/2014\/06\/marinacastro.jpg\"><img loading=\"lazy\" decoding=\"async\" class=\"size-medium wp-image-4386319\" alt=\"En la imagen, Marina Castro, creadora de In Memoriam.\" src=\"https:\/\/www.upo.es\/diario\/wp-content\/uploads\/2014\/06\/marinacastro-213x320.jpg\" width=\"213\" height=\"320\" srcset=\"https:\/\/www.upo.es\/diario\/wp-content\/uploads\/2014\/06\/marinacastro-213x320.jpg 213w, https:\/\/www.upo.es\/diario\/wp-content\/uploads\/2014\/06\/marinacastro-682x1024.jpg 682w, https:\/\/www.upo.es\/diario\/wp-content\/uploads\/2014\/06\/marinacastro-600x900.jpg 600w, https:\/\/www.upo.es\/diario\/wp-content\/uploads\/2014\/06\/marinacastro.jpg 1150w\" sizes=\"auto, (max-width: 213px) 100vw, 213px\" \/><\/a><figcaption id=\"caption-attachment-4386319\" class=\"wp-caption-text\">En la imagen, Marina Castro, creadora de In Memoriam.<\/figcaption><\/figure>\n<p>Marina Castro, antigua alumna de la Universidad Pablo de Olavide, ha creado este a\u00f1o,\u00a0 junto con otras dos socias, In Memoriam, la primera empresa de Andaluc\u00eda que organiza desde su sede en Sevilla funerales civiles, ceremonias de esparcimiento de cenizas y homenajes p\u00f3stumos.<\/p>\n<p>En las \u00faltimas d\u00e9cadas la laicidad ha ido ganando espacio en nuestra sociedad hasta alcanzar a costumbres y celebraciones tradicionalmente religiosas. En el caso de los funerales, donde todav\u00eda hay poca tradici\u00f3n al respecto, la gran mayor\u00eda tiende a acogerse a las ceremonias preestablecidas, por lo que esta nueva empresa nace con el objetivo de prestar estos servicios, de manera profesional, adapt\u00e1ndose a las necesidades de cada familia.<\/p>\n<p>\u201cPorque no hay dos vidas iguales rehuimos de las despedidas de siempre, tan estandarizadas como predecibles\u201d, afirman estos j\u00f3venes emprendedores en su web, <a href=\"http:\/\/www.inmemoriam-andalucia.com\/\">http:\/\/www.inmemoriam-andalucia.com<\/a> y a\u00f1aden que sus ceremonias se distinguen por ser \u201cemotivas, sinceras, aut\u00e9nticas, frescas y sorprendentes\u201d.<\/p>\n<p>Las tres emprendedoras analizaron durante un tiempo el desarrollo de estos servicios en otros pa\u00edses, donde \u00a0ya tienen una larga tradici\u00f3n,\u00a0y los han\u00a0adaptado\u00a0al gusto y la est\u00e9tica de Espa\u00f1a. Afirman que la mayor demanda es la de la ceremonia de esparcimiento de cenizas, pues hay muchas familias que no saben bien qu\u00e9 hacer con ellas y desconocen que necesitan permisos.<\/p>\n<p>Marina Castro y sus dos socias se encargan en\u00a0In Memoriam\u00a0de cuidar todos los detalles: \u201cbuscamos los escenarios m\u00e1s adecuados, seleccionamos lecturas apropiadas, escogemos la ambientaci\u00f3n musical, nos encargamos de la decoraci\u00f3n floral, creamos v\u00eddeos con testimonios de amigos, etc.\u201d.<\/p>\n<p>Para ello, In Memoriam cuenta con un equipo interdisciplinar procedente de los m\u00e1s variados campos: maestros de ceremonia, expertos en ritos funerarios, coordinadores de eventos especiales o m\u00fasicos. La empresa est\u00e1 respaldada por un grupo inversor interesado en apoyar a nuevos emprendedores.<\/p>\n","protected":false},"excerpt":{"rendered":"<p>Marina Castro, antigua alumna de la Universidad Pablo de Olavide, ha creado este a\u00f1o,  junto con otras dos socias, In Memoriam, la primera empresa de Andaluc\u00eda que organiza desde su sede en Sevilla funerales civiles, ceremonias de esparcimiento de cenizas y homenajes p\u00f3stumos.<\/p>\n","protected":false},"author":9,"featured_media":0,"comment_status":"closed","ping_status":"open","sticky":false,"template":"","format":"standard","meta":{"_monsterinsights_skip_tracking":false,"_monsterinsights_sitenote_active":false,"_monsterinsights_sitenote_note":"","_monsterinsights_sitenote_category":0,"footnotes":""},"categories":[6],"tags":[1514,1513,1515,1512,1511,491],"class_list":["post-4386318","post","type-post","status-publish","format-standard","hentry","category-institucional","tag-ceremonias","tag-funerales-civiles","tag-homenajes-postumos","tag-in-memoriam","tag-marina-castro","tag-upo"],"_links":{"self":[{"href":"https:\/\/www.upo.es\/diario\/wp-json\/wp\/v2\/posts\/4386318","targetHints":{"allow":["GET"]}}],"collection":[{"href":"https:\/\/www.upo.es\/diario\/wp-json\/wp\/v2\/posts"}],"about":[{"href":"https:\/\/www.upo.es\/diario\/wp-json\/wp\/v2\/types\/post"}],"author":[{"embeddable":true,"href":"https:\/\/www.upo.es\/diario\/wp-json\/wp\/v2\/users\/9"}],"replies":[{"embeddable":true,"href":"https:\/\/www.upo.es\/diario\/wp-json\/wp\/v2\/comments?post=4386318"}],"version-history":[{"count":7,"href":"https:\/\/www.upo.es\/diario\/wp-json\/wp\/v2\/posts\/4386318\/revisions"}],"predecessor-version":[{"id":4413485,"href":"https:\/\/www.upo.es\/diario\/wp-json\/wp\/v2\/posts\/4386318\/revisions\/4413485"}],"wp:attachment":[{"href":"https:\/\/www.upo.es\/diario\/wp-json\/wp\/v2\/media?parent=4386318"}],"wp:term":[{"taxonomy":"category","embeddable":true,"href":"https:\/\/www.upo.es\/diario\/wp-json\/wp\/v2\/categories?post=4386318"},{"taxonomy":"post_tag","embeddable":true,"href":"https:\/\/www.upo.es\/diario\/wp-json\/wp\/v2\/tags?post=4386318"}],"curies":[{"name":"wp","href":"https:\/\/api.w.org\/{rel}","templated":true}]}}