{"id":4386946,"date":"2014-06-20T06:42:19","date_gmt":"2014-06-20T06:42:19","guid":{"rendered":"https:\/\/www.upo.es\/diario\/?p=4386946"},"modified":"2014-06-20T07:27:54","modified_gmt":"2014-06-20T07:27:54","slug":"el-proximo-viernes-ceremonia-de-egresados-de-la-primera-promocion-del-doble-grado-en-trabajo-social-y-educacion-social","status":"publish","type":"post","link":"https:\/\/www.upo.es\/diario\/institucional\/2014\/06\/el-proximo-viernes-ceremonia-de-egresados-de-la-primera-promocion-del-doble-grado-en-trabajo-social-y-educacion-social\/","title":{"rendered":"Esta tarde, ceremonia de egresados de la primera promoci\u00f3n del doble grado en Trabajo Social y Educaci\u00f3n Social"},"content":{"rendered":"<p style=\"text-align: justify;\">La Universidad Pablo de Olavide celebrar\u00e1 hoy viernes 20 de junio, a las 19 horas en el Paraninfo, la Ceremonia de Egresados de la primera promoci\u00f3n del doble grado en Trabajo Social y Educaci\u00f3n Social, que estar\u00e1 presidida por Guillermo Dom\u00ednguez Fern\u00e1ndez, decano de la Facultad de Ciencias Sociales.<\/p>\n<p style=\"text-align: justify;\">El padrino de la promoci\u00f3n ser\u00e1 Manuel Jes\u00fas Pardo Maeso, profesor del Departamento de Educaci\u00f3n y Psicolog\u00eda Social de la UPO. A la ceremonia asistir\u00e1n la vicedecana de Relaciones Internacionales e Institucionales de la Facultad de Ciencias Sociales, Esther Prieto Jim\u00e9nez, como madrina honor\u00edfica, y el vicedecano de Ordenaci\u00f3n Acad\u00e9mica e Innovaci\u00f3n, David Cobos Sanchiz.<\/p>\n<p style=\"text-align: justify;\">\u00a0Un total de 47 egresados han confirmado su asistencia, junto a sus familiares, a este acto con el que la Universidad Pablo de Olavide recupera una antigua tradici\u00f3n de las universidades europeas.<\/p>\n<p>&nbsp;<\/p>\n<p align=\"center\"><b>Programa de la Ceremonia Fin de Doble \u00a0Grado<\/b><\/p>\n<p align=\"center\">19 horas.<\/p>\n<p align=\"center\">Paraninfo de la Universidad Pablo de Olavide<\/p>\n<p align=\"center\">&#8211; Apertura del acto.<\/p>\n<p align=\"center\">&#8211; Mensaje del padrino de la promoci\u00f3n: Manuel Jes\u00fas Pardo Maeso, profesor del Departamento de Educaci\u00f3n y Psicolog\u00eda Social de la UPO.<\/p>\n<p align=\"center\">&#8211; Mensaje de la madrina honor\u00edfica de la promoci\u00f3n: Esther Prieto Jim\u00e9nez, vicedecana de Relaciones Internacionales e Institucionales de la Facultad de Ciencias Sociales de la UPO.<\/p>\n<p align=\"center\">&#8211; Imposici\u00f3n de becas a los estudiantes.<\/p>\n<p align=\"center\">&#8211; Intervenci\u00f3n de las representantes de los estudiantes: Lorena Caro Betanzos, Natalia Barbancho Pati\u00f1o y Mar\u00eda P\u00e9rez Lagares.<\/p>\n<p align=\"center\">&#8211; Palabras \u00a0y clausura del acto: el decano de la Facultad de Ciencias Sociales, Guillermo Dom\u00ednguez Fern\u00e1ndez.<\/p>\n<p align=\"center\">&#8211; Himno Universitario.<\/p>\n","protected":false},"excerpt":{"rendered":"<p>La Universidad Pablo de Olavide celebrar\u00e1 hoy viernes 20 de junio, a las 19 horas en el Paraninfo, la Ceremonia de Egresados de la primera promoci\u00f3n del doble grado en Trabajo Social y Educaci\u00f3n Social, que estar\u00e1 presidida por Guillermo Dom\u00ednguez Fern\u00e1ndez, decano de la Facultad de Ciencias Sociales.<\/p>\n","protected":false},"author":4,"featured_media":0,"comment_status":"closed","ping_status":"open","sticky":false,"template":"","format":"standard","meta":{"_monsterinsights_skip_tracking":false,"_monsterinsights_sitenote_active":false,"_monsterinsights_sitenote_note":"","_monsterinsights_sitenote_category":0,"footnotes":""},"categories":[6],"tags":[581,1521,487,1522],"class_list":["post-4386946","post","type-post","status-publish","format-standard","hentry","category-institucional","tag-ceremonia-de-egresados","tag-doble-grado","tag-facultad-ciencias-sociales","tag-trabajo-socia-y-educacion-social"],"_links":{"self":[{"href":"https:\/\/www.upo.es\/diario\/wp-json\/wp\/v2\/posts\/4386946","targetHints":{"allow":["GET"]}}],"collection":[{"href":"https:\/\/www.upo.es\/diario\/wp-json\/wp\/v2\/posts"}],"about":[{"href":"https:\/\/www.upo.es\/diario\/wp-json\/wp\/v2\/types\/post"}],"author":[{"embeddable":true,"href":"https:\/\/www.upo.es\/diario\/wp-json\/wp\/v2\/users\/4"}],"replies":[{"embeddable":true,"href":"https:\/\/www.upo.es\/diario\/wp-json\/wp\/v2\/comments?post=4386946"}],"version-history":[{"count":4,"href":"https:\/\/www.upo.es\/diario\/wp-json\/wp\/v2\/posts\/4386946\/revisions"}],"predecessor-version":[{"id":4413494,"href":"https:\/\/www.upo.es\/diario\/wp-json\/wp\/v2\/posts\/4386946\/revisions\/4413494"}],"wp:attachment":[{"href":"https:\/\/www.upo.es\/diario\/wp-json\/wp\/v2\/media?parent=4386946"}],"wp:term":[{"taxonomy":"category","embeddable":true,"href":"https:\/\/www.upo.es\/diario\/wp-json\/wp\/v2\/categories?post=4386946"},{"taxonomy":"post_tag","embeddable":true,"href":"https:\/\/www.upo.es\/diario\/wp-json\/wp\/v2\/tags?post=4386946"}],"curies":[{"name":"wp","href":"https:\/\/api.w.org\/{rel}","templated":true}]}}