{"id":4486091,"date":"2014-06-25T07:37:26","date_gmt":"2014-06-25T07:37:26","guid":{"rendered":"https:\/\/www.upo.es\/diario\/?p=4486091"},"modified":"2014-06-25T07:37:26","modified_gmt":"2014-06-25T07:37:26","slug":"el-indice-de-pobreza-humana-muestra-el-aumento-de-las-carencias-en-renta-y-de-la-exclusion-social-durante-la-crisis","status":"publish","type":"post","link":"https:\/\/www.upo.es\/diario\/ciencia\/2014\/06\/el-indice-de-pobreza-humana-muestra-el-aumento-de-las-carencias-en-renta-y-de-la-exclusion-social-durante-la-crisis\/","title":{"rendered":"El \u00edndice de pobreza humana muestra el aumento de las carencias en renta y de la exclusi\u00f3n social durante la crisis"},"content":{"rendered":"<figure id=\"attachment_4486092\" aria-describedby=\"caption-attachment-4486092\" style=\"width: 320px\" class=\"wp-caption alignright\"><a href=\"https:\/\/www.upo.es\/diario\/wp-content\/uploads\/2014\/06\/banner-indice-pobreza-humana.png\"><img loading=\"lazy\" decoding=\"async\" class=\"size-medium wp-image-4486092\" alt=\"Estudio elaborado por la Fundaci\u00f3n Bancaja y el Ivie \" src=\"https:\/\/www.upo.es\/diario\/wp-content\/uploads\/2014\/06\/banner-indice-pobreza-humana-320x130.png\" width=\"320\" height=\"130\" srcset=\"https:\/\/www.upo.es\/diario\/wp-content\/uploads\/2014\/06\/banner-indice-pobreza-humana-320x130.png 320w, https:\/\/www.upo.es\/diario\/wp-content\/uploads\/2014\/06\/banner-indice-pobreza-humana.png 556w\" sizes=\"auto, (max-width: 320px) 100vw, 320px\" \/><\/a><figcaption id=\"caption-attachment-4486092\" class=\"wp-caption-text\">Estudio elaborado por la Fundaci\u00f3n Bancaja y el Ivie<\/figcaption><\/figure>\n<p>El<strong> \u00edndice de pobreza humana<\/strong> elaborado por la Fundaci\u00f3n Bancaja y el Ivie <strong>mide la pobreza m\u00e1s all\u00e1 del aspecto monetario contemplando privaciones en salud y educaci\u00f3n<\/strong>, adem\u00e1s de renta y exclusi\u00f3n social. Los datos actualizados muestran que <strong>en Espa\u00f1a el \u00edndice de pobreza humana ha aumentado un 1,7% en el periodo de crisis<\/strong> econ\u00f3mica debido al aumento del porcentaje de pobres y de la tasa de paro de larga duraci\u00f3n (un 16,2% y un 565% respectivamente entre 2007 y 2012). Esto ha ocurrido pese a la reducci\u00f3n de la pobreza que ha tenido lugar en las dimensiones de salud y educaci\u00f3n, medidas por la probabilidad de no superar los 60 a\u00f1os de vida y la tasa de abandono escolar temprano, que han disminuido un 15% y 20% en cada caso.<\/p>\n<p>Son datos elaborados por la Fundaci\u00f3n Bancaja y el Ivie y publicados en el <a href=\"http:\/\/www.ivie.es\/es\/cch\/2014-145-pobreza-en-un-periodo-de-crisis-economica.php\">cuaderno de Capital Humano. Pobreza en un periodo de crisis econ\u00f3mica<\/a>. El equipo investigador ha estado formado por los investigadores del Ivie Carmen Herrero y Antonio Villar, catedr\u00e1ticos de la Universidad de Alicante y la Universidad Pablo de Olavide respectivamente, y el t\u00e9cnico de investigaci\u00f3n del Ivie \u00c1ngel Soler.<\/p>\n<p>Las diferencias entre comunidades aut\u00f3nomas en el nivel de pobreza se han duplicado durante la crisis. El mayor crecimiento ha tenido lugar en Extremadura, Andaluc\u00eda y Canarias. Estas tres comunidades aut\u00f3nomas son tambi\u00e9n las que presentan peores resultados respecto a la media nacional. En el extremo opuesto se encuentran Navarra, Pa\u00eds Vasco y Cantabria, que tienen los menores valores de pobreza respecto al conjunto de Espa\u00f1a.<\/p>\n<p><b>Pobreza material y exclusi\u00f3n social<\/b><\/p>\n<p>Los datos de pobreza material muestran un aumento del porcentaje de pobres en Espa\u00f1a de 3 puntos porcentuales, llegando en 2012 al 22,23% de la poblaci\u00f3n. En 11 comunidades aut\u00f3nomas se ha producido un notable incremento de la pobreza, mientras que en las restantes ha tenido lugar un leve retroceso de la misma. La pobreza material es la dimensi\u00f3n que presenta mayores diferencias entre comunidades aut\u00f3nomas, y estas han aumentado durante la crisis.<\/p>\n<p>Como se\u00f1ala Antonio Villar, hay que prestar atenci\u00f3n al comportamiento especialmente negativo experimentado por las comunidades del arco mediterr\u00e1neo, a pesar del excelente comportamiento que ha tenido el sector tur\u00edstico.<\/p>\n<p>En el c\u00e1lculo del \u00edndice de pobreza humana, los datos de personas desempleadas durante m\u00e1s de doce meses (paro de larga duraci\u00f3n) informan de la dimensi\u00f3n de la pobreza de la exclusi\u00f3n social. El comportamiento de este indicador por comunidades aut\u00f3nomas, tanto en t\u00e9rminos de niveles como de evoluci\u00f3n, muestra que en Islas Baleares, Murcia y La Rioja la tasa se ha multiplicado por m\u00e1s de 10, aunque en 2007 se encontraban por debajo de la media nacional. En Espa\u00f1a en su conjunto la tasa de paro de larga duraci\u00f3n se ha m\u00e1s que sextuplicado en este periodo.<\/p>\n<p>&nbsp;<\/p>\n<p><b>Comportamiento positivo de la pobreza en salud y educaci\u00f3n<\/b><\/p>\n<p>La pobreza en salud y educaci\u00f3n ha disminuido en Espa\u00f1a entre 2007 y 2012 (un 14,9% y un 24,6% respectivamente), debido a que las variaciones en salud se ven a largo plazo y la educaci\u00f3n se comporta de manera contrac\u00edclica, ya que una de las respuestas al desempleo es un mayor inter\u00e9s por la formaci\u00f3n. Ahora bien, como advierte el investigador Antonio Villar esto no debe hacernos olvidar dos aspectos relevantes. Uno, que los a\u00f1os de estudio hay valorarlos tambi\u00e9n en t\u00e9rminos de conocimientos efectivos; en este sentido los resultados de PISA indican que tenemos problemas pendientes de resolver. Dos, la existencia de una enorme bolsa de j\u00f3venes con muy baja formaci\u00f3n que est\u00e1n desempleados y que tendr\u00e1n una dif\u00edcil recolocaci\u00f3n. La tendencia previsible es la de una mayor desigualdad porque las diferencias en formaci\u00f3n efectiva se traducir\u00e1n en diferencias en empleabilidad.<\/p>\n<p>En cuanto a la salud, no es previsible que cambie de tendencia en t\u00e9rminos de esperanza de vida, a menos que la crisis se prolongue durante m\u00e1s tiempo (aunque en algunos pa\u00edses ha sucedido, como en Rusia y en Grecia).<\/p>\n<p>El cuaderno Capital Humano Pobreza en un periodo de crisis econ\u00f3mica, disponible en las web de Fundaci\u00f3n Bancaja (www.fundacionbancaja.es) y el Ivie (http:\/\/www.ivie.es), detalla los datos actualizados del estudio Pobreza en Espa\u00f1a y sus comunidades aut\u00f3nomas.<\/p>\n<p>&nbsp;<\/p>\n<p>&nbsp;<\/p>\n","protected":false},"excerpt":{"rendered":"<p>El \u00edndice de pobreza humana elaborado por la Fundaci\u00f3n Bancaja y el Ivie mide la pobreza m\u00e1s all\u00e1 del aspecto monetario contemplando privaciones en salud y educaci\u00f3n, adem\u00e1s de renta y exclusi\u00f3n social. Los datos actualizados muestran que en Espa\u00f1a el \u00edndice de pobreza humana ha aumentado un 1,7% en el periodo de crisis econ\u00f3mica debido al aumento del porcentaje de pobres y de la tasa de paro de larga duraci\u00f3n (un 16,2% y un 565% respectivamente entre 2007 y 2012). <\/p>\n","protected":false},"author":6,"featured_media":0,"comment_status":"closed","ping_status":"open","sticky":false,"template":"","format":"standard","meta":{"_monsterinsights_skip_tracking":false,"_monsterinsights_sitenote_active":false,"_monsterinsights_sitenote_note":"","_monsterinsights_sitenote_category":0,"footnotes":""},"categories":[3],"tags":[576,144,191,63,465,859,455,734,218],"class_list":["post-4486091","post","type-post","status-publish","format-standard","hentry","category-ciencia","tag-antonio-villar","tag-crisis","tag-desempleo","tag-economia","tag-educacion","tag-estudio","tag-exclusion-social","tag-investigadores","tag-salud"],"_links":{"self":[{"href":"https:\/\/www.upo.es\/diario\/wp-json\/wp\/v2\/posts\/4486091","targetHints":{"allow":["GET"]}}],"collection":[{"href":"https:\/\/www.upo.es\/diario\/wp-json\/wp\/v2\/posts"}],"about":[{"href":"https:\/\/www.upo.es\/diario\/wp-json\/wp\/v2\/types\/post"}],"author":[{"embeddable":true,"href":"https:\/\/www.upo.es\/diario\/wp-json\/wp\/v2\/users\/6"}],"replies":[{"embeddable":true,"href":"https:\/\/www.upo.es\/diario\/wp-json\/wp\/v2\/comments?post=4486091"}],"version-history":[{"count":1,"href":"https:\/\/www.upo.es\/diario\/wp-json\/wp\/v2\/posts\/4486091\/revisions"}],"predecessor-version":[{"id":4486093,"href":"https:\/\/www.upo.es\/diario\/wp-json\/wp\/v2\/posts\/4486091\/revisions\/4486093"}],"wp:attachment":[{"href":"https:\/\/www.upo.es\/diario\/wp-json\/wp\/v2\/media?parent=4486091"}],"wp:term":[{"taxonomy":"category","embeddable":true,"href":"https:\/\/www.upo.es\/diario\/wp-json\/wp\/v2\/categories?post=4486091"},{"taxonomy":"post_tag","embeddable":true,"href":"https:\/\/www.upo.es\/diario\/wp-json\/wp\/v2\/tags?post=4486091"}],"curies":[{"name":"wp","href":"https:\/\/api.w.org\/{rel}","templated":true}]}}