{"id":4488557,"date":"2014-06-25T13:04:15","date_gmt":"2014-06-25T13:04:15","guid":{"rendered":"https:\/\/www.upo.es\/diario\/?p=4488557"},"modified":"2014-06-26T14:04:35","modified_gmt":"2014-06-26T14:04:35","slug":"alumnos-de-la-upo-haran-practicas-en-la-vicepresidencia-del-gobierno-y-la-consejeria-de-administracion-local","status":"publish","type":"post","link":"https:\/\/www.upo.es\/diario\/institucional\/2014\/06\/alumnos-de-la-upo-haran-practicas-en-la-vicepresidencia-del-gobierno-y-la-consejeria-de-administracion-local\/","title":{"rendered":"Alumnos de la UPO har\u00e1n pr\u00e1cticas en la Vicepresidencia del Gobierno y la Consejer\u00eda de Administraci\u00f3n Local"},"content":{"rendered":"<figure id=\"attachment_448855\" aria-describedby=\"caption-attachment-448855\" style=\"width: 320px\" class=\"wp-caption alignright\"><a href=\"https:\/\/www.upo.es\/diario\/wp-content\/uploads\/2014\/06\/conve_practicas_vicepresidencia.jpg\"><img loading=\"lazy\" decoding=\"async\" class=\"size-medium wp-image-4488558\" alt=\"conve_practicas_vicepresidencia\" src=\"https:\/\/www.upo.es\/diario\/wp-content\/uploads\/2014\/06\/conve_practicas_vicepresidencia-320x212.jpg\" width=\"320\" height=\"212\" srcset=\"https:\/\/www.upo.es\/diario\/wp-content\/uploads\/2014\/06\/conve_practicas_vicepresidencia-320x212.jpg 320w, https:\/\/www.upo.es\/diario\/wp-content\/uploads\/2014\/06\/conve_practicas_vicepresidencia-1024x681.jpg 1024w, https:\/\/www.upo.es\/diario\/wp-content\/uploads\/2014\/06\/conve_practicas_vicepresidencia-600x399.jpg 600w\" sizes=\"auto, (max-width: 320px) 100vw, 320px\" \/><\/a><figcaption id=\"caption-attachment-448855\" class=\"wp-caption-text\">El vicepresidente Diego Valderas y el rector Vicente Guzm\u00e1n<\/figcaption><\/figure>\n<p>El vicepresidente y consejero de Administraci\u00f3n Local y Relaciones Institucionales, <strong>Diego Valderas<\/strong>,\u00a0 y el rector de la Universidad Pablo de Olavide, <strong>Vicente Guzm\u00e1n<\/strong>, han firmado hoy en Sevilla un convenio de cooperaci\u00f3n educativa\u00a0 para la formaci\u00f3n pr\u00e1ctica de los estudiantes de esta universidad, con el objetivo de que puedan completar su formaci\u00f3n te\u00f3rica adquiriendo competencias que los preparen para el mercado laboral, mejoren su empleabilidad y los capaciten profesionalmente.<\/p>\n<p>Para Valderas este tipo de convenios\u00a0 que ligan a la Universidad y al conjunto de las administraciones, y en este caso concreto a la Consejer\u00eda, engrandece a la administraci\u00f3n andaluza, y a su vez engrandece el conocimiento del alumnado que se est\u00e1 formando en el conjunto de Andaluc\u00eda, que compartir\u00e1 con profesionales de los distintos departamentos los conocimientos adquiridos en sus a\u00f1os de formaci\u00f3n.<\/p>\n<p>Por su parte, el rector de la UPO ha agradecido la colaboraci\u00f3n que la Administraci\u00f3n va a prestar a trav\u00e9s de este acuerdo \u201cde extraordinaria importancia\u201d, ya que el alumnado universitario\u00a0 en el marco del nuevo modelo de educaci\u00f3n europeo superior necesita obligatoriamente acreditar unas pr\u00e1cticas adecuadas y bien tuteladas\u00a0 en organismos p\u00fablicos y en empresas, ya que sin esa acreditaci\u00f3n no pueden tener el t\u00edtulo.<\/p>\n<p>Asimismo, Vicente Guzm\u00e1n ha expresado su \u201csatisfacci\u00f3n\u201d y ha agradecido la \u201cgenerosidad\u201d de \u201cuna Consejer\u00eda preocupada especialmente por temas que afectan a la vida cotidiana de la ciudadan\u00eda, porque nuestros estudiantes no s\u00f3lo van a recibir una formaci\u00f3n espec\u00edfica en su materia,\u00a0 adem\u00e1s van a tener una formaci\u00f3n en valores y van a poder enfocar los conocimientos recibidos en la carrera en clave de valores hacia la sociedad.\u201d<\/p>\n<p><strong>Sobre el convenio<\/strong><\/p>\n<p>Podr\u00e1n disfrutar de un periodo en pr\u00e1cticas en la Vicepresidencia y Consejer\u00eda de Administraci\u00f3n Local los estudiantes matriculados en cualquier ense\u00f1anza impartida por la Universidad Pablo de Olavide\u00a0 en los t\u00e9rminos recogidos en la normativa de pr\u00e1cticas acad\u00e9micas externas de los estudiantes de grado de la Pablo de Olavide. El procedimiento de solicitud, selecci\u00f3n y adjudicaci\u00f3n de las pr\u00e1cticas ser\u00e1 determinado por el centro donde se imparta la titulaci\u00f3n\u00a0 a trav\u00e9s de la Fundaci\u00f3n Universidad-Sociedad de la Universidad .La vigencia del convenio tiene una duraci\u00f3n de una a\u00f1o a partir de la fecha de la firma y podr\u00e1 renovarse por periodos iguales.<\/p>\n<p>&nbsp;<\/p>\n<p>&nbsp;<\/p>\n","protected":false},"excerpt":{"rendered":"<p>El vicepresidente y consejero de Administraci\u00f3n Local y Relaciones Institucionales, Diego Valderas,  y el rector de la Universidad Pablo de Olavide, Vicente Guzm\u00e1n, han firmado hoy en Sevilla un convenio de cooperaci\u00f3n educativa  para la formaci\u00f3n pr\u00e1ctica de los estudiantes de esta universidad, con el objetivo de que puedan completar su formaci\u00f3n te\u00f3rica adquiriendo competencias que los preparen para el mercado laboral, mejoren su empleabilidad y los capaciten profesionalmente.<\/p>\n","protected":false},"author":6,"featured_media":0,"comment_status":"closed","ping_status":"open","sticky":false,"template":"","format":"standard","meta":{"_monsterinsights_skip_tracking":false,"_monsterinsights_sitenote_active":false,"_monsterinsights_sitenote_note":"","_monsterinsights_sitenote_category":0,"footnotes":""},"categories":[6],"tags":[1031,326,21,203,65,38,106,1021],"class_list":["post-4488557","post","type-post","status-publish","format-standard","hentry","category-institucional","tag-consejeria-administracion-local","tag-convenio","tag-estudiantes","tag-junta-de-andalucia","tag-practicas","tag-rector","tag-vicente-c-guzman","tag-vicepresidencia"],"_links":{"self":[{"href":"https:\/\/www.upo.es\/diario\/wp-json\/wp\/v2\/posts\/4488557","targetHints":{"allow":["GET"]}}],"collection":[{"href":"https:\/\/www.upo.es\/diario\/wp-json\/wp\/v2\/posts"}],"about":[{"href":"https:\/\/www.upo.es\/diario\/wp-json\/wp\/v2\/types\/post"}],"author":[{"embeddable":true,"href":"https:\/\/www.upo.es\/diario\/wp-json\/wp\/v2\/users\/6"}],"replies":[{"embeddable":true,"href":"https:\/\/www.upo.es\/diario\/wp-json\/wp\/v2\/comments?post=4488557"}],"version-history":[{"count":3,"href":"https:\/\/www.upo.es\/diario\/wp-json\/wp\/v2\/posts\/4488557\/revisions"}],"predecessor-version":[{"id":4505262,"href":"https:\/\/www.upo.es\/diario\/wp-json\/wp\/v2\/posts\/4488557\/revisions\/4505262"}],"wp:attachment":[{"href":"https:\/\/www.upo.es\/diario\/wp-json\/wp\/v2\/media?parent=4488557"}],"wp:term":[{"taxonomy":"category","embeddable":true,"href":"https:\/\/www.upo.es\/diario\/wp-json\/wp\/v2\/categories?post=4488557"},{"taxonomy":"post_tag","embeddable":true,"href":"https:\/\/www.upo.es\/diario\/wp-json\/wp\/v2\/tags?post=4488557"}],"curies":[{"name":"wp","href":"https:\/\/api.w.org\/{rel}","templated":true}]}}