{"id":4489184,"date":"2014-06-26T06:45:56","date_gmt":"2014-06-26T06:45:56","guid":{"rendered":"https:\/\/www.upo.es\/diario\/?p=4489184"},"modified":"2014-06-26T06:57:05","modified_gmt":"2014-06-26T06:57:05","slug":"fernando-faces-imparte-manana-jueves-la-conferencia-de-clausura-del-master-universitario-en-finanzas-y-banca-de-la-upo","status":"publish","type":"post","link":"https:\/\/www.upo.es\/diario\/institucional\/2014\/06\/fernando-faces-imparte-manana-jueves-la-conferencia-de-clausura-del-master-universitario-en-finanzas-y-banca-de-la-upo\/","title":{"rendered":"Fernando Faces imparte hoy jueves la conferencia de clausura del master universitario en Finanzas y Banca de la UPO"},"content":{"rendered":"<figure id=\"attachment_4489185\" aria-describedby=\"caption-attachment-4489185\" style=\"width: 212px\" class=\"wp-caption alignright\"><a href=\"https:\/\/www.upo.es\/diario\/wp-content\/uploads\/2014\/06\/FernandoFaces.jpg\"><img loading=\"lazy\" decoding=\"async\" class=\"size-medium wp-image-4489185\" alt=\"El economista Fernando Faces, vicepresidente de Suraval, impartir\u00e1 la conferencia de clausura \u201cEl papel de la Banca y los mercados financieros en la salida de la crisis\u201d. \" src=\"https:\/\/www.upo.es\/diario\/wp-content\/uploads\/2014\/06\/FernandoFaces-212x320.jpg\" width=\"212\" height=\"320\" srcset=\"https:\/\/www.upo.es\/diario\/wp-content\/uploads\/2014\/06\/FernandoFaces-212x320.jpg 212w, https:\/\/www.upo.es\/diario\/wp-content\/uploads\/2014\/06\/FernandoFaces-680x1024.jpg 680w, https:\/\/www.upo.es\/diario\/wp-content\/uploads\/2014\/06\/FernandoFaces-600x902.jpg 600w, https:\/\/www.upo.es\/diario\/wp-content\/uploads\/2014\/06\/FernandoFaces.jpg 2000w\" sizes=\"auto, (max-width: 212px) 100vw, 212px\" \/><\/a><figcaption id=\"caption-attachment-4489185\" class=\"wp-caption-text\">El economista Fernando Faces impartir\u00e1 la conferencia de clausura \u201cEl papel de la Banca y los mercados financieros en la salida de la crisis\u201d.<\/figcaption><\/figure>\n<p style=\"text-align: justify;\">Hoy jueves 26 de junio, a las 17 horas en el aula 1.08 del edificio 45 de la Universidad Pablo de Olavide, se clausurar\u00e1 la segunda edici\u00f3n del m\u00e1ster universitario en Finanzas y Banca, organizado por la UPO. La conferencia de clausura ser\u00e1 impartida por el economista Fernando Faces, vicepresidente de <a href=\"http:\/\/www.suraval.com\/\">Suraval<\/a>, que abordar\u00e1 \u201cEl papel de la Banca y los mercados financieros en la salida de la crisis\u201d.<\/p>\n<p style=\"text-align: justify;\">Asimismo, al acto asistir\u00e1n el director acad\u00e9mico del m\u00e1ster, Enrique Jim\u00e9nez Rodr\u00edguez, los profesores de la UPO \u00a0y miembros de la comisi\u00f3n acad\u00e9mica del m\u00e1ster, Jos\u00e9 Manuel Feria Dom\u00ednguez y Margarita Mart\u00edn Garc\u00eda, y Enma Berenguer, profesora del Departamento de Econom\u00eda Financiera y Contabilidad de la UPO.<\/p>\n<p style=\"text-align: justify;\">\u00a0<b>Fernando Faces<\/b> es doctor en Ciencias Econ\u00f3micas por la Universidad de Bilbao y\u00a0 diplomado en Alta Direcci\u00f3n por el Instituto Internacional San Telmo. Experto en Macroeconom\u00eda, Banca y Mercados Financieros, ha desempe\u00f1ado diversos puestos de Direcci\u00f3n General, tanto en la empresa como en el sector financiero. Ha sido presidente del Comit\u00e9 de Mercados Financieros Internacionales (CECA), del comit\u00e9 de negociaci\u00f3n de COAS-CECA, de Tynsa Internacional, de Sadai S.A., de Arte y Gesti\u00f3n, y de la Escuela de Hosteler\u00eda de Sevilla. Es analista econ\u00f3mico en diversos medios como Expansi\u00f3n, Revista de Ejecutivos, ABC, C\u00f3digo 84 (AECOC), Grupo Joly, entre otros; y es presidente del Comit\u00e9 Editorial del programa de televisi\u00f3n regional \u201cHablemos de Econom\u00eda\u201d y colaborador de Radio Gestiona (COPE) en programas como \u201cEl consejo de sabios\u201d. Actualmente es profesor colaborador del Instituto Internacional San Telmo, vicepresidente de Suraval, presidente honor\u00edfico del Comit\u00e9 de Mercados Financieros Internacionales (CECA), asesor econ\u00f3mico de la C\u00e1mara de Comercio de Sevilla y consejero de diferentes empresas en los sectores real y financiero.<\/p>\n<p style=\"text-align: justify;\">\u00a0El <a href=\"http:\/\/www.upo.es\/postgrado\/Master-Oficial-Finanzas-y-Banca\">M\u00e1ster Universitario en Finanzas y Banca de la UPO<\/a>, dirigido por el profesor Enrique Jim\u00e9nez, tiene como objetivo proporcionar a los estudiantes procedentes de un grado, o profesionales interesados en estas materias, conocimientos avanzados en el \u00e1mbito financiero y en aspectos diversos de la gesti\u00f3n empresarial y bancaria. Este m\u00e1ster est\u00e1 concebido para que los postgraduados adquieran las competencias y conocimientos necesarios para acceder o desarrollar empleos de calidad relacionados con la direcci\u00f3n financiera en cualquier tipo de organizaci\u00f3n, prestando especial atenci\u00f3n a los aspectos relacionados con la correcta gesti\u00f3n de las entidades de cr\u00e9dito, sector que ha sufrido una profunda transformaci\u00f3n en estos \u00faltimos a\u00f1os.<\/p>\n<p style=\"text-align: justify;\">\n","protected":false},"excerpt":{"rendered":"<p>Hoy jueves 26 de junio, a las 17 horas en el aula 1.08 del edificio 45 de la Universidad Pablo de Olavide, se clausurar\u00e1 la segunda edici\u00f3n del m\u00e1ster universitario en Finanzas y Banca, organizado por la UPO. La conferencia de clausura ser\u00e1 impartida por el economista Fernando Faces, vicepresidente de Suraval, que abordar\u00e1 \u201cEl papel de la Banca y los mercados financieros en la salida de la crisis\u201d.<\/p>\n","protected":false},"author":4,"featured_media":0,"comment_status":"closed","ping_status":"open","sticky":false,"template":"","format":"standard","meta":{"_monsterinsights_skip_tracking":false,"_monsterinsights_sitenote_active":false,"_monsterinsights_sitenote_note":"","_monsterinsights_sitenote_category":0,"footnotes":""},"categories":[6],"tags":[463,227,1549,1269],"class_list":["post-4489184","post","type-post","status-publish","format-standard","hentry","category-institucional","tag-clausura","tag-conferencia","tag-fernando-faces","tag-master-en-finanzas-y-banca"],"_links":{"self":[{"href":"https:\/\/www.upo.es\/diario\/wp-json\/wp\/v2\/posts\/4489184","targetHints":{"allow":["GET"]}}],"collection":[{"href":"https:\/\/www.upo.es\/diario\/wp-json\/wp\/v2\/posts"}],"about":[{"href":"https:\/\/www.upo.es\/diario\/wp-json\/wp\/v2\/types\/post"}],"author":[{"embeddable":true,"href":"https:\/\/www.upo.es\/diario\/wp-json\/wp\/v2\/users\/4"}],"replies":[{"embeddable":true,"href":"https:\/\/www.upo.es\/diario\/wp-json\/wp\/v2\/comments?post=4489184"}],"version-history":[{"count":5,"href":"https:\/\/www.upo.es\/diario\/wp-json\/wp\/v2\/posts\/4489184\/revisions"}],"predecessor-version":[{"id":4500890,"href":"https:\/\/www.upo.es\/diario\/wp-json\/wp\/v2\/posts\/4489184\/revisions\/4500890"}],"wp:attachment":[{"href":"https:\/\/www.upo.es\/diario\/wp-json\/wp\/v2\/media?parent=4489184"}],"wp:term":[{"taxonomy":"category","embeddable":true,"href":"https:\/\/www.upo.es\/diario\/wp-json\/wp\/v2\/categories?post=4489184"},{"taxonomy":"post_tag","embeddable":true,"href":"https:\/\/www.upo.es\/diario\/wp-json\/wp\/v2\/tags?post=4489184"}],"curies":[{"name":"wp","href":"https:\/\/api.w.org\/{rel}","templated":true}]}}