{"id":4503377,"date":"2014-06-26T11:36:15","date_gmt":"2014-06-26T11:36:15","guid":{"rendered":"https:\/\/www.upo.es\/diario\/?p=4503377"},"modified":"2014-07-07T07:23:22","modified_gmt":"2014-07-07T07:23:22","slug":"el-consejo-andaluz-de-universidades-da-luz-verde-a-la-adscripcion-a-la-upo-del-centro-san-isidoro-de-ceade","status":"publish","type":"post","link":"https:\/\/www.upo.es\/diario\/institucional\/2014\/06\/el-consejo-andaluz-de-universidades-da-luz-verde-a-la-adscripcion-a-la-upo-del-centro-san-isidoro-de-ceade\/","title":{"rendered":"El Consejo Andaluz de Universidades da luz verde a la adscripci\u00f3n a la UPO del centro San Isidoro de CEADE"},"content":{"rendered":"<figure id=\"attachment_4503379\" aria-describedby=\"caption-attachment-4503379\" style=\"width: 320px\" class=\"wp-caption alignright\"><a href=\"https:\/\/www.upo.es\/diario\/wp-content\/uploads\/2014\/06\/Edificio_CEADE.jpg\"><img loading=\"lazy\" decoding=\"async\" class=\"size-medium wp-image-4503379\" alt=\"instalaciones de CEADE \" src=\"https:\/\/www.upo.es\/diario\/wp-content\/uploads\/2014\/06\/Edificio_CEADE-320x213.jpg\" width=\"320\" height=\"213\" srcset=\"https:\/\/www.upo.es\/diario\/wp-content\/uploads\/2014\/06\/Edificio_CEADE-320x213.jpg 320w, https:\/\/www.upo.es\/diario\/wp-content\/uploads\/2014\/06\/Edificio_CEADE-600x400.jpg 600w, https:\/\/www.upo.es\/diario\/wp-content\/uploads\/2014\/06\/Edificio_CEADE.jpg 900w\" sizes=\"auto, (max-width: 320px) 100vw, 320px\" \/><\/a><figcaption id=\"caption-attachment-4503379\" class=\"wp-caption-text\">El Centro Universitario San Isidoro estar\u00e1 ubicado en las nuevas instalaciones de CEADE<\/figcaption><\/figure>\n<p>El Consejo Andaluz de Universidades (CAU) ha dado luz verde a la adscripci\u00f3n a la Universidad Pablo de Olavide de Sevilla del nuevo centro San Isidoro de CEADE. Este nuevo centro adscrito <strong>se pondr\u00e1 en marcha este pr\u00f3ximo curso 2014-2015<\/strong> inicialmente con<strong> dos grados, Comunicaci\u00f3n y Comunicaci\u00f3n digital<\/strong>, y el <strong>doble grado en Comunicaci\u00f3n y Comunicaci\u00f3n digital<\/strong>.<\/p>\n<p>La oferta de plazas propuesta al CAU es de <strong>90 en Comunicaci\u00f3n, 30 en Comunicaci\u00f3n digital y 30 en el doble grado<\/strong> el primer curso de implantaci\u00f3n (2014\/2015). Los estudiantes que cursen estudios en el centro San Isidoro obtendr\u00e1n un<strong> t\u00edtulo oficial otorgado por la Universidad Pablo de Olavide<\/strong>. Est\u00e1 previsto que a partir del pr\u00f3ximo curso acad\u00e9mico 2014-2015 el Centro Universitario San Isidoro ponga en marcha, progresivamente, otras titulaciones de grado a las que se a\u00f1adir\u00e1 una amplia oferta de posgrados oficiales y t\u00edtulos propios.<\/p>\n<p>Esta oferta ya se recoge en el cat\u00e1logo de titulaciones para el pr\u00f3ximo curso del Distrito \u00danico Andaluz, ahora que el plazo de preinscripci\u00f3n est\u00e1 abierto desde ayer 25 de junio hasta el pr\u00f3ximo 4 de julio. El informe favorable a la adscripci\u00f3n fue aprobado ayer por el CAU y ahora tiene que ser refrendado por el Consejo de Gobierno de la Junta.<\/p>\n<p>Este convenio de adscripci\u00f3n suscrito el pasado mes de julio por el rector de la Universidad Pablo de Olavide de Sevilla, Vicente Guzm\u00e1n, y el director general del Centro Andaluz de Estudios Empresariales (CEADE), Diego G\u00e1lvez, se llev\u00f3 a cabo bajo el amparo del art\u00edculo 80 de los Estatutos de la UPO, el art\u00edculo 11 de la Ley Org\u00e1nica 6\/2001, de 21 de Diciembre, de Universidades y el art\u00edculo 12 del Texto Refundido de la Ley Andaluza de Universidades, lo que posibilita la adscripci\u00f3n de centros docentes de titularidad privada a universidades p\u00fablicas para impartir estudios conducentes a la obtenci\u00f3n de t\u00edtulos de car\u00e1cter oficial y validez en todo el territorio nacional.<\/p>\n<p>El rector de la UPO y el director general de CEADE coincidieron entonces en destacar la importancia de la conjunci\u00f3n de lo p\u00fablico con lo privado, como \u201cinstrumento fundamental para encontrar una salida a la crisis, mediante una formaci\u00f3n que contribuya a mejorar nuestro entorno laboral, econ\u00f3mico y social\u201d.<\/p>\n<p><b>Un campus universitario en la Isla de la Cartuja<\/b><\/p>\n<p>El Centro Universitario San Isidoro estar\u00e1 ubicado en las nuevas instalaciones de CEADE en la Isla de la Cartuja de Sevilla, que fueron inauguradas en 2011. Se trata de un edificio de 20.000 metros cuadrados construidos. Est\u00e1 dotado de importantes recursos y equipamiento tecnol\u00f3gico y se concibe como un moderno campus urbano en vertical situado en el centro econ\u00f3mico y tecnol\u00f3gico de la ciudad. El centro cuenta con modernas instalaciones que lo hacen adecuado para la impartici\u00f3n de educaci\u00f3n superior.<\/p>\n<p><b>\u00a0<\/b><\/p>\n","protected":false},"excerpt":{"rendered":"<p>El Consejo Andaluz de Universidades (CAU) ha dado luz verde a la adscripci\u00f3n a la Universidad Pablo de Olavide de Sevilla del nuevo centro San Isidoro de CEADE. Este nuevo centro adscrito se pondr\u00e1 en marcha este pr\u00f3ximo curso 2014-2015 inicialmente con dos grados, Comunicaci\u00f3n y Comunicaci\u00f3n digital, y el doble grado en Comunicaci\u00f3n y Comunicaci\u00f3n digital.<\/p>\n","protected":false},"author":6,"featured_media":0,"comment_status":"closed","ping_status":"open","sticky":false,"template":"","format":"standard","meta":{"_monsterinsights_skip_tracking":false,"_monsterinsights_sitenote_active":false,"_monsterinsights_sitenote_note":"","_monsterinsights_sitenote_category":0,"footnotes":""},"categories":[6],"tags":[190,324,772,508,773,350,266,39],"class_list":["post-4503377","post","type-post","status-publish","format-standard","hentry","category-institucional","tag-andalucia","tag-cau","tag-ceade","tag-centro","tag-centro-universitario-san-isidoro","tag-comunicacion","tag-grados","tag-universidades"],"_links":{"self":[{"href":"https:\/\/www.upo.es\/diario\/wp-json\/wp\/v2\/posts\/4503377","targetHints":{"allow":["GET"]}}],"collection":[{"href":"https:\/\/www.upo.es\/diario\/wp-json\/wp\/v2\/posts"}],"about":[{"href":"https:\/\/www.upo.es\/diario\/wp-json\/wp\/v2\/types\/post"}],"author":[{"embeddable":true,"href":"https:\/\/www.upo.es\/diario\/wp-json\/wp\/v2\/users\/6"}],"replies":[{"embeddable":true,"href":"https:\/\/www.upo.es\/diario\/wp-json\/wp\/v2\/comments?post=4503377"}],"version-history":[{"count":12,"href":"https:\/\/www.upo.es\/diario\/wp-json\/wp\/v2\/posts\/4503377\/revisions"}],"predecessor-version":[{"id":4667510,"href":"https:\/\/www.upo.es\/diario\/wp-json\/wp\/v2\/posts\/4503377\/revisions\/4667510"}],"wp:attachment":[{"href":"https:\/\/www.upo.es\/diario\/wp-json\/wp\/v2\/media?parent=4503377"}],"wp:term":[{"taxonomy":"category","embeddable":true,"href":"https:\/\/www.upo.es\/diario\/wp-json\/wp\/v2\/categories?post=4503377"},{"taxonomy":"post_tag","embeddable":true,"href":"https:\/\/www.upo.es\/diario\/wp-json\/wp\/v2\/tags?post=4503377"}],"curies":[{"name":"wp","href":"https:\/\/api.w.org\/{rel}","templated":true}]}}