{"id":4504001,"date":"2014-06-27T06:44:12","date_gmt":"2014-06-27T06:44:12","guid":{"rendered":"https:\/\/www.upo.es\/diario\/?p=4504001"},"modified":"2014-06-27T07:27:38","modified_gmt":"2014-06-27T07:27:38","slug":"manana-conferencia-sobre-precursores-neurales-y-nanomedicina-en-la-olavid","status":"publish","type":"post","link":"https:\/\/www.upo.es\/diario\/ciencia\/2014\/06\/manana-conferencia-sobre-precursores-neurales-y-nanomedicina-en-la-olavid\/","title":{"rendered":"Hoy, conferencia sobre precursores neurales y nanomedicina en la Olavide"},"content":{"rendered":"<p><a href=\"https:\/\/www.upo.es\/diario\/wp-content\/uploads\/2014\/06\/cartel-nanomedicina.png\"><img loading=\"lazy\" decoding=\"async\" class=\"alignright size-medium wp-image-4504005\" alt=\"Nanomedicina\" src=\"https:\/\/www.upo.es\/diario\/wp-content\/uploads\/2014\/06\/cartel-nanomedicina-291x320.png\" width=\"291\" height=\"320\" srcset=\"https:\/\/www.upo.es\/diario\/wp-content\/uploads\/2014\/06\/cartel-nanomedicina-291x320.png 291w, https:\/\/www.upo.es\/diario\/wp-content\/uploads\/2014\/06\/cartel-nanomedicina-600x658.png 600w, https:\/\/www.upo.es\/diario\/wp-content\/uploads\/2014\/06\/cartel-nanomedicina.png 622w\" sizes=\"auto, (max-width: 291px) 100vw, 291px\" \/><\/a>Hoy viernes, 27 de junio, a las 13:00 horas, en la sala de grados del edificio 25B (Biblioteca) de la Universidad Pablo de Olavide, tendr\u00e1 lugar la conferencia \u201cPrecursores Neurales y Nanomedicina en el Rescate de la Funci\u00f3n Motora tras Lesi\u00f3n Medular\u201d, impartida por la doctora Victoria Moreno-Manzano del Centro de Investigaci\u00f3n Pr\u00edncipe Felipe de Valencia.<\/p>\n<p>Esta conferencia se enmarca dentro del V Ciclo de Seminarios y Conferencias en Neurociencia organizados por el Laboratorio de Neurociencia Celular y Plasticidad del Departamento de Fisiolog\u00eda, Anatom\u00eda y Biolog\u00eda Celular de la UPO. La entrada es libre hasta completar aforo.<\/p>\n","protected":false},"excerpt":{"rendered":"<p>Hoy viernes, 27 de junio, a las 13:00 horas, en la sala de grados del edificio 25B (Biblioteca) de la Universidad Pablo de Olavide, tendr\u00e1 lugar la conferencia \u201cPrecursores Neurales y Nanomedicina en el Rescate de la Funci\u00f3n Motora tras Lesi\u00f3n Medular\u201d, impartida por la doctora Victoria Moreno-Manzano del Centro de Investigaci\u00f3n Pr\u00edncipe Felipe de Valencia.<\/p>\n","protected":false},"author":8,"featured_media":0,"comment_status":"closed","ping_status":"open","sticky":false,"template":"","format":"standard","meta":{"_monsterinsights_skip_tracking":false,"_monsterinsights_sitenote_active":false,"_monsterinsights_sitenote_note":"","_monsterinsights_sitenote_category":0,"footnotes":""},"categories":[3],"tags":[1560,1562,114,1558,1561,1559],"class_list":["post-4504001","post","type-post","status-publish","format-standard","hentry","category-ciencia","tag-centro-de-investigacion-principe-felipe-de-valencia","tag-laboratorio-de-neurociencia-celular-y-plasticidad","tag-neurociencia","tag-precursores-neurales-y-nanomedicina-en-el-rescate-de-la-funcion-motora-tras-lesion-medular","tag-v-ciclo-de-seminarios-y-conferencias-en-neurociencia","tag-victoria-moreno-manzano"],"_links":{"self":[{"href":"https:\/\/www.upo.es\/diario\/wp-json\/wp\/v2\/posts\/4504001","targetHints":{"allow":["GET"]}}],"collection":[{"href":"https:\/\/www.upo.es\/diario\/wp-json\/wp\/v2\/posts"}],"about":[{"href":"https:\/\/www.upo.es\/diario\/wp-json\/wp\/v2\/types\/post"}],"author":[{"embeddable":true,"href":"https:\/\/www.upo.es\/diario\/wp-json\/wp\/v2\/users\/8"}],"replies":[{"embeddable":true,"href":"https:\/\/www.upo.es\/diario\/wp-json\/wp\/v2\/comments?post=4504001"}],"version-history":[{"count":4,"href":"https:\/\/www.upo.es\/diario\/wp-json\/wp\/v2\/posts\/4504001\/revisions"}],"predecessor-version":[{"id":4515727,"href":"https:\/\/www.upo.es\/diario\/wp-json\/wp\/v2\/posts\/4504001\/revisions\/4515727"}],"wp:attachment":[{"href":"https:\/\/www.upo.es\/diario\/wp-json\/wp\/v2\/media?parent=4504001"}],"wp:term":[{"taxonomy":"category","embeddable":true,"href":"https:\/\/www.upo.es\/diario\/wp-json\/wp\/v2\/categories?post=4504001"},{"taxonomy":"post_tag","embeddable":true,"href":"https:\/\/www.upo.es\/diario\/wp-json\/wp\/v2\/tags?post=4504001"}],"curies":[{"name":"wp","href":"https:\/\/api.w.org\/{rel}","templated":true}]}}