{"id":4504004,"date":"2014-06-26T00:31:26","date_gmt":"2014-06-26T00:31:26","guid":{"rendered":"https:\/\/www.upo.es\/diario\/?p=4504004"},"modified":"2014-06-27T12:45:43","modified_gmt":"2014-06-27T12:45:43","slug":"la-universidad-pablo-de-olavide-celebrara-en-su-sede-de-carmona-un-total-de-49-cursos-de-verano","status":"publish","type":"post","link":"https:\/\/www.upo.es\/diario\/institucional\/2014\/06\/la-universidad-pablo-de-olavide-celebrara-en-su-sede-de-carmona-un-total-de-49-cursos-de-verano\/","title":{"rendered":"La Universidad Pablo de Olavide celebrar\u00e1 en su sede de Carmona un total de 49 cursos de verano"},"content":{"rendered":"<figure id=\"attachment_450400\" aria-describedby=\"caption-attachment-450400\" style=\"width: 320px\" class=\"wp-caption alignright\"><a href=\"https:\/\/www.upo.es\/diario\/wp-content\/uploads\/2014\/06\/olavidecarmona.jpg\"><img loading=\"lazy\" decoding=\"async\" class=\"size-medium wp-image-4504008\" alt=\"olavidecarmona\" src=\"https:\/\/www.upo.es\/diario\/wp-content\/uploads\/2014\/06\/olavidecarmona-320x213.jpg\" width=\"320\" height=\"213\" srcset=\"https:\/\/www.upo.es\/diario\/wp-content\/uploads\/2014\/06\/olavidecarmona-320x213.jpg 320w, https:\/\/www.upo.es\/diario\/wp-content\/uploads\/2014\/06\/olavidecarmona-1024x682.jpg 1024w, https:\/\/www.upo.es\/diario\/wp-content\/uploads\/2014\/06\/olavidecarmona-600x400.jpg 600w\" sizes=\"auto, (max-width: 320px) 100vw, 320px\" \/><\/a><figcaption id=\"caption-attachment-450400\" class=\"wp-caption-text\">Casa Palacio de los Briones, sede de la UPO en Carmona<\/figcaption><\/figure>\n<p>Los Cursos de Verano de la Universidad Pablo de Olavide se celebrar\u00e1n nuevamente en su duod\u00e9cima edici\u00f3n en la sede de Carmona, del 7 de julio al 29 de agosto, organizados por la UPO en colaboraci\u00f3n con el Ayuntamiento de esta ciudad. La Casa Palacio de Los Briones, sede permanente de la Universidad Pablo de Olavide en Carmona, acoger\u00e1 por duod\u00e9cimo a\u00f1o consecutivo un total de 49 Cursos de Verano.<\/p>\n<p>En los Cursos de Verano se abordar\u00e1n, entre otros, temas diversos, como la cata del aceite de oliva virgen extra; el terrorismo yihadista; la relaci\u00f3n entre la moda y la comunicaci\u00f3n; el coaching y la gesti\u00f3n emocional; las intervenciones asistidas por animales; la alimentaci\u00f3n para cel\u00edacos y en restauraci\u00f3n colectiva; la introducci\u00f3n al m\u00e9todo Pilates; el control de los poderes pol\u00edticos y financieros sobre los medios de comunicaci\u00f3n o el marketing digital, en los que participar\u00e1n diferentes especialistas nacionales e internacionales.<\/p>\n<p>Este a\u00f1o, los seminarios se celebrar\u00e1n en el mes de julio, mientras que a lo largo del mes de agosto se llevar\u00e1n a cabo en Carmona un curso pr\u00e1ctico sobre la conservaci\u00f3n del patrimonio barroco y otro destinado a realizar pr\u00e1cticas arqueol\u00f3gicas de campo. Adem\u00e1s de los tradicionales cursos de cinco d\u00edas, este a\u00f1o se ha vuelto a apostar por la inclusi\u00f3n en el programa estival de seminarios de tres y dos d\u00edas, dirigidos sobre todo al reciclaje de profesionales para que puedan compaginar la formaci\u00f3n con su actividad laboral.<\/p>\n<p>Adem\u00e1s, es destacable que en esta edici\u00f3n se han incluido en la programaci\u00f3n estival cuatro cursos de verano coordinados por el Centro de Estudios Empresariales (CEADE) en virtud al convenio suscrito el pasado mes de julio entre la Universidad Pablo de Olavide y esta instituci\u00f3n.<\/p>\n<p>El plazo de matr\u00edcula para inscribirse en los Cursos de Verano 2014 de la Universidad Pablo de Olavide estar\u00e1 comprendido hasta siete d\u00edas naturales antes de la celebraci\u00f3n de cada curso, siempre que queden plazas disponibles, y los estudiantes que as\u00ed lo quieran podr\u00e1n realizar su matr\u00edcula a trav\u00e9s de Internet. En cada curso se reserva un 10 por ciento para estudiantes becados.<\/p>\n<p>Estos cursos pueden ser convalidados como cr\u00e9ditos de libre configuraci\u00f3n y eurocr\u00e9ditos por los estudiantes de todas las universidades p\u00fablicas andaluzas y centros concertados de la UNED. Asimismo, los Cursos de Verano de la UPO se desarrollan con la colaboraci\u00f3n de la Consejer\u00eda de Educaci\u00f3n de la Junta de Andaluc\u00eda, con lo cual sirven de m\u00e9rito para los profesores que as\u00ed lo requieran.<\/p>\n","protected":false},"excerpt":{"rendered":"<p>Los Cursos de Verano de la Universidad Pablo de Olavide se celebrar\u00e1n nuevamente en su duod\u00e9cima edici\u00f3n en la sede de Carmona, del 7 de julio al 29 de agosto, organizados por la UPO en colaboraci\u00f3n con el Ayuntamiento de esta ciudad. La Casa Palacio de Los Briones, sede permanente de la Universidad Pablo de Olavide en Carmona, acoger\u00e1 por duod\u00e9cimo a\u00f1o consecutivo un total de 49 Cursos de Verano.<\/p>\n","protected":false},"author":9,"featured_media":0,"comment_status":"closed","ping_status":"open","sticky":false,"template":"","format":"standard","meta":{"_monsterinsights_skip_tracking":false,"_monsterinsights_sitenote_active":false,"_monsterinsights_sitenote_note":"","_monsterinsights_sitenote_category":0,"footnotes":""},"categories":[6],"tags":[23,772,22,491],"class_list":["post-4504004","post","type-post","status-publish","format-standard","hentry","category-institucional","tag-carmona","tag-ceade","tag-cursos-de-verano","tag-upo"],"_links":{"self":[{"href":"https:\/\/www.upo.es\/diario\/wp-json\/wp\/v2\/posts\/4504004","targetHints":{"allow":["GET"]}}],"collection":[{"href":"https:\/\/www.upo.es\/diario\/wp-json\/wp\/v2\/posts"}],"about":[{"href":"https:\/\/www.upo.es\/diario\/wp-json\/wp\/v2\/types\/post"}],"author":[{"embeddable":true,"href":"https:\/\/www.upo.es\/diario\/wp-json\/wp\/v2\/users\/9"}],"replies":[{"embeddable":true,"href":"https:\/\/www.upo.es\/diario\/wp-json\/wp\/v2\/comments?post=4504004"}],"version-history":[{"count":5,"href":"https:\/\/www.upo.es\/diario\/wp-json\/wp\/v2\/posts\/4504004\/revisions"}],"predecessor-version":[{"id":4519456,"href":"https:\/\/www.upo.es\/diario\/wp-json\/wp\/v2\/posts\/4504004\/revisions\/4519456"}],"wp:attachment":[{"href":"https:\/\/www.upo.es\/diario\/wp-json\/wp\/v2\/media?parent=4504004"}],"wp:term":[{"taxonomy":"category","embeddable":true,"href":"https:\/\/www.upo.es\/diario\/wp-json\/wp\/v2\/categories?post=4504004"},{"taxonomy":"post_tag","embeddable":true,"href":"https:\/\/www.upo.es\/diario\/wp-json\/wp\/v2\/tags?post=4504004"}],"curies":[{"name":"wp","href":"https:\/\/api.w.org\/{rel}","templated":true}]}}