{"id":4519458,"date":"2014-06-27T13:16:12","date_gmt":"2014-06-27T13:16:12","guid":{"rendered":"https:\/\/www.upo.es\/diario\/?p=4519458"},"modified":"2014-07-02T11:13:36","modified_gmt":"2014-07-02T11:13:36","slug":"mas-de-mil-estudiantes-han-finalizado-sus-estudios-oficiales-de-master-en-la-universidad-pablo-de-olavide","status":"publish","type":"post","link":"https:\/\/www.upo.es\/diario\/institucional\/2014\/06\/mas-de-mil-estudiantes-han-finalizado-sus-estudios-oficiales-de-master-en-la-universidad-pablo-de-olavide\/","title":{"rendered":"M\u00e1s de mil estudiantes han finalizado sus estudios oficiales de M\u00e1ster en la Universidad Pablo de Olavide"},"content":{"rendered":"<figure id=\"attachment_4519463\" aria-describedby=\"caption-attachment-4519463\" style=\"width: 320px\" class=\"wp-caption alignright\"><a href=\"https:\/\/www.upo.es\/diario\/wp-content\/uploads\/2014\/06\/clausumaster2014.jpg\"><img loading=\"lazy\" decoding=\"async\" class=\"size-medium wp-image-4519463\" alt=\"M\u00e1s de 1.000 estudiantes han finalizado sus estudios de m\u00e1ster universitario en la UPO\" src=\"https:\/\/www.upo.es\/diario\/wp-content\/uploads\/2014\/06\/clausumaster2014-320x213.jpg\" width=\"320\" height=\"213\" srcset=\"https:\/\/www.upo.es\/diario\/wp-content\/uploads\/2014\/06\/clausumaster2014-320x213.jpg 320w, https:\/\/www.upo.es\/diario\/wp-content\/uploads\/2014\/06\/clausumaster2014-1024x682.jpg 1024w, https:\/\/www.upo.es\/diario\/wp-content\/uploads\/2014\/06\/clausumaster2014-600x400.jpg 600w\" sizes=\"auto, (max-width: 320px) 100vw, 320px\" \/><\/a><figcaption id=\"caption-attachment-4519463\" class=\"wp-caption-text\">M\u00e1s de 1.000 estudiantes han finalizado sus estudios de m\u00e1ster universitario en la UPO<\/figcaption><\/figure>\n<p style=\"text-align: justify;\">La Universidad Pablo de Olavide ha acogido hoy viernes, 27 de junio, el acto de clausura de los programas de m\u00e1ster universitario de la UPO del curso acad\u00e9mico 2013\/2014, que ha estado presidido por el vicerrector de Postgrado, Formaci\u00f3n Permanente y Empleo, Miguel \u00c1ngel Gual Font. Junto con la vicerrectora de Internacionalizaci\u00f3n y Comunicaci\u00f3n de la UPO, Pilar Rodr\u00edguez Reina, la vicerrectora de Ordenaci\u00f3n Acad\u00e9mica de la UNIA, Mar\u00eda Dolores Oliver Alfonso, y, en representaci\u00f3n de los programas, el director y la alumna del M\u00e1ster Universitario en \u201cBiotecnolog\u00eda Sanitaria\u201d, Antonio Jes\u00fas P\u00e9rez Pulido y Roc\u00edo C\u00e1novas Mart\u00ednez, han impuesto las becas a losestudiantes que han finalizado sus estudios.<\/p>\n<figure id=\"attachment_4519469\" aria-describedby=\"caption-attachment-4519469\" style=\"width: 320px\" class=\"wp-caption alignright\"><a href=\"https:\/\/www.upo.es\/diario\/wp-content\/uploads\/2014\/06\/clausumaster20141.jpg\"><img loading=\"lazy\" decoding=\"async\" class=\"size-medium wp-image-4519469\" alt=\"Acto de clausura de los programas de m\u00e1ster universitario de la UPO del curso acad\u00e9mico 2013\/2014\" src=\"https:\/\/www.upo.es\/diario\/wp-content\/uploads\/2014\/06\/clausumaster20141-320x213.jpg\" width=\"320\" height=\"213\" srcset=\"https:\/\/www.upo.es\/diario\/wp-content\/uploads\/2014\/06\/clausumaster20141-320x213.jpg 320w, https:\/\/www.upo.es\/diario\/wp-content\/uploads\/2014\/06\/clausumaster20141-1024x682.jpg 1024w, https:\/\/www.upo.es\/diario\/wp-content\/uploads\/2014\/06\/clausumaster20141-600x400.jpg 600w\" sizes=\"auto, (max-width: 320px) 100vw, 320px\" \/><\/a><figcaption id=\"caption-attachment-4519469\" class=\"wp-caption-text\">Acto de clausura de los programas de m\u00e1ster universitario de la UPO del curso acad\u00e9mico 2013\/2014<\/figcaption><\/figure>\n<p style=\"text-align: justify;\">El rector de la UPO, Vicente Guzm\u00e1n, no ha podido estar presente en la ceremonia, por lo que se ha proyectado un saluda en el que ha querido trasladar a los estudiantes que finalizan sus estudios de m\u00e1ster su agradecimiento por la confianza y continuidad de su formaci\u00f3n en la Olavide. Asimismo, ha destacado los esfuerzos de la universidad \u201cpara lograr que las pol\u00edticas de becas sean m\u00e1s asequibles\u201d y \u201cfacilitar el acceso a los estudios de postgrado en t\u00e9rminos de igualdad de oportunidades\u201d, as\u00ed como \u201cseguir trabajando en la oferta de postgrados para adaptarla a las necesidades del mercado y de la sociedad\u201d. Por su parte, el vicerrector de Postgrado, Formaci\u00f3n Permanente y Empleo, Miguel \u00c1ngel Gual, tambi\u00e9n ha resaltado \u201cla importancia de la transferencia de conocimiento tanto de profesores como de investigadores en nuestro programas de postgrado\u201d.<\/p>\n<p style=\"text-align: justify;\">Este curso, m\u00e1s de 1.000 estudiantes han finalizado sus estudios de m\u00e1ster universitario en la Universidad Pablo de Olavide. Al acto, celebrado en el Paraninfo, han asistido un total de 345 estudiantes, as\u00ed como miembros de la comisi\u00f3n acad\u00e9mica de los programas de m\u00e1ster universitario que hoy se han clausurado.<\/p>\n<p style=\"text-align: justify;\">La Universidad Pablo de Olavide imparti\u00f3 durante el curso 2013\/14 un total de 39 m\u00e1steres universitarios, de los que 3 se han editado por primera vez, que cursaron m\u00e1s de mil estudiantes matriculados. De esta manera, la UPO apuesta por consolidar una oferta que combina, por un lado, el perfil profesional en buena parte de sus postgrados y, por otro lado, la formaci\u00f3n de sus estudiantes cara al desarrollo de la investigaci\u00f3n, y que destaca por su calidad y su grado de internacionalizaci\u00f3n.<\/p>\n<p style=\"text-align: justify;\">Los tres nuevos m\u00e1steres universitarios impartidos fueron \u201cAbogac\u00eda\u201d, \u201cDiagn\u00f3stico del Estado de Conservaci\u00f3n del Patrimonio Hist\u00f3rico\u201d y \u201cConsultor\u00eda y Auditor\u00eda Laboral\u201d, y los 36 m\u00e1steres oficiales que se reeditaron este curso pueden consultarse en la p\u00e1gina web del Centro de Estudios Oficiales de Postgrado, <a href=\"http:\/\/www.upo.es\/postgrado\">www.upo.es\/postgrado<\/a>.<\/p>\n<p style=\"text-align: justify;\">Las titulaciones oficiales de postgrado son gestionadas por el Centro de Estudios de Postgrado de la Universidad Pablo de Olavide, que organiza toda la oferta de m\u00e1steres y doctorados oficiales impartidos por esta universidad p\u00fablica sevillana, con el fin de dar una respuesta \u00e1gil y participativa a las demandas emergentes de la sociedad y al Espacio Europeo de Educaci\u00f3n Superior.<\/p>\n<p style=\"text-align: justify;\">El Centro de Estudios de Postgrado de la UPO fomenta la movilidad del alumnado y del profesorado e impulsa un programa propio de becas, en una apuesta de la universidad por consolidar la internacionalizaci\u00f3n de los programas de postgrado de la Olavide y convertir a esta universidad en un referente internacional en estos estudios de postgrado.<\/p>\n<p><iframe loading=\"lazy\" src=\"\/\/www.youtube.com\/embed\/_nWcUQDWS2U?list=PLAAF8310ABFE18809\" height=\"349\" width=\"620\" allowfullscreen=\"\" frameborder=\"0\"><\/iframe><\/p>\n","protected":false},"excerpt":{"rendered":"<p>La Universidad Pablo de Olavide ha acogido  el acto de clausura de los programas de m\u00e1ster universitario de la UPO del curso acad\u00e9mico 2013\/2014, que ha estado presidido por el vicerrector de Postgrado, Formaci\u00f3n Permanente y Empleo, Miguel \u00c1ngel Gual Font. Este curso, m\u00e1s de 1.000 estudiantes han finalizado sus estudios de m\u00e1ster universitario en la Universidad Pablo de Olavide.<\/p>\n","protected":false},"author":4,"featured_media":0,"comment_status":"closed","ping_status":"open","sticky":false,"template":"","format":"standard","meta":{"_monsterinsights_skip_tracking":false,"_monsterinsights_sitenote_active":false,"_monsterinsights_sitenote_note":"","_monsterinsights_sitenote_category":0,"footnotes":""},"categories":[6],"tags":[614,463,21,1577,82],"class_list":["post-4519458","post","type-post","status-publish","format-standard","hentry","category-institucional","tag-cedep","tag-clausura","tag-estudiantes","tag-master-universitario","tag-postgrado"],"_links":{"self":[{"href":"https:\/\/www.upo.es\/diario\/wp-json\/wp\/v2\/posts\/4519458","targetHints":{"allow":["GET"]}}],"collection":[{"href":"https:\/\/www.upo.es\/diario\/wp-json\/wp\/v2\/posts"}],"about":[{"href":"https:\/\/www.upo.es\/diario\/wp-json\/wp\/v2\/types\/post"}],"author":[{"embeddable":true,"href":"https:\/\/www.upo.es\/diario\/wp-json\/wp\/v2\/users\/4"}],"replies":[{"embeddable":true,"href":"https:\/\/www.upo.es\/diario\/wp-json\/wp\/v2\/comments?post=4519458"}],"version-history":[{"count":4,"href":"https:\/\/www.upo.es\/diario\/wp-json\/wp\/v2\/posts\/4519458\/revisions"}],"predecessor-version":[{"id":4593416,"href":"https:\/\/www.upo.es\/diario\/wp-json\/wp\/v2\/posts\/4519458\/revisions\/4593416"}],"wp:attachment":[{"href":"https:\/\/www.upo.es\/diario\/wp-json\/wp\/v2\/media?parent=4519458"}],"wp:term":[{"taxonomy":"category","embeddable":true,"href":"https:\/\/www.upo.es\/diario\/wp-json\/wp\/v2\/categories?post=4519458"},{"taxonomy":"post_tag","embeddable":true,"href":"https:\/\/www.upo.es\/diario\/wp-json\/wp\/v2\/tags?post=4519458"}],"curies":[{"name":"wp","href":"https:\/\/api.w.org\/{rel}","templated":true}]}}