{"id":4579234,"date":"2014-07-02T05:11:15","date_gmt":"2014-07-02T05:11:15","guid":{"rendered":"https:\/\/www.upo.es\/diario\/?p=4579234"},"modified":"2014-07-02T07:39:49","modified_gmt":"2014-07-02T07:39:49","slug":"el-alcazar-de-la-puerta-de-sevilla-acoge-manana-a-las-2130-horas-la-representacion-de-las-troyanas-de-euripides","status":"publish","type":"post","link":"https:\/\/www.upo.es\/diario\/cultura\/2014\/07\/el-alcazar-de-la-puerta-de-sevilla-acoge-manana-a-las-2130-horas-la-representacion-de-las-troyanas-de-euripides\/","title":{"rendered":"El Alc\u00e1zar de la Puerta de Sevilla acoge hoy a las 21,30 horas la representaci\u00f3n de \u2018Las Troyanas\u2019, de Eur\u00edpides"},"content":{"rendered":"<figure id=\"attachment_4579236\" aria-describedby=\"caption-attachment-4579236\" style=\"width: 227px\" class=\"wp-caption alignright\"><a href=\"https:\/\/www.upo.es\/diario\/wp-content\/uploads\/2014\/07\/cartel_troyanas.jpg\"><img loading=\"lazy\" decoding=\"async\" class=\"size-medium wp-image-4579236\" alt=\"Furor Bacchicus Teatro, est\u00e1 formada por estudiantes y profesores de la Facultad de Humanidades \" src=\"https:\/\/www.upo.es\/diario\/wp-content\/uploads\/2014\/07\/cartel_troyanas-227x320.jpg\" width=\"227\" height=\"320\" srcset=\"https:\/\/www.upo.es\/diario\/wp-content\/uploads\/2014\/07\/cartel_troyanas-227x320.jpg 227w, https:\/\/www.upo.es\/diario\/wp-content\/uploads\/2014\/07\/cartel_troyanas-426x600.jpg 426w, https:\/\/www.upo.es\/diario\/wp-content\/uploads\/2014\/07\/cartel_troyanas-600x843.jpg 600w, https:\/\/www.upo.es\/diario\/wp-content\/uploads\/2014\/07\/cartel_troyanas.jpg 1260w\" sizes=\"auto, (max-width: 227px) 100vw, 227px\" \/><\/a><figcaption id=\"caption-attachment-4579236\" class=\"wp-caption-text\">Furor Bacchicus Teatro, est\u00e1 formada por estudiantes y profesores de la Facultad de Humanidades<\/figcaption><\/figure>\n<p>El Alc\u00e1zar de la Puerta de Sevilla de la localidad de Carmona (Alc\u00e1zar de la Puerta de Sevilla, s\/n) acoge hoy, a las 21,30 horas, la representaci\u00f3n de la obra<strong> \u2018Las Troyanas\u2019, de Eur\u00edpides<\/strong>, poeta tr\u00e1gico griego.<\/p>\n<p>Dicha obra correr\u00e1 a cargo de la compa\u00f1\u00eda <strong>Furor Bacchicus Teatro, grupo de teatro grecolatino formado por estudiantes y profesores de la Facultad de Humanidades<\/strong> de la UPO. Este evento est\u00e1 incluido dentro de la agenda del verano cultural 2014, organizado por la sede de la Universidad Pablo de Olavide en Carmona y la Delegaci\u00f3n de Cultura y de Patrimonio Hist\u00f3rico y Turismo del Ayuntamiento de Carmona.<\/p>\n<p>Furor Bacchicus Teatro nace en 2012 con el objetivo de explorar y difundir el teatro grecolatino y, con ello, reivindicar la cultura y los saberes human\u00edsticos. Est\u00e1 formada por m\u00e1s de 40 alumnos de los Grados en Humanidades, Geograf\u00eda e Historia, Traducci\u00f3n e Interpretaci\u00f3n y Doble Grado en Humanidades y Traducci\u00f3n e Interpretaci\u00f3n, con la colaboraci\u00f3n del \u00c1rea de Filolog\u00eda Latina y coordinados por las profesoras Rosario Moreno y Mercedes de la Torre.<\/p>\n<p><b>Argumento<\/b><\/p>\n<p>En una ciudad arrasada por la guerra, las mujeres troyanas, tras haberlo perdido todo, se enfrentan a un terrible destino: Ser llevadas como esclavas de los vencedores. Pero en una guerra nadie gana, y se intuyen las desgracias que esperan a los victoriosos griegos en el regreso a sus hogares, anticipadas en las palabras de los dioses y en frenes\u00ed de la sacerdotisa Casandra, despojada de su virginidad sagrada.<\/p>\n<p>Andr\u00f3maca, que ha perdido a su esposo H\u00e9ctor, ha de soportar tambi\u00e9n la p\u00e9rdida de su hijo. Horribles consecuencias de una guerra sin causa, como se desvela en el encuentro de Menelao y Helena. La obra es un hermoso canto polif\u00f3nico dirigido por la anciana reina de Troya, H\u00e9cuba, un desgarrador lamento que nos sigue conmoviendo hasta lo m\u00e1s hondo, porque en muchos lugares de nuestro mundo globalizado, dos mil quinientos a\u00f1os despu\u00e9s de la composici\u00f3n de \u201cLas troyanas\u201d, las mujeres siguen siendo v\u00edctimas de guerras violentas y sin sentido.<\/p>\n<p><b>La entrada a dicha obra es gratu\u00edta hasta completar aforo.<\/b><\/p>\n","protected":false},"excerpt":{"rendered":"<p>El Alc\u00e1zar de la Puerta de Sevilla de la localidad de Carmona acoge hoy a las 21,30 horas la representaci\u00f3n de la obra \u2018Las Troyanas\u2019, de Eur\u00edpides, poeta tr\u00e1gico griego. La entrada es gratu\u00edta hasta completar aforo.<\/p>\n","protected":false},"author":6,"featured_media":0,"comment_status":"closed","ping_status":"open","sticky":false,"template":"","format":"standard","meta":{"_monsterinsights_skip_tracking":false,"_monsterinsights_sitenote_active":false,"_monsterinsights_sitenote_note":"","_monsterinsights_sitenote_category":0,"footnotes":""},"categories":[7],"tags":[23,21,96,1510,401,519,199,95],"class_list":["post-4579234","post","type-post","status-publish","format-standard","hentry","category-cultura","tag-carmona","tag-estudiantes","tag-facultad-de-humanidades","tag-furor-bacchicus-teatro","tag-literatura","tag-olavide-en-carmona","tag-profesorado","tag-teatro"],"_links":{"self":[{"href":"https:\/\/www.upo.es\/diario\/wp-json\/wp\/v2\/posts\/4579234","targetHints":{"allow":["GET"]}}],"collection":[{"href":"https:\/\/www.upo.es\/diario\/wp-json\/wp\/v2\/posts"}],"about":[{"href":"https:\/\/www.upo.es\/diario\/wp-json\/wp\/v2\/types\/post"}],"author":[{"embeddable":true,"href":"https:\/\/www.upo.es\/diario\/wp-json\/wp\/v2\/users\/6"}],"replies":[{"embeddable":true,"href":"https:\/\/www.upo.es\/diario\/wp-json\/wp\/v2\/comments?post=4579234"}],"version-history":[{"count":4,"href":"https:\/\/www.upo.es\/diario\/wp-json\/wp\/v2\/posts\/4579234\/revisions"}],"predecessor-version":[{"id":4590933,"href":"https:\/\/www.upo.es\/diario\/wp-json\/wp\/v2\/posts\/4579234\/revisions\/4590933"}],"wp:attachment":[{"href":"https:\/\/www.upo.es\/diario\/wp-json\/wp\/v2\/media?parent=4579234"}],"wp:term":[{"taxonomy":"category","embeddable":true,"href":"https:\/\/www.upo.es\/diario\/wp-json\/wp\/v2\/categories?post=4579234"},{"taxonomy":"post_tag","embeddable":true,"href":"https:\/\/www.upo.es\/diario\/wp-json\/wp\/v2\/tags?post=4579234"}],"curies":[{"name":"wp","href":"https:\/\/api.w.org\/{rel}","templated":true}]}}