{"id":458658,"date":"2013-02-08T11:06:11","date_gmt":"2013-02-08T11:06:11","guid":{"rendered":"https:\/\/www.upo.es\/diario\/?p=458658"},"modified":"2013-02-11T07:31:09","modified_gmt":"2013-02-11T07:31:09","slug":"las-jornadas-jerome-mintz-un-andaluz-de-indiana-reivindican-manana-la-obra-del-antropologo-norteamericano","status":"publish","type":"post","link":"https:\/\/www.upo.es\/diario\/cultura\/2013\/02\/las-jornadas-jerome-mintz-un-andaluz-de-indiana-reivindican-manana-la-obra-del-antropologo-norteamericano\/","title":{"rendered":"Las jornadas \u2018Jerome Mintz: un andaluz de Indiana\u2019 reivindican ma\u00f1ana la obra del antrop\u00f3logo norteamericano"},"content":{"rendered":"<figure id=\"attachment_458662\" aria-describedby=\"caption-attachment-458662\" style=\"width: 221px\" class=\"wp-caption alignright\"><a href=\"https:\/\/www.upo.es\/diario\/wp-content\/uploads\/2013\/02\/cartel_gorra_y_jornada_Mintz_2013.jpg\"><img loading=\"lazy\" decoding=\"async\" class=\"size-medium wp-image-458662\" alt=\"\u2018Jerome Mintz: un andaluz de Indiana\u2019, \" src=\"https:\/\/www.upo.es\/diario\/wp-content\/uploads\/2013\/02\/cartel_gorra_y_jornada_Mintz_2013-221x320.jpg\" width=\"221\" height=\"320\" srcset=\"https:\/\/www.upo.es\/diario\/wp-content\/uploads\/2013\/02\/cartel_gorra_y_jornada_Mintz_2013-221x320.jpg 221w, https:\/\/www.upo.es\/diario\/wp-content\/uploads\/2013\/02\/cartel_gorra_y_jornada_Mintz_2013-709x1024.jpg 709w, https:\/\/www.upo.es\/diario\/wp-content\/uploads\/2013\/02\/cartel_gorra_y_jornada_Mintz_2013-600x866.jpg 600w, https:\/\/www.upo.es\/diario\/wp-content\/uploads\/2013\/02\/cartel_gorra_y_jornada_Mintz_2013.jpg 1091w\" sizes=\"auto, (max-width: 221px) 100vw, 221px\" \/><\/a><figcaption id=\"caption-attachment-458662\" class=\"wp-caption-text\">Las Jornadas \u2018Jerome Mintz: un andaluz de Indiana\u2019 pretenden divulgar la obra del antrop\u00f3logo norteamericano<\/figcaption><\/figure>\n<p>Ma\u00f1ana s\u00e1bado 9 de enero tendr\u00e1 lugar, en la Casa de la Cultura de Benalup-Casas Viejas (C\u00e1diz), un acto de homenaje a la obra del antrop\u00f3logo norteamericano Jerome Mintz. Agust\u00edn Coca P\u00e9rez, profesor de Antropolog\u00eda Social de la Universidad Pablo de Olavide, ser\u00e1 el encargado de presentar, a \u00a0las 12 horas, acompa\u00f1ado de la alcaldesa Amalia Romero, las Jornadas <b>\u2018Jerome Mintz: un andaluz de Indiana\u2019<\/b>, primero de una serie de actos con los que el Colectivo de Cultura Andaluza y la Asociaci\u00f3n Amigos de Jerome Mintz quieren dar a conocer en Andaluc\u00eda su obra escrita, fotogr\u00e1fica y documental.<\/p>\n<p>Tras la presentaci\u00f3n de las Jornadas tendr\u00e1 lugar la mesa redonda <b>\u2018Memoria: ayer y hoy\u2019<\/b>, coordinada por el historiador y experto en anarquismo Jos\u00e9 Luis Guti\u00e9rrez Molina. Intervendr\u00e1n Carla Mintz, hija de Jerome Mintz; Cecilio Gordillo, coordinador del Grupo \u201cRecuperando la Memoria de la Historia Social de Andaluc\u00eda\u201d; \u00c1ngel del R\u00edo S\u00e1nchez, antrop\u00f3logo; y Salustiano Guti\u00e9rrez, de la Asociaci\u00f3n de Amigos de Jerome Mintz.<\/p>\n<p>Jerome Mintz, nacido en Nueva York en 1930, est\u00e1 considerado el autor que mejor ha relatado los sucesos de Casas Viejas de 1933. En su libro <b>\u2018Los Anarquistas de Casas Viejas\u2019<\/b>, cuyo valor y originalidad reside en el uso de fuentes orales, rechaza los mitos e ideas preconcebidas sobre los hechos. Precisamente, el acto de homenaje comenzar\u00e1 a las 11.30 horas con la entrega del <b>IV Galard\u00f3n \u2018La gorra de Mintz\u2019<\/b>, a los familiares de los informantes que contribuyeron con su testimonio a la obra fundamental del antrop\u00f3logo.<\/p>\n<p>La jornada de homenaje pretende tambi\u00e9n divulgar la obra gr\u00e1fica de Mintz, con m\u00e1s de cinco mil fotograf\u00edas y seis documentales, donde se testimonia la vida cotidiana de los jornaleros, rancheros y artesanos de la comarca de la Janda. Concluir\u00e1 a las 14 horas con la inauguraci\u00f3n de la exposici\u00f3n de sus fotograf\u00edas \u2018Los ni\u00f1os hombres\u2019 que podr\u00e1 verse en Benalup-Casas Viejas hasta el 17 de febrero.<\/p>\n<p>En la Universidad Pablo de Olavide, que colabora en las Jornadas \u2018Jerome Mintz: un andaluz de Indiana\u2019 a trav\u00e9s del Plan Propio de Investigaci\u00f3n y del vicerrectorado de Cultura, Participaci\u00f3n y Compromiso Social, se celebrar\u00e1 pr\u00f3ximamente una mesa redonda que, bajo el t\u00edtulo \u2018Andaluc\u00eda jornalera: el campo, la tierra y la antropolog\u00eda\u2019, estar\u00e1 precedida del visionado de uno de sus documentales.<\/p>\n","protected":false},"excerpt":{"rendered":"<p>Jerome Mintz est\u00e1 considerado el autor que mejor ha relatado los sucesos de Casas Viejas de 1933. En su libro \u2018Los Anarquistas de Casas Viejas\u2019, cuyo valor y originalidad reside en el uso de fuentes orales, rechaza los mitos e ideas preconcebidas sobre los hechos. Precisamente, el acto de homenaje comenzar\u00e1 a las 11.30 horas con la entrega del IV Galard\u00f3n \u2018La gorra de Mintz\u2019, a los familiares de los informantes que contribuyeron con su testimonio a la obra fundamental del antrop\u00f3logo.<\/p>\n","protected":false},"author":1,"featured_media":0,"comment_status":"closed","ping_status":"open","sticky":false,"template":"","format":"standard","meta":{"_monsterinsights_skip_tracking":false,"_monsterinsights_sitenote_active":false,"_monsterinsights_sitenote_note":"","_monsterinsights_sitenote_category":0,"footnotes":""},"categories":[7],"tags":[223,220,222,60,150,84,221],"class_list":["post-458658","post","type-post","status-publish","format-standard","hentry","category-cultura","tag-anarquismo","tag-antroplogia","tag-documental","tag-fotografia","tag-historia","tag-jornadas","tag-mesa-redonda"],"_links":{"self":[{"href":"https:\/\/www.upo.es\/diario\/wp-json\/wp\/v2\/posts\/458658","targetHints":{"allow":["GET"]}}],"collection":[{"href":"https:\/\/www.upo.es\/diario\/wp-json\/wp\/v2\/posts"}],"about":[{"href":"https:\/\/www.upo.es\/diario\/wp-json\/wp\/v2\/types\/post"}],"author":[{"embeddable":true,"href":"https:\/\/www.upo.es\/diario\/wp-json\/wp\/v2\/users\/1"}],"replies":[{"embeddable":true,"href":"https:\/\/www.upo.es\/diario\/wp-json\/wp\/v2\/comments?post=458658"}],"version-history":[{"count":6,"href":"https:\/\/www.upo.es\/diario\/wp-json\/wp\/v2\/posts\/458658\/revisions"}],"predecessor-version":[{"id":458666,"href":"https:\/\/www.upo.es\/diario\/wp-json\/wp\/v2\/posts\/458658\/revisions\/458666"}],"wp:attachment":[{"href":"https:\/\/www.upo.es\/diario\/wp-json\/wp\/v2\/media?parent=458658"}],"wp:term":[{"taxonomy":"category","embeddable":true,"href":"https:\/\/www.upo.es\/diario\/wp-json\/wp\/v2\/categories?post=458658"},{"taxonomy":"post_tag","embeddable":true,"href":"https:\/\/www.upo.es\/diario\/wp-json\/wp\/v2\/tags?post=458658"}],"curies":[{"name":"wp","href":"https:\/\/api.w.org\/{rel}","templated":true}]}}