{"id":4594039,"date":"2014-07-02T12:08:46","date_gmt":"2014-07-02T12:08:46","guid":{"rendered":"https:\/\/www.upo.es\/diario\/?p=4594039"},"modified":"2014-07-03T12:30:55","modified_gmt":"2014-07-03T12:30:55","slug":"mediadores-de-la-upo-en-la-puesta-en-marcha-del-servicio-de-mediacion-intrajudicial-en-juzgados-de-familia-de-sevilla","status":"publish","type":"post","link":"https:\/\/www.upo.es\/diario\/institucional\/2014\/07\/mediadores-de-la-upo-en-la-puesta-en-marcha-del-servicio-de-mediacion-intrajudicial-en-juzgados-de-familia-de-sevilla\/","title":{"rendered":"Mediadores de la UPO, en la puesta en marcha del servicio de Mediaci\u00f3n Intrajudicial en Juzgados de Familia de Sevilla"},"content":{"rendered":"<figure id=\"attachment_4594040\" aria-describedby=\"caption-attachment-4594040\" style=\"width: 320px\" class=\"wp-caption alignright\"><a href=\"https:\/\/www.upo.es\/diario\/wp-content\/uploads\/2014\/07\/mediadores.jpg\"><img loading=\"lazy\" decoding=\"async\" class=\"size-medium wp-image-4594040 \" alt=\"La Escuela cuenta con un equipo de profesionales de la mediaci\u00f3n con experiencia en asuntos de familia \" src=\"https:\/\/www.upo.es\/diario\/wp-content\/uploads\/2014\/07\/mediadores-320x240.jpg\" width=\"320\" height=\"240\" srcset=\"https:\/\/www.upo.es\/diario\/wp-content\/uploads\/2014\/07\/mediadores-320x240.jpg 320w, https:\/\/www.upo.es\/diario\/wp-content\/uploads\/2014\/07\/mediadores-600x450.jpg 600w, https:\/\/www.upo.es\/diario\/wp-content\/uploads\/2014\/07\/mediadores.jpg 800w\" sizes=\"auto, (max-width: 320px) 100vw, 320px\" \/><\/a><figcaption id=\"caption-attachment-4594040\" class=\"wp-caption-text\">La Escuela cuenta con un equipo de profesionales de la mediaci\u00f3n con experiencia en asuntos de familia<\/figcaption><\/figure>\n<p>La <strong>Escuela Sevillana de Mediaci\u00f3n<\/strong>, presidida por el abogado y profesor de la Universidad Pablo de Olavide Javier Al\u00e9s, presta <strong>Servicio de Mediaci\u00f3n Intrajudicial en procesos de familia en los Juzgados n\u00fameros 6, 7 y 23 de Primera Instancia de Sevilla<\/strong>, como programa piloto nacido para dar cumplimiento a lo previsto en la Ley de Enjuiciamiento Civil y al amparo de la Ley 5\/2012 de mediaci\u00f3n en asuntos civiles y mercantiles.<\/p>\n<p>Inicialmente, se ofrece este Servicio de Mediaci\u00f3n en los procesos de estos tres Juzgados de Familia y que el juez\/a considere susceptible de mediaci\u00f3n.<\/p>\n<p>El Juzgado facilita informaci\u00f3n sobre este servicio mediante un folleto informativo que se adjunta con la primera citaci\u00f3n personal del Juzgado a las partes y si fuese por medio de procurador\/a, con indicaci\u00f3n a \u00e9ste que deber\u00e1 hacer llegar a la misma a su representado\/a.<\/p>\n<p>La invitaci\u00f3n por el juez\/a de familia a las partes para que asistan a la primera sesi\u00f3n informativa sobre mediaci\u00f3n, prevista en la Ley de Enjuiciamiento Civil, se realiza de forma que las partes comprendan las ventajas de la mediaci\u00f3n, requiriendo de las partes, correlativamente, que la decisi\u00f3n que adopten, especialmente en el caso de ser negativa, se explicite y razone suficientemente, tal y como establece la ley.<\/p>\n<p>Este programa aprobado por la Junta de Jueces de Familia de Sevilla permitir\u00e1 a la Escuela Sevillana de Mediaci\u00f3n promover la inserci\u00f3n de la mediaci\u00f3n en el campo de la resoluci\u00f3n de conflictos en Sevilla. La Escuela cuenta con un equipo de profesionales de la mediaci\u00f3n con experiencia en asuntos de familia (Beatriz Miguel, Eva Fuentes, Marisa Serrano y Teresa Fidalgo) que realiza una primera sesi\u00f3n en la que informan a las partes de las ventajas de obtener un acuerdo mediado frente a la continuaci\u00f3n del proceso contencioso. En tan s\u00f3lo un mes de vigencia del programa, ya se han atendido m\u00e1s 30 casos.<\/p>\n<p>Este programa supone un esfuerzo m\u00e1s del Curso de Especialista en Mediaci\u00f3n por acercar los sevillanos la cultura de la mediaci\u00f3n donde un minuto hablando puede resolver toda una vida.<\/p>\n<p>&nbsp;<\/p>\n","protected":false},"excerpt":{"rendered":"<p>La Escuela Sevillana de Mediaci\u00f3n, presidida por el abogado y profesor de la Universidad Pablo de Olavide Javier Al\u00e9s, presta Servicio de Mediaci\u00f3n Intrajudicial en procesos de familia en los Juzgados n\u00fameros 6, 7 y 23 de Primera Instancia de Sevilla, como programa piloto nacido para dar cumplimiento a lo previsto en la Ley de Enjuiciamiento Civil y al amparo de la Ley 5\/2012 de mediaci\u00f3n en asuntos civiles y mercantiles.<\/p>\n","protected":false},"author":6,"featured_media":0,"comment_status":"closed","ping_status":"open","sticky":false,"template":"","format":"standard","meta":{"_monsterinsights_skip_tracking":false,"_monsterinsights_sitenote_active":false,"_monsterinsights_sitenote_note":"","_monsterinsights_sitenote_category":0,"footnotes":""},"categories":[6],"tags":[505,820,777,613,157,161],"class_list":["post-4594039","post","type-post","status-publish","format-standard","hentry","category-institucional","tag-escuela","tag-familia","tag-javier-ales","tag-justicia","tag-mediacion","tag-sevilla"],"_links":{"self":[{"href":"https:\/\/www.upo.es\/diario\/wp-json\/wp\/v2\/posts\/4594039","targetHints":{"allow":["GET"]}}],"collection":[{"href":"https:\/\/www.upo.es\/diario\/wp-json\/wp\/v2\/posts"}],"about":[{"href":"https:\/\/www.upo.es\/diario\/wp-json\/wp\/v2\/types\/post"}],"author":[{"embeddable":true,"href":"https:\/\/www.upo.es\/diario\/wp-json\/wp\/v2\/users\/6"}],"replies":[{"embeddable":true,"href":"https:\/\/www.upo.es\/diario\/wp-json\/wp\/v2\/comments?post=4594039"}],"version-history":[{"count":4,"href":"https:\/\/www.upo.es\/diario\/wp-json\/wp\/v2\/posts\/4594039\/revisions"}],"predecessor-version":[{"id":4608923,"href":"https:\/\/www.upo.es\/diario\/wp-json\/wp\/v2\/posts\/4594039\/revisions\/4608923"}],"wp:attachment":[{"href":"https:\/\/www.upo.es\/diario\/wp-json\/wp\/v2\/media?parent=4594039"}],"wp:term":[{"taxonomy":"category","embeddable":true,"href":"https:\/\/www.upo.es\/diario\/wp-json\/wp\/v2\/categories?post=4594039"},{"taxonomy":"post_tag","embeddable":true,"href":"https:\/\/www.upo.es\/diario\/wp-json\/wp\/v2\/tags?post=4594039"}],"curies":[{"name":"wp","href":"https:\/\/api.w.org\/{rel}","templated":true}]}}