{"id":4683985,"date":"2014-07-08T08:26:16","date_gmt":"2014-07-08T08:26:16","guid":{"rendered":"https:\/\/www.upo.es\/diario\/?p=4683985"},"modified":"2014-07-08T08:26:16","modified_gmt":"2014-07-08T08:26:16","slug":"juan-bonilla-nunca-me-he-enfrentado-al-vacio-de-un-folio-en-blanco-a-la-hora-de-sentarme-a-escribir","status":"publish","type":"post","link":"https:\/\/www.upo.es\/diario\/cursos-verano\/2014\/07\/juan-bonilla-nunca-me-he-enfrentado-al-vacio-de-un-folio-en-blanco-a-la-hora-de-sentarme-a-escribir\/","title":{"rendered":"Juan Bonilla: \u201cNunca me he enfrentado al vac\u00edo de un folio en blanco a la hora de sentarme a escribir\u201d"},"content":{"rendered":"<figure id=\"attachment_4683986\" aria-describedby=\"caption-attachment-4683986\" style=\"width: 320px\" class=\"wp-caption alignright\"><a href=\"https:\/\/www.upo.es\/diario\/wp-content\/uploads\/2014\/07\/Juan-Bonilla2.jpg\"><img loading=\"lazy\" decoding=\"async\" class=\"size-medium wp-image-4683986\" alt=\"Juan Bonilla, escritor y director editorial de Zut ediciones\" src=\"https:\/\/www.upo.es\/diario\/wp-content\/uploads\/2014\/07\/Juan-Bonilla2-320x208.jpg\" width=\"320\" height=\"208\" srcset=\"https:\/\/www.upo.es\/diario\/wp-content\/uploads\/2014\/07\/Juan-Bonilla2-320x208.jpg 320w, https:\/\/www.upo.es\/diario\/wp-content\/uploads\/2014\/07\/Juan-Bonilla2-600x390.jpg 600w, https:\/\/www.upo.es\/diario\/wp-content\/uploads\/2014\/07\/Juan-Bonilla2.jpg 1009w\" sizes=\"auto, (max-width: 320px) 100vw, 320px\" \/><\/a><figcaption id=\"caption-attachment-4683986\" class=\"wp-caption-text\">Juan Bonilla, escritor y director editorial de Zut ediciones<\/figcaption><\/figure>\n<p>El escritor <strong>Juan Bonilla, director editorial de Zut ediciones<\/strong>, ha declarado hoy que nunca se ha enfrentado al vac\u00edo de un folio en blanco, puesto que s\u00f3lo se sienta a escribir si previamente ha pensado qu\u00e9 va a decir y c\u00f3mo. \u201cDe todas maneras, lo de los bloqueos creativos tiene mucho de leyenda: Hay d\u00edas mejores y d\u00edas peores, pero los bloqueos se arreglan con paciencia\u201d.<\/p>\n<p>Bonilla ha hecho estas declaraciones durante la celebraci\u00f3n del curso \u201cDe la p\u00e1gina al estante: Traducci\u00f3n literaria y editorial ingl\u00e9s&gt;espa\u00f1ol. Teor\u00eda, pr\u00e1ctica, derechos y deberes. II edici\u00f3n\u201d, que se est\u00e1 desarrollando en la sede de la Universidad Pablo de Olavide en Carmona dentro del marco de los cursos de verano y en el que ha impartido la ponencia \u201cLa tarea de un editor literario\u201d.<\/p>\n<p>Este seminario, que concluye ma\u00f1ana, aborda cuestiones de car\u00e1cter interdisciplinar en los mercados de traducci\u00f3n literaria y editorial, adentr\u00e1ndose en aspectos de \u00edndole tanto acad\u00e9mica como laboral, de la mano de profesionales que llevan m\u00e1s de una d\u00e9cada trabajando en dichas \u00e1reas.<\/p>\n<p>Con respecto a la labor de un traductor literario, el escritor ha explicado durante su ponencia que consiste en poner en una lengua, con toda la exactitud posible, lo escrito en otra para crear el espejismo de que el libro que traduce fue escrito originalmente en la lengua a la que \u00e9l lo traduce.<\/p>\n<p>Otra tarea no menos importante es la del editor, que es quien finalmente decide la publicaci\u00f3n de una obra. En esa decisi\u00f3n influyen multitud de factores: \u201cEn cierta medida es como entrar en una pasteler\u00eda sabiendo que no te puedes comer todo lo que te apetece. Lo primero es que una obra te guste por su apuesta, su personalidad, por lo que sea. Lo segundo, ver si puedes conseguirla, comprando sus derechos, que su autor no tenga editorial\u2026 Lo tercero es calcular si podr\u00e1s venderla\u201d, seg\u00fan Bonilla.<\/p>\n<p>A la pregunta de si es m\u00e1s f\u00e1cil ser escritor hoy en d\u00eda gracias al acceso de las nuevas tecnolog\u00edas, es un asunto que dice desconocer. Sin embargo, lo que tiene claro es que hay m\u00e1s escritores que nunca, \u201clo que debe querer decir algo. Pero tambi\u00e9n hay m\u00e1s artistas, m\u00e1s fot\u00f3grafos, m\u00e1s cantantes, m\u00e1s humoristas, actores\u2026 m\u00e1s casi de todo. Lo que hace que las cosas sean m\u00e1s dif\u00edciles, claro\u201d.<\/p>\n<p>En la actualidad, estamos asistiendo a un empobrecimiento del lenguaje derivado del uso y abuso de las redes sociales. Sin embargo, no es la \u00fanica causa. \u201cLa quiebra del sistema educativo, el naufragio de las Humanidades, la p\u00e9rdida de valor de los \u2018conocimientos in\u00fatiles\u2019, por llamarlos de una forma muy incorrecta. Todo eso ayuda al empobrecimiento del lenguaje, que de todas maneras es siempre una herramienta que sirve a la sociedad en la que se desarrolla y a la vez un espejo de esa misma sociedad\u201d, puntualiza el escritor.<\/p>\n<p>Con respecto al estado de salud de la Literatura espa\u00f1ola, Juan Bonilla se muestra satisfecho. En su opini\u00f3n, conviven unas cuantas generaciones con el motor a toda mecha, produciendo much\u00edsimo, y en todas ellas hay unas cuantas cosas muy dignas de destacar, lo suficiente para que no tengamos complejos si nos comparamos con pa\u00edses como Francia, Inglaterra o Alemania.<\/p>\n<p>Dedicar su vida a la Literatura le ha aportado a Bonilla diferentes valores: \u201cLos mismos que a quien, queriendo ser jardinero, haya podido dedicarse a la jardiner\u00eda; es decir, la felicidad de poder dedicarte a lo que m\u00e1s te gusta. De todas maneras, no tengo la sensaci\u00f3n de dedicar mi vida a la Literatura, sino m\u00e1s bien de dedicarla a vivir y leer. Y de esa dedicaci\u00f3n sale mi literatura\u201d.<\/p>\n<p>\u00bfY qui\u00e9nes son los autores y obras favoritos de un escritor como Juan Bonilla? Pues much\u00edsimos. La prosa de Nabokov, los reportajes de Rebecca West, los poemas de Fernando Pessoa, el Cervantes de Don Quijote y las Novelas Ejemplares, los cuentos de Raymond Carver, Dorothy Parker, los poemas del peruano Alberto Hidalgo, C\u00e9sar Vallejo\u2026 entre otros.<\/p>\n<p>Este autor de obras tan conocidas como \u201cNadie conoce a nadie\u201d (1996), \u201cLos pr\u00edncipes nubios\u201d (2003) o \u201cProhibido entrar sin pantalones\u201d (2013) reconoce que hay un tema sobre el que todav\u00eda no ha escrito y le gustar\u00eda hacerlo: Su vida laboral. Fue redactor en Diario de Jerez, estuvo en los servicios informativos de Radio Am\u00e9rica en Sevilla, jefe de redacci\u00f3n de Ajoblanco en Barcelona, reportero en El Mundo\u2026 \u201cQuiz\u00e1 alg\u00fan d\u00eda escriba unas divertidas memorias sobre todo esto\u201d, concluye.<\/p>\n","protected":false},"excerpt":{"rendered":"<p>El escritor, autor de obras tan conocidas como \u201cNadie conoce a nadie\u201d, asegura que en la Literatura espa\u00f1ola actual conviven unas cuantas generaciones con el motor a toda mecha<\/p>\n","protected":false},"author":6,"featured_media":4683987,"comment_status":"closed","ping_status":"open","sticky":false,"template":"","format":"standard","meta":{"_monsterinsights_skip_tracking":false,"_monsterinsights_sitenote_active":false,"_monsterinsights_sitenote_note":"","_monsterinsights_sitenote_category":0,"footnotes":""},"categories":[729],"tags":[23,22,401,519],"class_list":["post-4683985","post","type-post","status-publish","format-standard","has-post-thumbnail","hentry","category-cursos-verano","tag-carmona","tag-cursos-de-verano","tag-literatura","tag-olavide-en-carmona"],"_links":{"self":[{"href":"https:\/\/www.upo.es\/diario\/wp-json\/wp\/v2\/posts\/4683985","targetHints":{"allow":["GET"]}}],"collection":[{"href":"https:\/\/www.upo.es\/diario\/wp-json\/wp\/v2\/posts"}],"about":[{"href":"https:\/\/www.upo.es\/diario\/wp-json\/wp\/v2\/types\/post"}],"author":[{"embeddable":true,"href":"https:\/\/www.upo.es\/diario\/wp-json\/wp\/v2\/users\/6"}],"replies":[{"embeddable":true,"href":"https:\/\/www.upo.es\/diario\/wp-json\/wp\/v2\/comments?post=4683985"}],"version-history":[{"count":2,"href":"https:\/\/www.upo.es\/diario\/wp-json\/wp\/v2\/posts\/4683985\/revisions"}],"predecessor-version":[{"id":4683989,"href":"https:\/\/www.upo.es\/diario\/wp-json\/wp\/v2\/posts\/4683985\/revisions\/4683989"}],"wp:featuredmedia":[{"embeddable":true,"href":"https:\/\/www.upo.es\/diario\/wp-json\/wp\/v2\/media\/4683987"}],"wp:attachment":[{"href":"https:\/\/www.upo.es\/diario\/wp-json\/wp\/v2\/media?parent=4683985"}],"wp:term":[{"taxonomy":"category","embeddable":true,"href":"https:\/\/www.upo.es\/diario\/wp-json\/wp\/v2\/categories?post=4683985"},{"taxonomy":"post_tag","embeddable":true,"href":"https:\/\/www.upo.es\/diario\/wp-json\/wp\/v2\/tags?post=4683985"}],"curies":[{"name":"wp","href":"https:\/\/api.w.org\/{rel}","templated":true}]}}