{"id":4700776,"date":"2014-07-10T01:01:08","date_gmt":"2014-07-10T01:01:08","guid":{"rendered":"https:\/\/www.upo.es\/diario\/?p=4700776"},"modified":"2014-07-10T07:37:16","modified_gmt":"2014-07-10T07:37:16","slug":"manana-ceremonia-de-egresados-de-la-primera-promocion-del-grado-en-ingenieria-informatica","status":"publish","type":"post","link":"https:\/\/www.upo.es\/diario\/institucional\/2014\/07\/manana-ceremonia-de-egresados-de-la-primera-promocion-del-grado-en-ingenieria-informatica\/","title":{"rendered":"Hoy, Ceremonia de Egresados de la primera promoci\u00f3n del grado en Ingenier\u00eda Inform\u00e1tica"},"content":{"rendered":"<p>La Universidad Pablo de Olavide celebra hoy <strong>jueves 10 de julio, a las 19 horas en el Paraninfo<\/strong>, la<strong> Ceremonia de Egresados de la primera promoci\u00f3n (2010\/2014) del grado en Ingenier\u00eda Inform\u00e1tica de Sistemas de Informaci\u00f3n<\/strong>, que estar\u00e1 presidida por Jes\u00fas Salvador Aguilar Ruiz, director de la Escuela Polit\u00e9cnica Superior de la Universidad Pablo de Olavide.<\/p>\n<p>El padrino de la promoci\u00f3n ser\u00e1 Juan Antonio Ortega Ram\u00edrez, director del Centro Inform\u00e1tico Cient\u00edfico de Andaluc\u00eda (CICA). A la ceremonia tambi\u00e9n asistir\u00e1 Ra\u00fal Gir\u00e1ldez Rojo, subdirector de Ordenaci\u00f3n Acad\u00e9mica de la Escuela Polit\u00e9cnica Superior.<\/p>\n<p>Un total de 25 egresados han confirmado su asistencia, junto a sus familiares, a este acto con el que la Universidad Pablo de Olavide recupera una antigua tradici\u00f3n de las universidades europeas.<\/p>\n<p>&nbsp;<\/p>\n<p style=\"text-align: center;\"><strong>Programa de la Ceremonia Fin de Grado<\/strong><\/p>\n<p style=\"text-align: center;\">19 horas.<\/p>\n<p style=\"text-align: center;\">Paraninfo de la Universidad Pablo de Olavide<\/p>\n<p style=\"text-align: center;\">&#8211; Apertura del acto.<\/p>\n<p style=\"text-align: center;\">&#8211; Mensaje del padrino de la promoci\u00f3n: Juan Antonio Ortega Ram\u00edrez, director del Centro Inform\u00e1tico Cient\u00edfico de Andaluc\u00eda (CICA)<\/p>\n<p style=\"text-align: center;\">&#8211; Imposici\u00f3n de becas a los estudiantes.<\/p>\n<p style=\"text-align: center;\">&#8211; Intervenci\u00f3n de las representantes de los estudiantes: \u00c1ngel Crujera Mora<\/p>\n<p style=\"text-align: center;\">&#8211; Palabras y clausura del acto: Jes\u00fas Salvador Aguilar Ruiz, Director de la Escuela Polit\u00e9cnica Superior de la Universidad Pablo de Olavide<\/p>\n<p style=\"text-align: center;\">&#8211; Himno Universitario<\/p>\n","protected":false},"excerpt":{"rendered":"<p>La Universidad Pablo de Olavide celebra hoy jueves 10 de julio, a las 19 horas en el Paraninfo, la Ceremonia de Egresados de la primera promoci\u00f3n (2010\/2014) del grado en Ingenier\u00eda Inform\u00e1tica de Sistemas de Informaci\u00f3n, que estar\u00e1 presidida por Jes\u00fas Salvador Aguilar Ruiz, director de la Escuela Polit\u00e9cnica Superior de la Universidad Pablo de Olavide.<\/p>\n","protected":false},"author":8,"featured_media":0,"comment_status":"closed","ping_status":"open","sticky":false,"template":"","format":"standard","meta":{"_monsterinsights_skip_tracking":false,"_monsterinsights_sitenote_active":false,"_monsterinsights_sitenote_note":"","_monsterinsights_sitenote_category":0,"footnotes":""},"categories":[6],"tags":[581,1621,1622,1623,1552,1624],"class_list":["post-4700776","post","type-post","status-publish","format-standard","hentry","category-institucional","tag-ceremonia-de-egresados","tag-ingenieria-informatica-en-sistemas-de-informacion","tag-jesus-salvador-aguilar-ruiz","tag-juan-antonio-ortega-ramirez","tag-primera-promocion","tag-raul-giraldez-rojo"],"_links":{"self":[{"href":"https:\/\/www.upo.es\/diario\/wp-json\/wp\/v2\/posts\/4700776","targetHints":{"allow":["GET"]}}],"collection":[{"href":"https:\/\/www.upo.es\/diario\/wp-json\/wp\/v2\/posts"}],"about":[{"href":"https:\/\/www.upo.es\/diario\/wp-json\/wp\/v2\/types\/post"}],"author":[{"embeddable":true,"href":"https:\/\/www.upo.es\/diario\/wp-json\/wp\/v2\/users\/8"}],"replies":[{"embeddable":true,"href":"https:\/\/www.upo.es\/diario\/wp-json\/wp\/v2\/comments?post=4700776"}],"version-history":[{"count":3,"href":"https:\/\/www.upo.es\/diario\/wp-json\/wp\/v2\/posts\/4700776\/revisions"}],"predecessor-version":[{"id":4713207,"href":"https:\/\/www.upo.es\/diario\/wp-json\/wp\/v2\/posts\/4700776\/revisions\/4713207"}],"wp:attachment":[{"href":"https:\/\/www.upo.es\/diario\/wp-json\/wp\/v2\/media?parent=4700776"}],"wp:term":[{"taxonomy":"category","embeddable":true,"href":"https:\/\/www.upo.es\/diario\/wp-json\/wp\/v2\/categories?post=4700776"},{"taxonomy":"post_tag","embeddable":true,"href":"https:\/\/www.upo.es\/diario\/wp-json\/wp\/v2\/tags?post=4700776"}],"curies":[{"name":"wp","href":"https:\/\/api.w.org\/{rel}","templated":true}]}}