{"id":4716073,"date":"2014-07-11T00:01:01","date_gmt":"2014-07-11T00:01:01","guid":{"rendered":"https:\/\/www.upo.es\/diario\/?p=4716073"},"modified":"2014-07-11T12:49:10","modified_gmt":"2014-07-11T12:49:10","slug":"el-taller-sobre-la-reutilizacion-de-la-informacion-publica-cierra-el-curso-sobre-gobierno-abierto","status":"publish","type":"post","link":"https:\/\/www.upo.es\/diario\/institucional\/2014\/07\/el-taller-sobre-la-reutilizacion-de-la-informacion-publica-cierra-el-curso-sobre-gobierno-abierto\/","title":{"rendered":"El taller sobre la reutilizaci\u00f3n de la informaci\u00f3n p\u00fablica cierra el curso sobre Gobierno abierto"},"content":{"rendered":"<figure id=\"attachment_4713198\" aria-describedby=\"caption-attachment-4713198\" style=\"width: 320px\" class=\"wp-caption alignright\"><img loading=\"lazy\" decoding=\"async\" class=\"size-medium wp-image-4713198\" alt=\"Gr\u00e1fico: Armel Le Coz and Cyril Lage\" src=\"https:\/\/www.upo.es\/diario\/wp-content\/uploads\/2014\/07\/Open_government_schema-320x226.jpg\" width=\"320\" height=\"226\" srcset=\"https:\/\/www.upo.es\/diario\/wp-content\/uploads\/2014\/07\/Open_government_schema-320x226.jpg 320w, https:\/\/www.upo.es\/diario\/wp-content\/uploads\/2014\/07\/Open_government_schema.jpg 512w\" sizes=\"auto, (max-width: 320px) 100vw, 320px\" \/><figcaption id=\"caption-attachment-4713198\" class=\"wp-caption-text\">Gr\u00e1fico: Armel Le Coz and Cyril Lage<\/figcaption><\/figure>\n<p>Hoy, a las 12,00 horas en el aula 1 de la Casa Palacio de Los Briones, Jos\u00e9 F\u00e9lix Onta\u00f1\u00f3n, consultor independiente en Open Goverment, Open Data y Open Source y cofundador de OpenKratio, impartir\u00e1 el taller<strong> \u201cReutilizaci\u00f3n de la informaci\u00f3n p\u00fablica\u201d<\/strong> que cierra el curso de verano<strong> \u201cGobierno abierto y reutilizaci\u00f3n de la informaci\u00f3n p\u00fablica en el \u00e1mbito local\u201d<\/strong>. Previamente, a las 10,00 horas, Xavier Sancliment, experto en estrategia TIC, smartcity y desarrollo organizacional, adem\u00e1s de haber liderado el proyecto Gobierno Abierto de Tarrasa, ofrecer\u00e1 la ponencia <strong>\u201cOpen Data y transparencia en el \u00e1mbito local \u00bfAlgunos casos\u2026de \u00e9xito?\u201d.<\/strong><\/p>\n<p>Asimismo, se clausurar\u00e1 el<strong> \u201cCurso intensivo de lenguaje yihadista. C\u00f3mo detectar un posible perfil terrorista a trav\u00e9s del lenguaje \u00e1rabe hablado y el lenguaje no hablado\u201d<\/strong> con un programa que incluye dos conferencias impartidas por la coordinadora y docente de este seminario Hanan Saleh Hussein, profesora del \u00e1rea de Estudios \u00c1rabes e Isl\u00e1micos del Departamento de Filolog\u00eda y Traducci\u00f3n de la Universidad Pablo de Olavide. En primer lugar, a las 9,00 horas en el Hotel Alc\u00e1zar de la Reina, se abordar\u00e1n diversos temas del lenguaje como expresiones relacionadas con el Cor\u00e1n, los t\u00e9rminos que utilizan el musulm\u00e1n practicante, el lenguaje de los conversos o la terminolog\u00eda que utilizan cuando se refieren a occidente y a los occidentales. Posteriormente, a las 12,00 horas los contenidos que se analizar\u00e1n versar\u00e1n sobre el aspecto f\u00edsico y la vestimenta del yihadista seg\u00fan el \u00e1mbito geogr\u00e1fico, la indumentaria de las mujeres de los yihadistas o la utilizaci\u00f3n del teclado con graf\u00eda \u00e1rabe.<\/p>\n<p>Por \u00faltimo, tambi\u00e9n finaliza\u00a0 el curso <strong>\u201cLa cata del aceite de oliva virgen extra. Usos y maridaje\u201d<\/strong>. En esta \u00faltima jornada, Fernando Mart\u00ednez, jefe del Panel de Cata del Instituto de la Grasa, har\u00e1 un \u201cRecorrido por las D.O. del aceite de oliva\u201d. Esta conferencia se celebrar\u00e1 de 10 a 14 horas en el Hotel Alc\u00e1zar de la Reina.<\/p>\n","protected":false},"excerpt":{"rendered":"<p>Hoy, a las 12,00 horas en el aula 1 de la Casa Palacio de Los Briones, Jos\u00e9 F\u00e9lix Onta\u00f1\u00f3n, consultor independiente en Open Goverment, Open Data y Open Source y cofundador de OpenKratio, impartir\u00e1 el taller \u201cReutilizaci\u00f3n de la informaci\u00f3n p\u00fablica\u201d que cierra el curso de verano \u201cGobierno abierto y reutilizaci\u00f3n de la informaci\u00f3n p\u00fablica en el \u00e1mbito local\u201d. Previamente, a las 10,00 horas, Xavier Sancliment, experto en estrategia TIC, smartcity y desarrollo organizacional, adem\u00e1s de haber liderado el proyecto Gobierno Abierto de Tarrasa, ofrecer\u00e1 la ponencia \u201cOpen Data y transparencia en el \u00e1mbito local \u00bfAlgunos casos\u2026de \u00e9xito?\u201d.<\/p>\n","protected":false},"author":9,"featured_media":0,"comment_status":"closed","ping_status":"open","sticky":false,"template":"","format":"standard","meta":{"_monsterinsights_skip_tracking":false,"_monsterinsights_sitenote_active":false,"_monsterinsights_sitenote_note":"","_monsterinsights_sitenote_category":0,"footnotes":""},"categories":[6],"tags":[23,141,22,277,519],"class_list":["post-4716073","post","type-post","status-publish","format-standard","hentry","category-institucional","tag-carmona","tag-curso","tag-cursos-de-verano","tag-gobierno-abierto","tag-olavide-en-carmona"],"_links":{"self":[{"href":"https:\/\/www.upo.es\/diario\/wp-json\/wp\/v2\/posts\/4716073","targetHints":{"allow":["GET"]}}],"collection":[{"href":"https:\/\/www.upo.es\/diario\/wp-json\/wp\/v2\/posts"}],"about":[{"href":"https:\/\/www.upo.es\/diario\/wp-json\/wp\/v2\/types\/post"}],"author":[{"embeddable":true,"href":"https:\/\/www.upo.es\/diario\/wp-json\/wp\/v2\/users\/9"}],"replies":[{"embeddable":true,"href":"https:\/\/www.upo.es\/diario\/wp-json\/wp\/v2\/comments?post=4716073"}],"version-history":[{"count":7,"href":"https:\/\/www.upo.es\/diario\/wp-json\/wp\/v2\/posts\/4716073\/revisions"}],"predecessor-version":[{"id":4731918,"href":"https:\/\/www.upo.es\/diario\/wp-json\/wp\/v2\/posts\/4716073\/revisions\/4731918"}],"wp:attachment":[{"href":"https:\/\/www.upo.es\/diario\/wp-json\/wp\/v2\/media?parent=4716073"}],"wp:term":[{"taxonomy":"category","embeddable":true,"href":"https:\/\/www.upo.es\/diario\/wp-json\/wp\/v2\/categories?post=4716073"},{"taxonomy":"post_tag","embeddable":true,"href":"https:\/\/www.upo.es\/diario\/wp-json\/wp\/v2\/tags?post=4716073"}],"curies":[{"name":"wp","href":"https:\/\/api.w.org\/{rel}","templated":true}]}}