{"id":4774629,"date":"2014-07-14T08:51:38","date_gmt":"2014-07-14T08:51:38","guid":{"rendered":"https:\/\/www.upo.es\/diario\/?p=4774629"},"modified":"2014-07-14T08:51:38","modified_gmt":"2014-07-14T08:51:38","slug":"ceremonia-de-egresados-de-la-segunda-promocion-del-grado-en-ciencias-ambientales-de-la-upo","status":"publish","type":"post","link":"https:\/\/www.upo.es\/diario\/institucional\/2014\/07\/ceremonia-de-egresados-de-la-segunda-promocion-del-grado-en-ciencias-ambientales-de-la-upo\/","title":{"rendered":"Ceremonia de Egresados de la segunda promoci\u00f3n del grado en Ciencias Ambientales de la UPO"},"content":{"rendered":"<p><a href=\"https:\/\/www.upo.es\/diario\/wp-content\/uploads\/2014\/07\/140711-UPO_269.jpg\"><img loading=\"lazy\" decoding=\"async\" class=\"alignright size-medium wp-image-4775890\" alt=\"140711-UPO_269\" src=\"https:\/\/www.upo.es\/diario\/wp-content\/uploads\/2014\/07\/140711-UPO_269-320x213.jpg\" width=\"320\" height=\"213\" srcset=\"https:\/\/www.upo.es\/diario\/wp-content\/uploads\/2014\/07\/140711-UPO_269-320x213.jpg 320w, https:\/\/www.upo.es\/diario\/wp-content\/uploads\/2014\/07\/140711-UPO_269-600x399.jpg 600w, https:\/\/www.upo.es\/diario\/wp-content\/uploads\/2014\/07\/140711-UPO_269.jpg 1000w\" sizes=\"auto, (max-width: 320px) 100vw, 320px\" \/><\/a>La Ceremonia de Egresados de la segunda promoci\u00f3n (2010\/2014) del grado en Ciencias Ambientales se celebr\u00f3 el pasado viernes en la Universidad Pablo de Olavide, presidida por Antonio Gallardo Correa, decano de la Facultad de Ciencias Experimentales.<\/p>\n<p>El padrino de la promoci\u00f3n fue Manuel Barrera Viera, presidente del Colegio Profesional de Licenciados y Graduados en Ciencias Ambientales de Andaluc\u00eda. A la ceremonia tambi\u00e9n asistieron Enrique Ramos G\u00f3mez, profesor del Departamento de Biolog\u00eda Molecular e Ingenier\u00eda Bioqu\u00edmica; M\u00aa Pilar Ort\u00edz Calder\u00f3n, profesora del Departamento de Sistemas F\u00edsicos, Qu\u00edmicos y Naturales, e I\u00f1igo Pulgar Sa\u00f1ado, profesor del Departamento de Biolog\u00eda Molecular e Ingenier\u00eda Bioqu\u00edmica. Los representantes de los estudiantes fueron Antonio Jes\u00fas Riquelme Exp\u00f3sito y Layla M\u00e1rquez San Emeterio.<\/p>\n<figure id=\"attachment_477589\" aria-describedby=\"caption-attachment-477589\" style=\"width: 320px\" class=\"wp-caption alignright\"><a href=\"https:\/\/www.upo.es\/diario\/wp-content\/uploads\/2014\/07\/140711-UPO_418.jpg\"><img loading=\"lazy\" decoding=\"async\" class=\"size-medium wp-image-4775891\" alt=\"140711-UPO_418\" src=\"https:\/\/www.upo.es\/diario\/wp-content\/uploads\/2014\/07\/140711-UPO_418-320x213.jpg\" width=\"320\" height=\"213\" srcset=\"https:\/\/www.upo.es\/diario\/wp-content\/uploads\/2014\/07\/140711-UPO_418-320x213.jpg 320w, https:\/\/www.upo.es\/diario\/wp-content\/uploads\/2014\/07\/140711-UPO_418-600x399.jpg 600w, https:\/\/www.upo.es\/diario\/wp-content\/uploads\/2014\/07\/140711-UPO_418.jpg 1000w\" sizes=\"auto, (max-width: 320px) 100vw, 320px\" \/><\/a><figcaption id=\"caption-attachment-477589\" class=\"wp-caption-text\">Promoci\u00f3n 2010-14 del grado en Ciencias Ambientales<\/figcaption><\/figure>\n<p>Un total de 78 egresados asistieron junto a sus familiares, a este acto con el que la Universidad Pablo de Olavide recupera una antigua tradici\u00f3n de las universidades europeas.<\/p>\n","protected":false},"excerpt":{"rendered":"<p>La Ceremonia de Egresados de la segunda promoci\u00f3n (2010\/2014) del grado en Ciencias Ambientales se celebr\u00f3 el pasado viernes en la Universidad Pablo de Olavide, presidida por Antonio Gallardo Correa, decano de la Facultad de Ciencias Experimentales.<\/p>\n","protected":false},"author":8,"featured_media":0,"comment_status":"closed","ping_status":"open","sticky":false,"template":"","format":"standard","meta":{"_monsterinsights_skip_tracking":false,"_monsterinsights_sitenote_active":false,"_monsterinsights_sitenote_note":"","_monsterinsights_sitenote_category":0,"footnotes":""},"categories":[6],"tags":[1635,581,1637,122,1654,1639,1638,1636],"class_list":["post-4774629","post","type-post","status-publish","format-standard","hentry","category-institucional","tag-antonio-gallardo-correa","tag-ceremonia-de-egresados","tag-enrique-ramos-gomez","tag-facultad-ciencias-experimentales","tag-grado-en-ciencias-ambientales","tag-inigo-pulgar-sanado","tag-m-pilar-ortiz-calderon","tag-manuel-barrera-viera"],"_links":{"self":[{"href":"https:\/\/www.upo.es\/diario\/wp-json\/wp\/v2\/posts\/4774629","targetHints":{"allow":["GET"]}}],"collection":[{"href":"https:\/\/www.upo.es\/diario\/wp-json\/wp\/v2\/posts"}],"about":[{"href":"https:\/\/www.upo.es\/diario\/wp-json\/wp\/v2\/types\/post"}],"author":[{"embeddable":true,"href":"https:\/\/www.upo.es\/diario\/wp-json\/wp\/v2\/users\/8"}],"replies":[{"embeddable":true,"href":"https:\/\/www.upo.es\/diario\/wp-json\/wp\/v2\/comments?post=4774629"}],"version-history":[{"count":1,"href":"https:\/\/www.upo.es\/diario\/wp-json\/wp\/v2\/posts\/4774629\/revisions"}],"predecessor-version":[{"id":4775892,"href":"https:\/\/www.upo.es\/diario\/wp-json\/wp\/v2\/posts\/4774629\/revisions\/4775892"}],"wp:attachment":[{"href":"https:\/\/www.upo.es\/diario\/wp-json\/wp\/v2\/media?parent=4774629"}],"wp:term":[{"taxonomy":"category","embeddable":true,"href":"https:\/\/www.upo.es\/diario\/wp-json\/wp\/v2\/categories?post=4774629"},{"taxonomy":"post_tag","embeddable":true,"href":"https:\/\/www.upo.es\/diario\/wp-json\/wp\/v2\/tags?post=4774629"}],"curies":[{"name":"wp","href":"https:\/\/api.w.org\/{rel}","templated":true}]}}