{"id":4777830,"date":"2014-07-15T00:05:14","date_gmt":"2014-07-15T00:05:14","guid":{"rendered":"https:\/\/www.upo.es\/diario\/?p=4777830"},"modified":"2014-07-16T07:24:57","modified_gmt":"2014-07-16T07:24:57","slug":"la-mediacion-de-conflictos-a-traves-de-la-creatividad-y-la-magia-hoy-en-los-cursos-de-verano","status":"publish","type":"post","link":"https:\/\/www.upo.es\/diario\/institucional\/2014\/07\/la-mediacion-de-conflictos-a-traves-de-la-creatividad-y-la-magia-hoy-en-los-cursos-de-verano\/","title":{"rendered":"La mediaci\u00f3n de conflictos a trav\u00e9s de la creatividad y la magia, hoy en los Cursos de verano"},"content":{"rendered":"<p>Dos talleres pr\u00e1cticos en los que se trabajar\u00e1n t\u00e9cnicas de negociaci\u00f3n y habilidades relacionadas con la interpretaci\u00f3n y la magia son parte de la programaci\u00f3n del curso de verano <strong>\u201cTaller sobre casos pr\u00e1cticos y habilidades en mediaci\u00f3n\u201d<\/strong>, coordinado por Javier Al\u00e9s Sioli, profesor del departamento de Derecho P\u00fablico de la Universidad Pablo de Olavide. En concreto, la jornada de hoy se iniciar\u00e1 a las 10,00 horas en el aula 5 de la Casa Palacio de Los Briones con la conferencia \u201cHaciendo un traje a medida en mediaci\u00f3n\u201d, impartida por el profesor Juan Diego Mata, mediador profesional, coordinador del M\u00e1ster en Mediaci\u00f3n de la UPO y docente de la Escuela Sevillana de Mediaci\u00f3n. Posteriormente, a las 12,00 horas comenzar\u00e1 el primero de los talleres \u201cEntrenamiento personal en mediaci\u00f3n en clave de clown\u201d que estar\u00e1 a cargo de Daniel Bargall\u00f3, actor y clown de la compa\u00f1\u00eda teatral El calvo invita y por la tarde, a las 16,00 horas, ser\u00e1 el turno de Mario S\u00e1nchez, psic\u00f3logo, mentalista y presidente de la Asociaci\u00f3n de Magos quien hablar\u00e1 sobre \u201cLa magia en mediaci\u00f3n: generando opciones\u201d.<\/p>\n<p>Por otro lado,\u00a0 tambi\u00e9n continuar\u00e1 en Carmona el curso <strong>\u201cHabla\u2026bla\u2026blabla. Aprende a hablar mejor: convence y persuade\u201d<\/strong>, coordinado por Antonio Mart\u00edn S\u00e1nchez, director general de Con Acento, Debate y Comunicaci\u00f3n, S.L. Este seminario se abrir\u00e1 a las 9,00 horas con la conferencia \u201cHablando con n\u00fameros. C\u00f3mo introducir datos correctamente en el discurso\u201d impartida por Alberto Barco Moreno, socio de Con Acento, Detabe y Comunicaci\u00f3n. Una hora m\u00e1s tarde, ser\u00e1 el turno del director acad\u00e9mico que ofrecer\u00e1 la ponencia \u201cContar una historia. Contar tu historia\u201d y a las 11,00 horas intervendr\u00e1 Luis Rull, director de EventoBlogEspa\u00f1a (EBE) que abordar\u00e1 las \u201cHerramientas y efectos visuales al servicio de la idea\u201d. La jornada matutina finalizar\u00e1 a las 12,30 horas con el taller \u201cIntroducci\u00f3n al debate de comepetici\u00f3n\u201d que estar\u00e1 dirigido por Pablo del R\u00edo, director de Formaci\u00f3n de Con Acento, Debate y Comunicaci\u00f3n. Este \u00faltimo ponente ser\u00e1 tambi\u00e9n el encargado de abrir la programaci\u00f3n de tarde con la conferencia \u201cC\u00f3mo preparar un tema\u201d a las 16,00 horas. Este seminario, que tendr\u00e1 lugar en el aula 6 de la Casa Palacio de Los Briones, finalizar\u00e1 con dos talleres a las 17,00 y a las 18,00 horas en los que se celebrar\u00e1 la fase de grupos y las semifinales del torneo de debate. En el primero de ellos los jueces ser\u00e1n Antonio Mart\u00edn, Alberto Marco y Zahara Gordillo y en el segundo, Alberto Arteaga, Jos\u00e9 Carlos Jariego y Pablo del R\u00edo.<\/p>\n<p>Por su parte, el curso sobre <strong>\u201cTraducci\u00f3n multimodal accesible: audiodescripci\u00f3n para ciegos y subtitulaci\u00f3n para sordos\u201d<\/strong> comenzar\u00e1 a las 9:30 horas en el aula 4 de la Casa Palacio de Los Briones con la conferencia \u201cQu\u00e9 y c\u00f3mo se audiodescribe en cine\u201d impartida por el profesor de la Universidad Pablo de Olavide, Antonio Javier Chica y continuar\u00e1 a las 11,00 horas con la ponencia \u201cEstrategias de traducci\u00f3n en AD\u201d que estar\u00e1 a cargo de la profesora de la Universidad de Granada, Juncal Guti\u00e9rrez. M\u00e1s tarde, a las 12,30 horas est\u00e1 programado el taller \u201cPr\u00e1cticas de AD con pel\u00edculas\u201d que estar\u00e1 dirigido por la directora acad\u00e9mica del seminario y profesora de la UPO, Silvia Mart\u00ednez y por el profesor Antonio Javier Chica. Por la tarde, se celebrar\u00e1n dos conferencias, ambas impartidas por la coordinadora del curso, Silvia Mart\u00ednez: la primera a las 16,00 horas denominada \u201cIntroducci\u00f3n a la subtitulaci\u00f3n. Tipos de subtitulado, normas y aproximaci\u00f3n hist\u00f3rica\u201d y a las 17,00 horas, la ponencia \u201c\u00bfC\u00f3mo se subtitula? Estrategias\u201d.<\/p>\n<p>Otro de los cursos que prosigue es el de<strong> \u201cIntroducci\u00f3n al m\u00e9todo Pilates\u201d<\/strong> que comenzar\u00e1 a las 10,00 horas con la segunda parte de la conferencia \u201cPrincipios biomec\u00e1nicos aplicados al movimiento\u201d impartida por \u00c1frica Hidalgo, coordinadora del seminario y Ainara Mart\u00ednez, entrenadora personal y directora y docente de la escuela de formaci\u00f3n Energ\u00eda Pilates. Posteriormente, a las 13,00 horas tendr\u00e1 lugar la ponencia \u201cEl suelo p\u00e9lvico\u201d que ser\u00e1 ofrecida por Cristina Benjumea, encargada de la Unidad de Linfedema y de la Unidad de Drenaje Linf\u00e1tico Manual del Centro de Rehabilitaci\u00f3n Arboleda-Ortega en Sevilla Este y del Centro de Fisioterapia Antonio Rold\u00e1n, respectivamente. Por la tarde, a las 16,30 horas, se celebrar\u00e1 un taller donde poner en pr\u00e1ctica los conocimientos de esta \u00faltima conferencia titulado \u201cTeor\u00eda y pr\u00e1ctica del suelo p\u00e9lvico\u201d en el que intervendr\u00e1n de nuevo Cristina Benjumea y Ainara Mart\u00ednez. Todo este seminario se desarrollar\u00e1 en el Hotel Alc\u00e1zar de la Reina de Carmona.<\/p>\n<p>Por \u00faltimo, Rafael V\u00e1zquez Vega, experto en coaching pol\u00edtico y ejecutivo, ser\u00e1 el encargado de abrir el curso <strong>\u201cAplicaci\u00f3n del coaching a la actividad pol\u00edtica\u201d<\/strong>, coordinado por Samantha Mu\u00f1oz Vera del Instituto de Coaching y Liderazgo, con la conferencia \u201cCoaching pol\u00edtico: El poder de las conversaciones\u201d a las 9,00 horas en el aula 2 de la Casa Palacio de Los Briones. A continuaci\u00f3n, a las 11,30 horas, la directora acad\u00e9mica hablar\u00e1 sobre \u201cNuevas herramientas de comunicaci\u00f3n\u201d. La jornada\u00a0 finalizar\u00e1 a las 16,00 horas con una conferencia y un taller bajo el t\u00edtulo \u201cEl arte de liderar con tus \u00a0emociones\u201d que estar\u00e1 a cargo de Bel\u00e9n Laguna Navarro, licenciada en Psicolog\u00eda y certificada en Coaching Ejecutivo por AECOP.<\/p>\n<p>&nbsp;<\/p>\n<p>&nbsp;<\/p>\n<p>&nbsp;<\/p>\n","protected":false},"excerpt":{"rendered":"<p>Dos talleres pr\u00e1cticos en los que se trabajar\u00e1n t\u00e9cnicas de negociaci\u00f3n y habilidades relacionadas con la interpretaci\u00f3n y la magia son parte de la programaci\u00f3n del curso de verano \u201cTaller sobre casos pr\u00e1cticos y habilidades en mediaci\u00f3n\u201d, coordinado por Javier Al\u00e9s Sioli, profesor del departamento de Derecho P\u00fablico de la Universidad Pablo de Olavide. En concreto, la jornada de hoy se iniciar\u00e1 a las 10,00 horas en el aula 5 de la Casa Palacio de Los Briones con la conferencia \u201cHaciendo un traje a medida en mediaci\u00f3n\u201d, impartida por el profesor Juan Diego Mata, mediador profesional, coordinador del M\u00e1ster en Mediaci\u00f3n de la UPO y docente de la Escuela Sevillana de Mediaci\u00f3n. <\/p>\n","protected":false},"author":9,"featured_media":0,"comment_status":"closed","ping_status":"open","sticky":false,"template":"","format":"standard","meta":{"_monsterinsights_skip_tracking":false,"_monsterinsights_sitenote_active":false,"_monsterinsights_sitenote_note":"","_monsterinsights_sitenote_category":0,"footnotes":""},"categories":[6],"tags":[23,22,491],"class_list":["post-4777830","post","type-post","status-publish","format-standard","hentry","category-institucional","tag-carmona","tag-cursos-de-verano","tag-upo"],"_links":{"self":[{"href":"https:\/\/www.upo.es\/diario\/wp-json\/wp\/v2\/posts\/4777830","targetHints":{"allow":["GET"]}}],"collection":[{"href":"https:\/\/www.upo.es\/diario\/wp-json\/wp\/v2\/posts"}],"about":[{"href":"https:\/\/www.upo.es\/diario\/wp-json\/wp\/v2\/types\/post"}],"author":[{"embeddable":true,"href":"https:\/\/www.upo.es\/diario\/wp-json\/wp\/v2\/users\/9"}],"replies":[{"embeddable":true,"href":"https:\/\/www.upo.es\/diario\/wp-json\/wp\/v2\/comments?post=4777830"}],"version-history":[{"count":7,"href":"https:\/\/www.upo.es\/diario\/wp-json\/wp\/v2\/posts\/4777830\/revisions"}],"predecessor-version":[{"id":4804825,"href":"https:\/\/www.upo.es\/diario\/wp-json\/wp\/v2\/posts\/4777830\/revisions\/4804825"}],"wp:attachment":[{"href":"https:\/\/www.upo.es\/diario\/wp-json\/wp\/v2\/media?parent=4777830"}],"wp:term":[{"taxonomy":"category","embeddable":true,"href":"https:\/\/www.upo.es\/diario\/wp-json\/wp\/v2\/categories?post=4777830"},{"taxonomy":"post_tag","embeddable":true,"href":"https:\/\/www.upo.es\/diario\/wp-json\/wp\/v2\/tags?post=4777830"}],"curies":[{"name":"wp","href":"https:\/\/api.w.org\/{rel}","templated":true}]}}